{"id":612995,"date":"2025-12-21T03:27:22","date_gmt":"2025-12-21T03:27:22","guid":{"rendered":"https:\/\/www.europesays.com\/fr\/612995\/"},"modified":"2025-12-21T03:27:22","modified_gmt":"2025-12-21T03:27:22","slug":"brigitte-mylene-michele-le-glamour-des-sixties-sinstalle-a-nice","status":"publish","type":"post","link":"https:\/\/www.europesays.com\/fr\/612995\/","title":{"rendered":"Brigitte, Myl\u00e8ne &#038; Mich\u00e8le \u2013 Le Glamour des Sixties s\u2019installe \u00e0 Nice !"},"content":{"rendered":"<p>\ud83c\udfac Le Feed :<\/p>\n<p>Exposition Nice : Brigitte Bardot, Myl\u00e8ne Demongeot et Mich\u00e8le Mercier \u00e0 l\u2019Espace Lympia \u2013 Le Cin\u00e9ma des Ann\u00e9es 60 \u00e0 l\u2019honneur<\/p>\n<p><b>Les \u00ab\u00a0Petites Ch\u00e9ries\u00a0\u00bb de la C\u00f4te d\u2019Azur \ud83c\udf34<\/b><\/p>\n<p>C\u2019est l\u2019\u00e9v\u00e9nement culturel \u00e0 ne pas manquer sur la C\u00f4te d\u2019Azur ! Vu sur la page Facebook Nice avec Passion : l\u2019histoire du cin\u00e9ma et du glamour s\u2019invite sur le port. L\u2019<b>Espace culturel Lympia<\/b> ouvre ses portes d\u00e8s demain, samedi, pour le vernissage d\u2019une exposition exceptionnelle : <b>\u201cBrigitte, Myl\u00e8ne &amp; Mich\u00e8le \u2013 Les petites ch\u00e9ries de la C\u00f4te d\u2019Azur !\u201d<\/b><\/p>\n<p>L\u2019exposition rend un vibrant hommage \u00e0 trois ic\u00f4nes : <b>Brigitte Bardot<\/b>, <b>Myl\u00e8ne Demongeot<\/b> et <b>Mich\u00e8le Mercier<\/b>. Plus que de simples actrices, elles sont les symboles d\u2019une \u00e9poque de r\u00e9invention culturelle. Par leur charme et leur audace, elles ont impos\u00e9 dans les ann\u00e9es 60 un nouveau mod\u00e8le de femme : libre, sensuelle et r\u00e9solument moderne.<\/p>\n<p>Une R\u00e9volution Culturelle sous le Soleil de la Riviera \u2600\ufe0f<\/p>\n<p>Imagin\u00e9e par le journaliste et \u00e9crivain <b>Henry-Jean Servat<\/b>, commissaire de l\u2019exposition, cette r\u00e9trospective nous plonge dans l\u2019intimit\u00e9 et le rayonnement de ces stars :<\/p>\n<ul>\n<li><b>Archives in\u00e9dites :<\/b> Photos, extraits de films et affiches d\u2019\u00e9poque.<\/li>\n<li><b>Le d\u00e9cor azur\u00e9en :<\/b> L\u2019exposition montre comment la C\u00f4te d\u2019Azur, ses plages et ses festivals, est devenue le berceau de cette r\u00e9volution culturelle.<\/li>\n<\/ul>\n<p><b>Le petit plus :<\/b> L\u2019exposition se tient jusqu\u2019au <b>12 avril<\/b> et elle est <b>enti\u00e8rement gratuite<\/b> ! Une occasion id\u00e9ale pour red\u00e9couvrir l\u2019\u00e9l\u00e9gance mythique de notre r\u00e9gion.<\/p>\n<p><b>\ud83c\udf99 LE MORNING MADE IN MONTE CARLO<\/b><br \/>Avec <b>L\u00e9o Barraband, Giulia Testaverde et Marie Marquet<\/b><\/p>\n<p>\ud83d\udd55 Du lundi au vendredi, de 6h \u00e0 9h<\/p>\n<p>\ud83d\udcf0 <b>Actualit\u00e9s<\/b> &amp; infos locales<br \/>\u2728 <b>Horoscope \u00ab Les \u00e9toil\u00e9s \u00bb<\/b><br \/>\ud83c\udf1f <b>Le Feed<\/b> : l\u2019actu trendy de la C\u00f4te et de Monaco<br \/>\ud83c\udff0 <b>L\u2019\u00c9cho du Rocher<\/b> : tout sur la Principaut\u00e9<br \/>\ud83c\udfb6 <b>Top Streaming<\/b> : le tour du monde en musique<br \/>\u2764\ufe0f <b>Crush Music<\/b> : nos coups de c\u0153ur du moment<br \/>\ud83c\udfa7 <b>Be Curious<\/b> : pop culture, tendances et d\u00e9couvertes<br \/>\ud83e\uddd8 <b>Instant Feel Good<\/b> : \u00e9nergie, s\u00e9r\u00e9nit\u00e9 et bonne humeur pour d\u00e9marrer la journ\u00e9e<\/p>\n<p><a href=\"https:\/\/radio-monaco.com\/\" target=\"_blank\" rel=\"noopener\"><b>\ud83c\udf99 LE MORNING MADE IN MONTE CARLO <\/b><\/a><\/p>\n<p>H\u00e9berg\u00e9 par Ausha. Visitez <a href=\"https:\/\/ausha.co\/politique-de-confidentialite\" target=\"_blank\" rel=\"noopener\">ausha.co\/politique-de-confidentialite<\/a> pour plus d\u2019informations.<\/p>\n<p class=\"proradio-tags\">\n\t\t\t\t\t\t\t\t\t\t<a href=\"https:\/\/radio-monaco.com\/podcastfilter\/le-morning\/\" class=\"proradio-catid-6\" target=\"_blank\" rel=\"noopener\">LE MORNING<\/a><a href=\"https:\/\/radio-monaco.com\/tag\/le-feed\/\" rel=\"tag noopener\" target=\"_blank\">le feed<\/a>\t\t\t\t\t\t\t\t\t\t<\/p>\n","protected":false},"excerpt":{"rendered":"\ud83c\udfac Le Feed : Exposition Nice : Brigitte Bardot, Myl\u00e8ne Demongeot et Mich\u00e8le Mercier \u00e0 l\u2019Espace Lympia \u2013&hellip;\n","protected":false},"author":2,"featured_media":452134,"comment_status":"","ping_status":"","sticky":false,"template":"","format":"standard","meta":{"footnotes":""},"categories":[2819],"tags":[1111,11,1777,674,1011,27,12,2401,882,25],"class_list":{"0":"post-612995","1":"post","2":"type-post","3":"status-publish","4":"format-standard","5":"has-post-thumbnail","7":"category-nice","8":"tag-actu","9":"tag-actualites","10":"tag-eu","11":"tag-europe","12":"tag-fr","13":"tag-france","14":"tag-news","15":"tag-nice","16":"tag-provence-alpes-cote-dazur","17":"tag-republique-francaise"},"share_on_mastodon":{"url":"https:\/\/pubeurope.com\/@fr\/115755433586901309","error":""},"_links":{"self":[{"href":"https:\/\/www.europesays.com\/fr\/wp-json\/wp\/v2\/posts\/612995","targetHints":{"allow":["GET"]}}],"collection":[{"href":"https:\/\/www.europesays.com\/fr\/wp-json\/wp\/v2\/posts"}],"about":[{"href":"https:\/\/www.europesays.com\/fr\/wp-json\/wp\/v2\/types\/post"}],"author":[{"embeddable":true,"href":"https:\/\/www.europesays.com\/fr\/wp-json\/wp\/v2\/users\/2"}],"replies":[{"embeddable":true,"href":"https:\/\/www.europesays.com\/fr\/wp-json\/wp\/v2\/comments?post=612995"}],"version-history":[{"count":0,"href":"https:\/\/www.europesays.com\/fr\/wp-json\/wp\/v2\/posts\/612995\/revisions"}],"wp:featuredmedia":[{"embeddable":true,"href":"https:\/\/www.europesays.com\/fr\/wp-json\/wp\/v2\/media\/452134"}],"wp:attachment":[{"href":"https:\/\/www.europesays.com\/fr\/wp-json\/wp\/v2\/media?parent=612995"}],"wp:term":[{"taxonomy":"category","embeddable":true,"href":"https:\/\/www.europesays.com\/fr\/wp-json\/wp\/v2\/categories?post=612995"},{"taxonomy":"post_tag","embeddable":true,"href":"https:\/\/www.europesays.com\/fr\/wp-json\/wp\/v2\/tags?post=612995"}],"curies":[{"name":"wp","href":"https:\/\/api.w.org\/{rel}","templated":true}]}}