{"id":612996,"date":"2025-12-21T03:28:30","date_gmt":"2025-12-21T03:28:30","guid":{"rendered":"https:\/\/www.europesays.com\/fr\/612996\/"},"modified":"2025-12-21T03:28:30","modified_gmt":"2025-12-21T03:28:30","slug":"a-nice-brigitte-bardot-mylene-demongeot-et-michele-mercier-trois-stars-aux-destins-teintes-de-cote-dazur-vedettes-dune-nouvelle-expo","status":"publish","type":"post","link":"https:\/\/www.europesays.com\/fr\/612996\/","title":{"rendered":"\u00e0 Nice, Brigitte Bardot, Myl\u00e8ne Demongeot et Mich\u00e8le Mercier, trois stars aux destins teint\u00e9s de C\u00f4te d\u2019Azur, vedettes d\u2019une nouvelle expo"},"content":{"rendered":"<p class=\"fs-5 \">Une exposition au go\u00fbt de fruit d\u00e9fendu, au parfum de paradis perdu, et ancr\u00e9e cependant dans le pr\u00e9sent. Telle est en substance la teneur des <strong>Petites ch\u00e9ries de la C\u00f4te d&rsquo;Azur<\/strong>, autrement dit <strong>Brigitte Bardot, Myl\u00e8ne Demongeot <\/strong>et <strong>Mich\u00e8le Mercier<\/strong>, d\u00e9voil\u00e9e ce samedi par<a href=\"https:\/\/www.nicematin.com\/culture\/l-hommage-d-henry-jean-servat-a-michele-mercier-a-cannes-10655368\" target=\"_blank\" rel=\"noopener\"> Henry-Jean Servat, commissaire de cette exposition<\/a>, lors de son vernissage \u00e0 l\u2019espace culturel d\u00e9partemental Lympia \u00e0 Nice. Une exposition qui se poursuivra <strong>jusqu\u2019au 12 avril 2026<\/strong>.<\/p>\n<p>                                                                                Trois danseuses aux pieds nus<\/p>\n<p class=\"fs-5 \">Un zeste de fruit d\u00e9fendu, donc : si le futur expert du 7e art n\u2019avait entendu, durant ses jeunes ann\u00e9es, un chanoine exhorter ses ouailles \u00e0 ne jamais aller voir les films de B. B., il n\u2019aurait pas \u00e9prouv\u00e9 l\u2019irr\u00e9sistible envie de d\u00e9couvrir sa blondeur sulfureuse dans les salles obscures. De contempler cette h\u00e9ro\u00efne dansant pieds nus cheveux aux vents et \u00ab poitrine p\u00e9tant aux \u00e9toiles \u00bb avec un homme noir, \u00e0 l\u2019instar d\u2019ailleurs de Mich\u00e8le Mercier et de Myl\u00e8ne Demongeot, qui aspiraient toutes trois davantage \u00e0 devenir des \u00e9toiles de la danse que du cin\u00e9ma.<\/p>\n<p class=\"fs-5 \">Comme le rappellent des <strong>extraits de film diffus\u00e9s<\/strong> dans le parcours de l\u2019exposition.<\/p>\n<p class=\"fs-5 \">D\u2019incandescentes cr\u00e9atures qui ont bris\u00e9 ainsi tous les tabous et rel\u00e9gu\u00e9 les anciens sex-symbols au rang de dames couvertes de vison et aux permanentes crant\u00e9es. En incarnant une libert\u00e9 et une gr\u00e2ce bienvenues au lendemain de la guerre d\u2019Alg\u00e9rie, cette p\u00e9riode enchant\u00e9e o\u00f9 le Sida n\u2019avait pas encore fait son apparition.<\/p>\n<p>        <img src=\"https:\/\/www.europesays.com\/fr\/wp-content\/uploads\/2025\/11\/1764291433_393_b70505f_upload-from-url-1-ivttfaqqvjjf-data-art-16662168.jpg\"   loading=\"lazy\" decoding=\"async\" alt=\"Au bar Le Gorille, No\u00ebl et B\u00e9n\u00e9dicte \u00e9voquent leurs souvenirs de Brigitte Bardot. \" class=\"img-fluid position-absolute w-100 object-fit-cover rounded-2\" width=\"600\" height=\"400\"\/><\/p>\n<p>                                                                                <strong>Le costume \u00ab\u00a0d\u2019Ang\u00e9lique marquise des anges\u00a0\u00bb<\/strong><\/p>\n<p class=\"fs-5 \">Une \u00e9poque o\u00f9 le glamour \u00e9tait toujours de mise, comme en t\u00e9moignent les somptueuses tenues, <strong>du costume d\u2019Ang\u00e9lique marquise des anges \u00e0 la robe de mari\u00e9e de Myl\u00e8ne Demongeot<\/strong>, pr\u00e9sent\u00e9es dans cette exposition. O\u00f9 parmi les innombrables photos, prises sur le vif ou pos\u00e9es dans les mythiques studios Harcourt, affiches d\u00e9dicac\u00e9es, bustes de Marianne, peintures sur toiles et autres objets provenant de pr\u00eats divers ou d\u2019archives personnelles, on d\u00e9couvre de v\u00e9ritables raret\u00e9s.<\/p>\n<p class=\"fs-5 \">Telle cette \u0153uvre r\u00e9alis\u00e9e sp\u00e9cialement pour l\u2019occasion par l\u2019artiste italien Guido Palmero : Brigitte Bardot, Mich\u00e8le Mercier et Myl\u00e8ne Demongeot en 4 L. O\u00f9 l\u2019on d\u00e9couvre les trois stars, jamais r\u00e9unies jusqu\u2019ici toutes les trois ensemble, posant complices \u00e0 l\u2019arri\u00e8re de la c\u00e9l\u00e8bre voiture fran\u00e7aise. Trois ic\u00f4nes unies enfin par <strong>un m\u00eame amour des animaux<\/strong>, \u00ab et qui nous donnent ainsi des le\u00e7ons de vie \u00bb, dixit Henry-Jean Servat, pour le temps pr\u00e9sent.<\/p>\n<p class=\"fs-5 \"><strong>Pratique\u00a0<\/strong>: jusqu\u2019au dimanche 12 avril 2026. Espace Culturel Port Lympia, 2 Quai Entrecasteaux \u00e0 Nice. Du mercredi au dimanche de 10 h \u00e0 17 h. Gratuit. Rens au 04.89.04.53.10. ou <a href=\"https:\/\/espacelympia.departement06.fr\/\" target=\"_blank\" rel=\"nofollow noopener\">sur le site de l\u2019Espace Lympia.<\/a><\/p>\n<p>                                                                                <strong>Un livre avec l\u2019expo<\/strong><\/p>\n<p class=\"fs-5 \">Sur la couverture aux teintes pastel, vintage en diable, le ton est donn\u00e9 : jaillissant, telles les Trois Gr\u00e2ces, d\u2019un parterre de roses, sur fond de Baie des Anges, de ciel c\u00e9rul\u00e9en et d\u2019h\u00f4tel Negresco, ce sont elles, les \u00ab Petites ch\u00e9ries de la C\u00f4te d\u2019Azur \u00bb : Brigitte Bardot, Myl\u00e8ne Demongeot et Mich\u00e8le Mercier.<\/p>\n<p class=\"fs-5 \">\u00ab Trois actrices, trois vedettes, trois idoles populaires, trois ic\u00f4nes solaires, trois visages immortels du cin\u00e9ma fran\u00e7ais, et europ\u00e9en, sinon mondial, mais aussi trois figures \u00e9blouissantes de la C\u00f4te d\u2019Azur, n\u00e9es ou r\u00e9v\u00e9l\u00e9es dans le Sud, rappelle Henry-Jean Servat dans ce superbe livre, paru chez Gilletta. Un ouvrage pr\u00e9fac\u00e9 par l\u2019acteur Jean Sorel, pr\u00e9sent au vernissage, et dot\u00e9 d\u2019une iconographie extraite de prestigieuses agences artistiques parisiennes, de fonds institutionnels et de collections priv\u00e9es. En le parcourant, l\u2019on est tr\u00e8s vite frapp\u00e9 par le c\u00f4t\u00e9 \u00e9troitement li\u00e9 des destins de ces trois blondes mythiques. Sur cette C\u00f4te d\u2019Azur \u00ab qui leur servait autant d\u2019\u00e9cran que d\u2019\u00e9crin \u00bb, d\u2019abord.<\/p>\n<p>                                                                                <strong>B. B., \u00ab marquise des anges \u00bb<\/strong><\/p>\n<p class=\"fs-5 \">Comme le rappelle en effet l\u2019auteur : \u00ab Brigitte, gamine, descendait trois fois par an en vacances sur la C\u00f4te d\u2019Azur avec ses parents et sa jeune s\u0153ur Marie-Jeanne [&#8230;] La famille Bardot, \u00e0 pied, gagnait alors le port, montait sur un bateau effectuant la liaison par mer, \u00e0 travers la baie, et d\u00e9barquait \u00e0 Saint-Tropez o\u00f9 des porteurs les attendaient [&#8230;]. Sept de ses premiers films, ceux de l\u2019or\u00e9e de sa gloire comme ceux de sa cons\u00e9cration, furent tourn\u00e9s sur la Riviera et dans les studios de la Victorine. Il en fut de m\u00eame pour Myl\u00e8ne Demongeot, qui revint tourner \u00e0 Nice o\u00f9 elle \u00e9tait n\u00e9e, et pour Mich\u00e8le Mercier, qui d\u00e9marra sa carri\u00e8re \u00e0 la Victorine, \u00e0 Nice, ville o\u00f9 son p\u00e8re officiait comme pharmacien et o\u00f9 elle avait vu le jour. \u00bb<\/p>\n<p class=\"fs-5 \">Trois ravissantes d\u00e9butantes issues de milieux ais\u00e9s. Et dont on d\u00e9couvre que <strong>de Cinecitta aux studios de la Victorine<\/strong>, elles ont d\u00e9but\u00e9 aux m\u00eames endroits, et ont parfois \u00e9t\u00e9 pressenties par les r\u00e9alisateurs successifs pour les m\u00eames r\u00f4les. Comme ce fut le cas pour Ang\u00e9lique marquise des Anges, r\u00f4le initialement attribu\u00e9 par le producteur Francis Cosne \u00e0 B. B., qui s\u2019\u00e9tait d\u00e9sist\u00e9e avant de changer d\u2019avis, trop tard. Et envoy\u00e9 un mot d\u2019une rare \u00e9l\u00e9gance \u00e0 Mich\u00e8le Mercier pour la f\u00e9liciter.<\/p>\n<p>                                                                                Davantage amies que rivales<\/p>\n<p class=\"fs-5 \">De la m\u00eame fa\u00e7on que loin de se ressentir comme des rivales, Myl\u00e8ne Demongeot et Brigitte Bardot \u00ab s\u2019\u00e9taient vite jug\u00e9es et jaug\u00e9es. Elles s\u2019aimaient beaucoup, se parlaient de leurs r\u00eaves, partageaient des valeurs qui n\u2019\u00e9taient pas communes, prot\u00e9geaient d\u00e9j\u00e0 les animaux des rues [&#8230;] Elles ne se quitteront, elles ne se quitt\u00e8rent jamais. \u00bb<\/p>\n<p class=\"fs-5 \">Et au-del\u00e0 des nombreuses r\u00e9v\u00e9lations sur les coulisses du cin\u00e9ma, c\u2019est le portrait d\u2019une \u00e9poque sur fond d\u2019insouciance, d\u2019effervescence, de libert\u00e9 de c\u0153ur et de corps, de joie de vivre, d\u2019audace et de sensualit\u00e9 qui est restitu\u00e9 dans Les petites ch\u00e9ries de la C\u00f4te d\u2019Azur.<\/p>\n","protected":false},"excerpt":{"rendered":"Une exposition au go\u00fbt de fruit d\u00e9fendu, au parfum de paradis perdu, et ancr\u00e9e cependant dans le pr\u00e9sent.&hellip;\n","protected":false},"author":2,"featured_media":612997,"comment_status":"","ping_status":"","sticky":false,"template":"","format":"standard","meta":{"footnotes":""},"categories":[2819],"tags":[1111,11,1777,674,1011,27,12,2401,882,25],"class_list":{"0":"post-612996","1":"post","2":"type-post","3":"status-publish","4":"format-standard","5":"has-post-thumbnail","7":"category-nice","8":"tag-actu","9":"tag-actualites","10":"tag-eu","11":"tag-europe","12":"tag-fr","13":"tag-france","14":"tag-news","15":"tag-nice","16":"tag-provence-alpes-cote-dazur","17":"tag-republique-francaise"},"share_on_mastodon":{"url":"https:\/\/pubeurope.com\/@fr\/115755439164083152","error":""},"_links":{"self":[{"href":"https:\/\/www.europesays.com\/fr\/wp-json\/wp\/v2\/posts\/612996","targetHints":{"allow":["GET"]}}],"collection":[{"href":"https:\/\/www.europesays.com\/fr\/wp-json\/wp\/v2\/posts"}],"about":[{"href":"https:\/\/www.europesays.com\/fr\/wp-json\/wp\/v2\/types\/post"}],"author":[{"embeddable":true,"href":"https:\/\/www.europesays.com\/fr\/wp-json\/wp\/v2\/users\/2"}],"replies":[{"embeddable":true,"href":"https:\/\/www.europesays.com\/fr\/wp-json\/wp\/v2\/comments?post=612996"}],"version-history":[{"count":0,"href":"https:\/\/www.europesays.com\/fr\/wp-json\/wp\/v2\/posts\/612996\/revisions"}],"wp:featuredmedia":[{"embeddable":true,"href":"https:\/\/www.europesays.com\/fr\/wp-json\/wp\/v2\/media\/612997"}],"wp:attachment":[{"href":"https:\/\/www.europesays.com\/fr\/wp-json\/wp\/v2\/media?parent=612996"}],"wp:term":[{"taxonomy":"category","embeddable":true,"href":"https:\/\/www.europesays.com\/fr\/wp-json\/wp\/v2\/categories?post=612996"},{"taxonomy":"post_tag","embeddable":true,"href":"https:\/\/www.europesays.com\/fr\/wp-json\/wp\/v2\/tags?post=612996"}],"curies":[{"name":"wp","href":"https:\/\/api.w.org\/{rel}","templated":true}]}}