{"id":613021,"date":"2025-12-21T03:46:35","date_gmt":"2025-12-21T03:46:35","guid":{"rendered":"https:\/\/www.europesays.com\/fr\/613021\/"},"modified":"2025-12-21T03:46:35","modified_gmt":"2025-12-21T03:46:35","slug":"top-14-on-doit-gagner-ce-match-peste-gael-fickou-apres-le-match-nul-du-racing-contre-le-stade-francais","status":"publish","type":"post","link":"https:\/\/www.europesays.com\/fr\/613021\/","title":{"rendered":"Top 14 \u2013 \u00ab\u00a0On doit gagner ce match\u00a0\u00bb, peste Ga\u00ebl Fickou apr\u00e8s le match nul du Racing contre le Stade fran\u00e7ais"},"content":{"rendered":"<p>\n                Apr\u00e8s le match nul conc\u00e9d\u00e9 par le Racing 92 \u00e0 Jean-Bouin (20-20), le Francilien Ga\u00ebl Fickou \u00e9tait \u00e9videmment frustr\u00e9.\n            <\/p>\n<p><strong>Quelle est l\u2019ambiance dans le vestiaire apr\u00e8s ce match nul (20-20)\u00a0?<\/strong><\/p>\n<p>On est d\u00e9\u00e7us. <strong><a href=\"https:\/\/www.rugbyrama.fr\/2025\/12\/20\/top-14-apres-un-final-fou-le-stade-francais-arrache-le-match-nul-dans-le-derby-face-au-racing-92-13123148.php\" target=\"_self\" rel=\"noopener\">On doit gagner ce match<\/a><\/strong> et malheureusement, \u00e7a nous \u00e9chappe \u00e0 la fin. Pour autant, il y a une belle \u00e9quipe en face, le Stade fran\u00e7ais, qui a aussi ses points forts. (Il marque une pause, reprend) \u00c7a reste \u00e9norm\u00e9ment frustrant.<\/p>\n<p><strong>O\u00f9 vos regrets se portent-ils, au juste\u00a0?<\/strong><\/p>\n<p>Il y a les occasions manqu\u00e9es mais le Stade fran\u00e7ais a le droit de bien d\u00e9fendre et de nous contrer. En fin de match, nous aurions en tout cas d\u00fb mieux ma\u00eetriser, d\u2019un point de vue collectif. Nous aurions d\u00fb assurer ces deux derni\u00e8res touches et sortir proprement de notre camp. Bravo aux Parisiens, qui n\u2019ont pas l\u00e2ch\u00e9 et y ont cru. Au-del\u00e0 de \u00e7a, l\u2019ambiance \u00e9tait dingue\u00a0; \u00e7a fait vraiment plaisir de jouer des matchs comme \u00e7a.<\/p>\n<p class=\"std-elt__inline\">\n        <strong>\u00c0 lire aussi :<\/strong><br \/>\n        <a href=\"https:\/\/www.rugbyrama.fr\/2025\/12\/20\/top-14-les-notes-de-stade-francais-racing-92-gael-fickou-et-nathan-hugues-ont-porte-le-racing-giorgi-melikidze-en-sauveur-13123175.php\" target=\"_blank\" rel=\"noopener\">Top 14 \u2013 Les notes de Stade fran\u00e7ais \u2013 Racing 92\u00a0: Ga\u00ebl Fickou et Nathan Hughes ont port\u00e9 le Racing, Giorgi Melikidze en sauveur<\/a>\n    <\/p>\n<p><strong>Sera-t-il difficile de retirer du positif, en raison de ce d\u00e9nouement\u00a0?<\/strong><\/p>\n<p>Oui, forc\u00e9ment. Quand tu as le match en mains et que tu n\u2019assures pas la victoire, c\u2019est frustrant. Mais en face, il y a des mecs avec des qualit\u00e9s. Il ne faut pas cracher dessus, ils ont le droit de revenir et se battre. On conna\u00eet la mentalit\u00e9 du Stade fran\u00e7ais et l\u00e0-dessus, ils ont \u00e9t\u00e9 irr\u00e9prochables.<\/p>\n<p><strong>Il y a eu plusieurs accrochages au sein de ce match\u2026<\/strong><\/p>\n<p>C\u2019\u00e9tait un vrai derby, le public a \u00e9t\u00e9 \u00e0 la hauteur. Ce sont des matchs comme \u00e7a qu\u2019on aime jouer, merci aux supporters. Oui, il y a eu des accrochages mais on met tellement d\u2019engagement, on a tellement de pression dans la semaine que des fois, \u00e7a s\u2019accroche un peu. Mais il n\u2019y a rien de m\u00e9chant. En dehors du terrain, nous sommes tous copains.<\/p>\n<p><strong>Avez-vous revu les images du plaquage de Joseph Manu, votre trois-quart centre, sur L\u00e9o Barr\u00e9\u00a0? Y avait-il faute ou pas\u00a0? Le carton jaune qui s\u2019en est suivi a co\u00fbt\u00e9 cher\u2026<\/strong><\/p>\n<p>Pour nous, Joey est bas, se baisse. C\u2019est impressionnant, il y a de l\u2019impact mais c\u2019est un plaquage offensif, voil\u00e0 tout. De notre c\u00f4t\u00e9, on dit qu\u2019il n\u2019y a pas faute mais du c\u00f4t\u00e9 du Stade fran\u00e7ais, ils disent qu\u2019il y a faute. L\u2019arbitre (Pierre Brousset) \u00e9tait bien plac\u00e9 sur cette action. C\u2019est le meilleur arbitre fran\u00e7ais, on ne va pas \u00e9piloguer l\u00e0-dessus. C\u2019est un d\u00e9tail du match. \u00c7a fait partie du jeu.<\/p>\n<p><strong>On vous sent vraiment frustr\u00e9\u2026<\/strong><\/p>\n<p>On est sportif de haut niveau. Je ne serai jamais content d\u2019un match nul, d\u2019autant plus qu\u2019on m\u00e9rite de gagner \u00e0 Jean-Bouin, ce soir.<\/p>\n<p><strong>Mais avant ce match, auriez-vous sign\u00e9 pour le match nul\u00a0?<\/strong><\/p>\n<p>Non, jamais.<\/p>\n","protected":false},"excerpt":{"rendered":"Apr\u00e8s le match nul conc\u00e9d\u00e9 par le Racing 92 \u00e0 Jean-Bouin (20-20), le Francilien Ga\u00ebl Fickou \u00e9tait \u00e9videmment&hellip;\n","protected":false},"author":2,"featured_media":613022,"comment_status":"","ping_status":"","sticky":false,"template":"","format":"standard","meta":{"footnotes":""},"categories":[1888],"tags":[1111,1928,11,1927,1777,674,1011,27,72393,12,1926,626,1925,25,68796,478],"class_list":{"0":"post-613021","1":"post","2":"type-post","3":"status-publish","4":"format-standard","5":"has-post-thumbnail","7":"category-paris","8":"tag-actu","9":"tag-actu-paris","10":"tag-actualites","11":"tag-actualites-paris","12":"tag-eu","13":"tag-europe","14":"tag-fr","15":"tag-france","16":"tag-gau00ebl-fickou","17":"tag-news","18":"tag-news-paris","19":"tag-paris","20":"tag-paris-news","21":"tag-republique-francaise","22":"tag-rugby-u00e0-xv","23":"tag-top-14"},"share_on_mastodon":{"url":"https:\/\/pubeurope.com\/@fr\/115755508318665497","error":""},"_links":{"self":[{"href":"https:\/\/www.europesays.com\/fr\/wp-json\/wp\/v2\/posts\/613021","targetHints":{"allow":["GET"]}}],"collection":[{"href":"https:\/\/www.europesays.com\/fr\/wp-json\/wp\/v2\/posts"}],"about":[{"href":"https:\/\/www.europesays.com\/fr\/wp-json\/wp\/v2\/types\/post"}],"author":[{"embeddable":true,"href":"https:\/\/www.europesays.com\/fr\/wp-json\/wp\/v2\/users\/2"}],"replies":[{"embeddable":true,"href":"https:\/\/www.europesays.com\/fr\/wp-json\/wp\/v2\/comments?post=613021"}],"version-history":[{"count":0,"href":"https:\/\/www.europesays.com\/fr\/wp-json\/wp\/v2\/posts\/613021\/revisions"}],"wp:featuredmedia":[{"embeddable":true,"href":"https:\/\/www.europesays.com\/fr\/wp-json\/wp\/v2\/media\/613022"}],"wp:attachment":[{"href":"https:\/\/www.europesays.com\/fr\/wp-json\/wp\/v2\/media?parent=613021"}],"wp:term":[{"taxonomy":"category","embeddable":true,"href":"https:\/\/www.europesays.com\/fr\/wp-json\/wp\/v2\/categories?post=613021"},{"taxonomy":"post_tag","embeddable":true,"href":"https:\/\/www.europesays.com\/fr\/wp-json\/wp\/v2\/tags?post=613021"}],"curies":[{"name":"wp","href":"https:\/\/api.w.org\/{rel}","templated":true}]}}