{"id":613029,"date":"2025-12-21T03:50:38","date_gmt":"2025-12-21T03:50:38","guid":{"rendered":"https:\/\/www.europesays.com\/fr\/613029\/"},"modified":"2025-12-21T03:50:38","modified_gmt":"2025-12-21T03:50:38","slug":"zelensky-appelle-washington-a-accentuer-la-pression-sur-moscou","status":"publish","type":"post","link":"https:\/\/www.europesays.com\/fr\/613029\/","title":{"rendered":"Zelensky appelle Washington \u00e0 accentuer la pression sur\u00a0Moscou"},"content":{"rendered":"<p class=\"sc-jbo7hw-7 bDkRIk\">Le pr\u00e9sident ukrainien Volodymyr Zelensky a appel\u00e9 samedi les \u00c9tats-Unis \u00e0 accentuer la pression sur la Russie au moment o\u00f9 des n\u00e9gociateurs se retrouvent \u00e0 Miami pour de nouvelles discussions en vue de mettre fin \u00e0 la guerre en Ukraine.<\/p>\n<p class=\"sc-jbo7hw-7 bDkRIk\">Les \u00c9tats-Unis doivent dire clairement\u00a0: \u00ab\u00a0\u00a0\u00bb&lsquo;il n&rsquo;y a pas de voie diplomatique, alors il y aura une pression totale\u00a0\u00bb, a lanc\u00e9 le pr\u00e9sident ukrainien devant la presse \u00e0 Kiev, citant la possibilit\u00e9, par exemple, de fournir plus d&rsquo;armes \u00e0 l&rsquo;Ukraine et d&rsquo;\u00e9tendre les sanctions contre la Russie.<\/p>\n<p class=\"sc-jbo7hw-7 bDkRIk\">[Vladimir] Poutine ne sent pas encore le genre de pression qui devrait \u00eatre mise en \u0153uvre, a-t-il poursuivi, jugeant que seuls les Am\u00e9ricains sont capables de persuader la Russie d&rsquo;arr\u00eater le conflit en Ukraine, qui dure depuis pr\u00e8s de quatre ans.<\/p>\n<p class=\"sc-jbo7hw-7 bDkRIk\">Je pense que les \u00c9tats-Unis et le pr\u00e9sident Trump ont cette force. Et je pense que nous ne devrions pas chercher d&rsquo;autres options aux \u00c9tats-Unis, a martel\u00e9 M.\u00a0Zelensky.<\/p>\n<p class=\"sc-jbo7hw-7 bDkRIk\">Au m\u00eame moment, des n\u00e9gociateurs ukrainiens, europ\u00e9ens et am\u00e9ricains se trouvent \u00e0 Miami, en Floride, pour participer \u00e0 des pourparlers men\u00e9s par Steve Witkoff, l&rsquo;envoy\u00e9 sp\u00e9cial de Donald Trump, et Jared Kushner, le gendre du pr\u00e9sident am\u00e9ricain.<\/p>\n<p class=\"sc-jbo7hw-7 bDkRIk\">L&rsquo;\u00e9missaire russe Kirill Dmitriev est \u00e9galement arriv\u00e9 \u00e0 Miami samedi.<\/p>\n<p class=\"sc-jbo7hw-7 bDkRIk\">Les discussions se d\u00e9roulent de mani\u00e8re constructive avec MM.\u00a0Witkoff et Kushner, a-t-il d\u00e9clar\u00e9 \u00e0 des journalistes, selon l&rsquo;agence russe Tass. Elles ont commenc\u00e9 et se poursuivent aujourd&rsquo;hui [samedi], et continueront \u00e9galement demain [dimanche], a-t-il ajout\u00e9.<\/p>\n<p>N\u00e9gociations directes potentielles<\/p>\n<p class=\"sc-jbo7hw-7 bDkRIk\">Si une table ronde r\u00e9unissant toutes ces parties n&rsquo;\u00e9tait pas initialement pr\u00e9vue, le pr\u00e9sident ukrainien Zelensky a \u00e9voqu\u00e9 samedi la possibilit\u00e9 de n\u00e9gociations directes entre l&rsquo;Ukraine et la Russie, propos\u00e9es, selon lui, par les \u00c9tats-Unis.<\/p>\n<p class=\"sc-jbo7hw-7 bDkRIk\">Il s&rsquo;agirait d&rsquo;une premi\u00e8re depuis six mois.<\/p>\n<p class=\"sc-jbo7hw-7 bDkRIk\">Il a cependant ajout\u00e9 qu&rsquo;il n&rsquo;\u00e9tait pas s\u00fbr que quoi que ce soit de nouveau en \u00e9merge puisque des rencontres pr\u00e9c\u00e9dentes en Turquie l&rsquo;\u00e9t\u00e9 dernier n&rsquo;avaient abouti qu&rsquo;\u00e0 <a tabindex=\"0\" class=\"border-b border-solid transition-colors text-blue600 hover:text-blue600 light:text-blue600 light:hover:text-blue600 dark:text-blue400 dark:hover:text-blue400 border-gray900\/25 light:border-gray900\/25 dark:border-gray100\/25 hover:border-linkDefault hover:bg-gray999\/10 light:hover:bg-gray999\/10 dark:hover:bg-gray0\/10\" href=\"https:\/\/ici.radio-canada.ca\/nouvelle\/2172033\/echange-prisonniers-guerre-ukraine-russie\" target=\"_blank\" rel=\"noopener\">des \u00e9changes de prisonniers<\/a>.<\/p>\n<p class=\"sc-jbo7hw-7 bDkRIk\">MM.\u00a0Witkoff et Kushner ont quant \u00e0 eux rencontr\u00e9 vendredi, pr\u00e8s de Miami, le n\u00e9gociateur ukrainien Roustem Oumerov et des repr\u00e9sentants de la France, du Royaume-Uni et de l&rsquo;Allemagne.<\/p>\n<p class=\"sc-jbo7hw-7 bDkRIk\">L&rsquo;inclusion directe des Europ\u00e9ens constitue une nouveaut\u00e9 par rapport aux r\u00e9unions pr\u00e9c\u00e9dentes qui ont eu lieu ces derni\u00e8res semaines entre Ukrainiens et Am\u00e9ricains, \u00e0 Gen\u00e8ve, \u00e0 Miami et \u00e0 Berlin.<\/p>\n<p class=\"sc-jbo7hw-7 bDkRIk\">Vendredi, alors que cette nouvelle s\u00e9rie de discussions venait de d\u00e9buter, le chef de la diplomatie am\u00e9ricaine, Marco Rubio, avait promis qu&rsquo;aucun accord ne serait impos\u00e9 aux Ukrainiens ni aux Russes.<\/p>\n<p class=\"sc-jbo7hw-7 bDkRIk\">Les pourparlers pour mettre fin au conflit se sont acc\u00e9l\u00e9r\u00e9s ces derni\u00e8res semaines.<\/p>\n<p class=\"sc-jbo7hw-7 bDkRIk\">\u00c0 cet \u00e9gard, Volodymyr Zelensky a mentionn\u00e9 des progr\u00e8s dans les discussions entre Kiev et Washington sur le plan propos\u00e9 il y a plus d&rsquo;un mois par les \u00c9tats-Unis. Ce texte initial, per\u00e7u comme \u00e9tant largement favorable au Kremlin, a depuis lors \u00e9t\u00e9 remani\u00e9 \u00e0 la suite de consultations avec les Ukrainiens.<\/p>\n<p class=\"sc-jbo7hw-7 bDkRIk\">Les d\u00e9tails de la nouvelle mouture ne sont pas connus, mais selon le pr\u00e9sident ukrainien, elle implique des concessions territoriales de la part de l&rsquo;Ukraine en \u00e9change de garanties de s\u00e9curit\u00e9 occidentales.<\/p>\n<p class=\"sc-jbo7hw-7 bDkRIk\">Vendredi, Vladimir Poutine a affirm\u00e9 que la balle est dans le camp de Kiev et de ses alli\u00e9s europ\u00e9ens, la Russie ayant d\u00e9j\u00e0 accept\u00e9 des compromis au cours de ses propres pourparlers avec les Am\u00e9ricains.<\/p>\n<p class=\"sc-jbo7hw-7 bDkRIk\">De plus en plus impatient, Donald Trump a press\u00e9 Kiev de bouger rapidement.<\/p>\n<p>Nouvelles frappes russes<\/p>\n<p class=\"sc-jbo7hw-7 bDkRIk\">Tandis que les tractations diplomatiques se poursuivent, l&rsquo;arm\u00e9e russe continue de frapper la ville d&rsquo;Odessa et ses environs, dans le sud de l&rsquo;Ukraine, provoquant samedi un violent incendie dans le plus grand terminal d&rsquo;huile v\u00e9g\u00e9tale du pays, ce qui a entra\u00een\u00e9 la mort d&rsquo;un employ\u00e9.<\/p>\n<p class=\"sc-jbo7hw-7 bDkRIk\">Des images envoy\u00e9es \u00e0 l&rsquo;AFP montrent des pompiers devant d&rsquo;immenses flammes et une \u00e9paisse fum\u00e9e noire qui enveloppe d&rsquo;\u00e9normes citernes.<\/p>\n<p><img decoding=\"async\" alt=\"Un pompier travaille sur le site d'une frappe russe dans la r\u00e9gion d'Odessa. \" class=\"absolute left-0 top-0 size-full object-cover transition-opacity ease-out print:relative html-dark:brightness-[.8]\" loading=\"lazy\" src=\"https:\/\/www.europesays.com\/fr\/wp-content\/uploads\/2025\/12\/odessa-frappes-russes-63681.jpg\"\/>Ouvrir en mode plein \u00e9cran<\/p>\n<p class=\"mb-0 text-3 leading-6\">Un pompier travaille sur le site d&rsquo;une frappe russe \u00e0 la roquette et au drone dans la r\u00e9gion d&rsquo;Odessa, en Ukraine, sur cette photo diffus\u00e9e le 20 d\u00e9cembre 2025. <\/p>\n<p class=\"text-gray600 light:text-gray600 dark:text-gray400 mb-0 text-small uppercase leading-6\">Photo : Reuters \/ STATE EMERGENCY SERVICE OF UKRAI<\/p>\n<p class=\"sc-jbo7hw-7 bDkRIk\">Les Russes ont intensifi\u00e9 leurs bombardements ces derni\u00e8res semaines sur cette r\u00e9gion bord\u00e9e par la mer Noire, o\u00f9 des dizaines de milliers de personnes \u00e9taient toujours sans \u00e9lectricit\u00e9, et ce, notamment, en repr\u00e9sailles \u00e0 la multiplication des attaques ukrainiennes contre des p\u00e9troliers de la flotte fant\u00f4me russe.<\/p>\n<p class=\"sc-jbo7hw-7 bDkRIk\">L&rsquo;ennemi d\u00e9truit d\u00e9lib\u00e9r\u00e9ment les infrastructures logistiques de la r\u00e9gion d&rsquo;Odessa et terrorise les civils, s&rsquo;est emport\u00e9 le vice-premier ministre ukrainien charg\u00e9 de la reconstruction, Oleksi\u00ef Kouleba.<\/p>\n<p class=\"sc-jbo7hw-7 bDkRIk\">La Russie tente \u00e0 nouveau de restreindre les acc\u00e8s de l&rsquo;Ukraine \u00e0 la mer et de bloquer nos r\u00e9gions c\u00f4ti\u00e8res, a pour sa part r\u00e9agi Volodymyr Zelensky.<\/p>\n<p class=\"sc-jbo7hw-7 bDkRIk\">Vendredi soir d\u00e9j\u00e0, un missile balistique avait fait huit morts pr\u00e8s d&rsquo;Odessa.<\/p>\n<p class=\"sc-jbo7hw-7 bDkRIk\">Moscou, de son c\u00f4t\u00e9, a affirm\u00e9 samedi avoir pris deux villages dans les r\u00e9gions de Soumy et de Donetsk.<\/p>\n<p class=\"sc-jbo7hw-7 bDkRIk\">L&rsquo;Ukraine, quant \u00e0 elle, a fait \u00e9tat de la destruction de deux avions de combat russes sur un a\u00e9rodrome situ\u00e9 dans la p\u00e9ninsule de Crim\u00e9e occup\u00e9e.<\/p>\n","protected":false},"excerpt":{"rendered":"Le pr\u00e9sident ukrainien Volodymyr Zelensky a appel\u00e9 samedi les \u00c9tats-Unis \u00e0 accentuer la pression sur la Russie au&hellip;\n","protected":false},"author":2,"featured_media":613030,"comment_status":"","ping_status":"","sticky":false,"template":"","format":"standard","meta":{"footnotes":""},"categories":[1591],"tags":[11,1887,12,1885,1886,132],"class_list":{"0":"post-613029","1":"post","2":"type-post","3":"status-publish","4":"format-standard","5":"has-post-thumbnail","7":"category-russie","8":"tag-actualites","9":"tag-federation-de-russie","10":"tag-news","11":"tag-russia","12":"tag-russian-federation","13":"tag-russie"},"share_on_mastodon":{"url":"https:\/\/pubeurope.com\/@fr\/115755524227250106","error":""},"_links":{"self":[{"href":"https:\/\/www.europesays.com\/fr\/wp-json\/wp\/v2\/posts\/613029","targetHints":{"allow":["GET"]}}],"collection":[{"href":"https:\/\/www.europesays.com\/fr\/wp-json\/wp\/v2\/posts"}],"about":[{"href":"https:\/\/www.europesays.com\/fr\/wp-json\/wp\/v2\/types\/post"}],"author":[{"embeddable":true,"href":"https:\/\/www.europesays.com\/fr\/wp-json\/wp\/v2\/users\/2"}],"replies":[{"embeddable":true,"href":"https:\/\/www.europesays.com\/fr\/wp-json\/wp\/v2\/comments?post=613029"}],"version-history":[{"count":0,"href":"https:\/\/www.europesays.com\/fr\/wp-json\/wp\/v2\/posts\/613029\/revisions"}],"wp:featuredmedia":[{"embeddable":true,"href":"https:\/\/www.europesays.com\/fr\/wp-json\/wp\/v2\/media\/613030"}],"wp:attachment":[{"href":"https:\/\/www.europesays.com\/fr\/wp-json\/wp\/v2\/media?parent=613029"}],"wp:term":[{"taxonomy":"category","embeddable":true,"href":"https:\/\/www.europesays.com\/fr\/wp-json\/wp\/v2\/categories?post=613029"},{"taxonomy":"post_tag","embeddable":true,"href":"https:\/\/www.europesays.com\/fr\/wp-json\/wp\/v2\/tags?post=613029"}],"curies":[{"name":"wp","href":"https:\/\/api.w.org\/{rel}","templated":true}]}}