{"id":613033,"date":"2025-12-21T03:53:12","date_gmt":"2025-12-21T03:53:12","guid":{"rendered":"https:\/\/www.europesays.com\/fr\/613033\/"},"modified":"2025-12-21T03:53:12","modified_gmt":"2025-12-21T03:53:12","slug":"les-etats-unis-ont-saisi-un-nouveau-petrolier-au-large-du-venezuela-quelques-jours-apres-le-debut-dun-blocus-naval","status":"publish","type":"post","link":"https:\/\/www.europesays.com\/fr\/613033\/","title":{"rendered":"Les \u00c9tats-Unis ont saisi un nouveau p\u00e9trolier au large du Venezuela, quelques jours apr\u00e8s le d\u00e9but d\u2019un blocus naval"},"content":{"rendered":"<p>Le Venezuela a d\u00e9nonc\u00e9 samedi le \u00ab\u00a0vol\u00a0\u00bb par les \u00c9tats-Unis d\u2019un second p\u00e9trolier au large de ses c\u00f4tes, quelques jours apr\u00e8s la mise en place par Washington d\u2019un blocus naval visant \u00e0 accentuer la pression \u00e9conomique sur le pays pr\u00e9sid\u00e9 par Nicolas Maduro.<\/p>\n<p>En d\u00e9but de semaine, le pr\u00e9sident am\u00e9ricain <a href=\"https:\/\/www.ledevoir.com\/donald-trump\" target=\"_blank\" rel=\"noopener\">Donald Trump<\/a> a annonc\u00e9 la mise en place d\u2019un \u00ab\u00a0blocus total\u00a0\u00bb contre des p\u00e9troliers sous sanctions se rendant ou partant du Venezuela. Il a m\u00eame d\u00e9clar\u00e9 vendredi qu\u2019il n\u2019excluait pas une guerre avec ce pays p\u00e9trolier d\u2019Am\u00e9rique du Sud, b\u00eate noire des \u00c9tats-Unis depuis des d\u00e9cennies<\/p>\n<p>Le gouvernement Trump est soup\u00e7onn\u00e9 de chercher \u00e0 faire partir le pr\u00e9sident socialiste Maduro, qu\u2019elle accuse d\u2019\u00eatre \u00e0 la t\u00eate d\u2019un r\u00e9seau de trafiquants de drogues.<\/p>\n<p>\u00ab\u00a0Lors d\u2019une op\u00e9ration men\u00e9e avant l\u2019aube ce matin du 20\u00a0d\u00e9cembre, les garde-c\u00f4tes am\u00e9ricains, avec le soutien du minist\u00e8re de la Guerre, ont intercept\u00e9 un p\u00e9trolier qui avait accost\u00e9 pour la derni\u00e8re fois au Venezuela\u00a0\u00bb, a annonc\u00e9 sur X la ministre am\u00e9ricaine de la S\u00e9curit\u00e9 int\u00e9rieure, Kristi Noem.<\/p>\n<p>Le Venezuela a indiqu\u00e9 samedi que l\u2019Iran lui avait propos\u00e9 sa coop\u00e9ration \u00ab dans tous les domaines \u00bb pour lutter contre \u00ab la piraterie et le terrorisme international \u00bb des \u00c9tats-Unis, \u00e0 la suite d\u2019un appel t\u00e9l\u00e9phonique entre les ministres des Affaires \u00e9trang\u00e8res des deux pays.<\/p>\n<p>L\u2019Iran est l\u2019un des principaux alli\u00e9s du pr\u00e9sident v\u00e9n\u00e9zu\u00e9lien Nicolas Maduro, qui d\u00e9nonce un complot visant \u00e0 le renverser ourdi par Washington.<\/p>\n<p>\u00ab\u00a0Narcoterrorisme\u00a0\u00bb<\/p>\n<p>\u00ab\u00a0Les \u00c9tats-Unis continueront de traquer le flux ill\u00e9gal de p\u00e9trole sous sanctions qui sert \u00e0 financer le narcoterrorisme dans la r\u00e9gion\u00a0\u00bb, a martel\u00e9 Mme\u00a0Noem, une fid\u00e8le de Donald Trump.<\/p>\n<p>Selon le <a href=\"https:\/\/www.ledevoir.com\/new-york-times\" target=\"_blank\" rel=\"noopener\">New York Times<\/a>, le navire saisi samedi bat pavillon panam\u00e9en et transporte du p\u00e9trole v\u00e9n\u00e9zu\u00e9lien appartenant \u00e0 une compagnie chinoise.<\/p>\n<p>\u00ab\u00a0Le Venezuela d\u00e9nonce et rejette cat\u00e9goriquement le vol et l\u2019enl\u00e8vement d\u2019un nouveau navire priv\u00e9 transportant du p\u00e9trole v\u00e9n\u00e9zu\u00e9lien, ainsi que la disparition forc\u00e9e de son \u00e9quipage, actes commis par des militaires des \u00c9tats-Unis\u00a0\u00bb, a tonn\u00e9 le gouvernement dans un communiqu\u00e9 samedi.<\/p>\n<p>Les forces am\u00e9ricaines avaient d\u00e9j\u00e0 saisi le 10\u00a0d\u00e9cembre un p\u00e9trolier au large du Venezuela, une op\u00e9ration qualifi\u00e9e de \u00ab\u00a0piraterie navale\u00a0\u00bb par Nicolas Maduro.<\/p>\n<p>Caracas a assur\u00e9 que \u00ab\u00a0ces actes ne resteraient pas impunis\u00a0\u00bb, et a promis d\u2019\u00ab\u00a0exercer toutes les actions [ad\u00e9quates], y compris la d\u00e9nonciation devant le Conseil de s\u00e9curit\u00e9 des Nations Unies, d\u2019autres organismes multilat\u00e9raux et les gouvernements du monde\u00a0\u00bb.<\/p>\n<p>Embargo am\u00e9ricain<\/p>\n<p>Soumis \u00e0 un embargo am\u00e9ricain depuis 2019, le p\u00e9trole v\u00e9n\u00e9zu\u00e9lien est \u00e9coul\u00e9 sur le march\u00e9 noir \u00e0 des prix inf\u00e9rieurs \u00e0 ceux du march\u00e9, \u00e0 destination notamment de la Chine.<\/p>\n<p>Caracas d\u00e9ment toute implication dans le trafic de drogue et assure que Washington cherche \u00e0 renverser le pr\u00e9sident Maduro pour s\u2019emparer des r\u00e9serves p\u00e9troli\u00e8res du pays.<\/p>\n<p>Pour justifier le blocus, Donald Trump affirme que le Venezuela se sert de l\u2019or noir pour financer \u00ab\u00a0le narcoterrorisme, la traite d\u2019\u00eatres humains, les meurtres et les enl\u00e8vements\u00a0\u00bb.<\/p>\n<p>Il a \u00e9galement assur\u00e9 cette semaine que le Venezuela avait vol\u00e9 du p\u00e9trole et des terres appartenant aux \u00c9tats-Unis, sans \u00e9tayer cette accusation qui semble li\u00e9e \u00e0 la nationalisation de l\u2019industrie p\u00e9troli\u00e8re v\u00e9n\u00e9zu\u00e9lienne dans les ann\u00e9es\u00a01970 et \u00e0 l\u2019obligation impos\u00e9e aux \u00ab\u00a0majors\u00a0\u00bb \u00e9trang\u00e8res pr\u00e9sentes dans le pays de travailler au sein d\u2019entreprises mixtes contr\u00f4l\u00e9es par PDVSA.<\/p>\n<p>Les \u00c9tats-Unis ont d\u00e9ploy\u00e9 depuis cet \u00e9t\u00e9 un important dispositif militaire dans les Cara\u00efbes, et bombard\u00e9 des embarcations en provenance du Venezuela au nom de la lutte contre le trafic de drogues, des op\u00e9rations \u00e0 la l\u00e9galit\u00e9 mise en doute par des experts, ONG et responsables des Nations unies.<\/p>\n<p>Ces op\u00e9rations ont tu\u00e9 au moins 104 personnes dans les Cara\u00efbes et le Pacifique, sans que Washington ne fournisse la moindre preuve que les navires vis\u00e9s \u00e9taient effectivement impliqu\u00e9s dans un quelconque trafic.<\/p>\n<p>Et le pr\u00e9sident am\u00e9ricain agite depuis des semaines la menace d\u2019une intervention terrestre.<\/p>\n<p>Les tensions entre les deux pays se sont impos\u00e9es samedi au programme du sommet du Mercosur \u00e0 Foz do Igua\u00e7u, au Br\u00e9sil.<\/p>\n<p>Le pr\u00e9sident br\u00e9silien Lula a mis en garde contre une \u00ab\u00a0catastrophe humanitaire\u00a0\u00bb en cas de conflit arm\u00e9 au Venezuela, alors que son homologue argentin Javier Milei a salu\u00e9 \u00ab\u00a0la pression\u00a0\u00bb de Washington sur Caracas.<\/p>\n<p>Avec Patrick Fort \u00e0 Caracas\n <\/p>\n","protected":false},"excerpt":{"rendered":"Le Venezuela a d\u00e9nonc\u00e9 samedi le \u00ab\u00a0vol\u00a0\u00bb par les \u00c9tats-Unis d\u2019un second p\u00e9trolier au large de ses c\u00f4tes,&hellip;\n","protected":false},"author":2,"featured_media":613034,"comment_status":"","ping_status":"","sticky":false,"template":"","format":"standard","meta":{"footnotes":""},"categories":[1589],"tags":[11,73,1866,12,1864,1865,1863,308],"class_list":{"0":"post-613033","1":"post","2":"type-post","3":"status-publish","4":"format-standard","5":"has-post-thumbnail","7":"category-etats-unis","8":"tag-actualites","9":"tag-etats-unis","10":"tag-etats-unis-damerique","11":"tag-news","12":"tag-united-states","13":"tag-united-states-of-america","14":"tag-us","15":"tag-usa"},"share_on_mastodon":{"url":"https:\/\/pubeurope.com\/@fr\/115755535813198053","error":""},"_links":{"self":[{"href":"https:\/\/www.europesays.com\/fr\/wp-json\/wp\/v2\/posts\/613033","targetHints":{"allow":["GET"]}}],"collection":[{"href":"https:\/\/www.europesays.com\/fr\/wp-json\/wp\/v2\/posts"}],"about":[{"href":"https:\/\/www.europesays.com\/fr\/wp-json\/wp\/v2\/types\/post"}],"author":[{"embeddable":true,"href":"https:\/\/www.europesays.com\/fr\/wp-json\/wp\/v2\/users\/2"}],"replies":[{"embeddable":true,"href":"https:\/\/www.europesays.com\/fr\/wp-json\/wp\/v2\/comments?post=613033"}],"version-history":[{"count":0,"href":"https:\/\/www.europesays.com\/fr\/wp-json\/wp\/v2\/posts\/613033\/revisions"}],"wp:featuredmedia":[{"embeddable":true,"href":"https:\/\/www.europesays.com\/fr\/wp-json\/wp\/v2\/media\/613034"}],"wp:attachment":[{"href":"https:\/\/www.europesays.com\/fr\/wp-json\/wp\/v2\/media?parent=613033"}],"wp:term":[{"taxonomy":"category","embeddable":true,"href":"https:\/\/www.europesays.com\/fr\/wp-json\/wp\/v2\/categories?post=613033"},{"taxonomy":"post_tag","embeddable":true,"href":"https:\/\/www.europesays.com\/fr\/wp-json\/wp\/v2\/tags?post=613033"}],"curies":[{"name":"wp","href":"https:\/\/api.w.org\/{rel}","templated":true}]}}