{"id":613037,"date":"2025-12-21T03:55:38","date_gmt":"2025-12-21T03:55:38","guid":{"rendered":"https:\/\/www.europesays.com\/fr\/613037\/"},"modified":"2025-12-21T03:55:38","modified_gmt":"2025-12-21T03:55:38","slug":"trois-jeunes-arretes-pour-des-tags-neonazis-dans-la-campagne-lyonnaise","status":"publish","type":"post","link":"https:\/\/www.europesays.com\/fr\/613037\/","title":{"rendered":"trois jeunes arr\u00eat\u00e9s pour des tags n\u00e9onazis dans la campagne lyonnaise"},"content":{"rendered":"<p>\n    Trois suspects \u00e2g\u00e9s de 19 \u00e0 20 ans ont \u00e9t\u00e9 mis en examen par le parquet de Lyon pour deux s\u00e9ries de tags n\u00e9onazis peints sur une fresque en hommage \u00e0 Jos\u00e9phine Baker dans la petite commune de Mornant, au printemps et \u00e0 l\u2019automne.<\/p>\n<p class=\"fig-paragraph\">Des croix celtiques et une r\u00e9f\u00e9rence \u00e0 l\u2019Allemagne nazie. Trois jeunes hommes \u00e2g\u00e9s de 19 \u00e0 20 ans ont \u00e9t\u00e9 mis en examen par le parquet de Lyon dans le cadre d\u2019une enqu\u00eate ouverte apr\u00e8s la d\u00e9couverte de tags racistes dans la petite commune rurale de\u00a0<a href=\"http:\/\/www.lefigaro.fr\/lyon\/pres-de-lyon-le-psig-intervient-dans-un-centre-aquatique-pour-faire-sortir-une-trentaine-de-jeunes-violents-20250704\" data-fig-type=\"NewsFlash\" data-gtm-custom-categorie=\"navigation\" data-gtm-custom-action=\"crossclick\" data-gtm-custom-label=\"Contextuel\" data-gtm-event=\"customEventSPE\" data-fig-domain=\"LEFIGARO\" target=\"_blank\" rel=\"noopener\">Mornant<\/a>, situ\u00e9e dans le sud est du d\u00e9partement du\u00a0<a href=\"http:\/\/www.lefigaro.fr\/lyon\/rhone-apres-avoir-ete-qualifiees-de-danseurs-aux-pieds-nus-deux-associations-recuperent-leurs-subventions-20251212\" data-fig-type=\"NewsFlash\" data-gtm-custom-categorie=\"navigation\" data-gtm-custom-action=\"crossclick\" data-gtm-custom-label=\"Contextuel\" data-gtm-event=\"customEventSPE\" data-fig-domain=\"LEFIGARO\" target=\"_blank\" rel=\"noopener\">Rh\u00f4ne<\/a>. Ils sont poursuivis pour \u00abd\u00e9gradations ou d\u00e9t\u00e9riorations du bien d\u2019autrui commises en r\u00e9union, en raison de la race, l\u2019ethnie, la nation ou la religion\u00bb.<\/p>\n<p class=\"fig-paragraph\">Les inscriptions avaient \u00e9t\u00e9 d\u00e9couvertes le 27 septembre sur une fresque de la commune rendant hommage \u00e0\u00a0<a href=\"https:\/\/www.lefigaro.fr\/culture\/josephine-baker-une-certaine-idee-de-la-france-20211105\" data-fig-type=\"Article\" data-gtm-custom-categorie=\"navigation\" data-gtm-custom-action=\"crossclick\" data-gtm-custom-label=\"Contextuel\" data-gtm-event=\"customEventSPE\" data-fig-domain=\"LEFIGARO\" target=\"_blank\" rel=\"noopener\">Jos\u00e9phine Baker<\/a>. Des faits similaires \u00e0 ceux observ\u00e9s au mois de mai et avec lesquels les gendarmes ont rapidement fait le rapprochement. Lors de la premi\u00e8re d\u00e9gradation, les visages des enfants \u00e0 la peau noire avaient \u00e9t\u00e9 barr\u00e9s d\u2019une croix avec la mention, \u00abMornant c\u2019est l\u2019Allemagne\u00bb. Le tout \u00e9tait accompagn\u00e9 de croix celtiques \u00e9court\u00e9es, symbole des mouvements fascistes depuis les ann\u00e9es 1930.<\/p>\n<p>                                            <a class=\"fig-a11y-skip\" href=\"#fig-a11y-skip-main-inarticle\" data-module=\"a11y-skip\" data-context=\"was @visible\"><br \/>\n    Passer la publicit\u00e9<br \/>\n<\/a>            <\/p>\n<p>                                            \u00abMornant c\u2019est encore l\u2019Allemagne\u00a0\u00bb<\/p>\n<p class=\"fig-paragraph\">Nettoy\u00e9e, la fresque avait donc \u00e9t\u00e9 de nouveau tagu\u00e9e \u00e0 la rentr\u00e9e, avec la mention \u00abMornant c\u2019est encore l\u2019Allemagne\u00bb. Les yeux de tous les enfants \u00e9taient barr\u00e9s cette fois. Le maire LR de la commune Renaud Pfeffer avait fermement d\u00e9nonc\u00e9 ces actes et d\u00e9pos\u00e9 plainte.<\/p>\n<p class=\"fig-paragraph\">\u00abCes actes ne sont pas de simples d\u00e9gradations\u00a0: ils portent atteinte \u00e0 la m\u00e9moire, aux valeurs r\u00e9publicaines et au vivre-ensemble, avait r\u00e9agi la mairie. \u00c9crire \u201cMornant c\u2019est l\u2019Allemagne\u201d avec des croix gamm\u00e9es et des slogans haineux, c\u2019est insulter notre histoire, nos habitants et notre engagement commun contre toutes les formes de racisme, d\u2019antis\u00e9mitisme et d\u2019extr\u00e9misme\u00bb.<\/p>\n<p class=\"fig-paragraph\">Le parquet de Lyon a demand\u00e9 le placement sous contr\u00f4le judiciaire des trois jeunes hommes vis\u00e9s et une interdiction de para\u00eetre sur la commune.<\/p>\n","protected":false},"excerpt":{"rendered":"Trois suspects \u00e2g\u00e9s de 19 \u00e0 20 ans ont \u00e9t\u00e9 mis en examen par le parquet de Lyon&hellip;\n","protected":false},"author":2,"featured_media":613038,"comment_status":"","ping_status":"","sticky":false,"template":"","format":"standard","meta":{"footnotes":""},"categories":[1587],"tags":[11,672,1804,1805,1803,1777,674,1801,20509,12,1802,15625],"class_list":{"0":"post-613037","1":"post","2":"type-post","3":"status-publish","4":"format-standard","5":"has-post-thumbnail","7":"category-allemagne","8":"tag-actualites","9":"tag-allemagne","10":"tag-bundesrepublik-deutschland","11":"tag-de","12":"tag-deutschland","13":"tag-eu","14":"tag-europe","15":"tag-germany","16":"tag-neonazis","17":"tag-news","18":"tag-republique-federale-dallemagne","19":"tag-tag"},"share_on_mastodon":{"url":"https:\/\/pubeurope.com\/@fr\/115755543757114050","error":""},"_links":{"self":[{"href":"https:\/\/www.europesays.com\/fr\/wp-json\/wp\/v2\/posts\/613037","targetHints":{"allow":["GET"]}}],"collection":[{"href":"https:\/\/www.europesays.com\/fr\/wp-json\/wp\/v2\/posts"}],"about":[{"href":"https:\/\/www.europesays.com\/fr\/wp-json\/wp\/v2\/types\/post"}],"author":[{"embeddable":true,"href":"https:\/\/www.europesays.com\/fr\/wp-json\/wp\/v2\/users\/2"}],"replies":[{"embeddable":true,"href":"https:\/\/www.europesays.com\/fr\/wp-json\/wp\/v2\/comments?post=613037"}],"version-history":[{"count":0,"href":"https:\/\/www.europesays.com\/fr\/wp-json\/wp\/v2\/posts\/613037\/revisions"}],"wp:featuredmedia":[{"embeddable":true,"href":"https:\/\/www.europesays.com\/fr\/wp-json\/wp\/v2\/media\/613038"}],"wp:attachment":[{"href":"https:\/\/www.europesays.com\/fr\/wp-json\/wp\/v2\/media?parent=613037"}],"wp:term":[{"taxonomy":"category","embeddable":true,"href":"https:\/\/www.europesays.com\/fr\/wp-json\/wp\/v2\/categories?post=613037"},{"taxonomy":"post_tag","embeddable":true,"href":"https:\/\/www.europesays.com\/fr\/wp-json\/wp\/v2\/tags?post=613037"}],"curies":[{"name":"wp","href":"https:\/\/api.w.org\/{rel}","templated":true}]}}