{"id":613041,"date":"2025-12-21T03:57:16","date_gmt":"2025-12-21T03:57:16","guid":{"rendered":"https:\/\/www.europesays.com\/fr\/613041\/"},"modified":"2025-12-21T03:57:16","modified_gmt":"2025-12-21T03:57:16","slug":"star-academy-2025-jai-frole-larret-cardiaque-ces-internautes-ont-eu-peur","status":"publish","type":"post","link":"https:\/\/www.europesays.com\/fr\/613041\/","title":{"rendered":"Star Academy 2025 : \u00ab J\u2019ai fr\u00f4l\u00e9 l\u2019arr\u00eat cardiaque \u00bb, ces internautes ont eu peur"},"content":{"rendered":"<p class=\"mb-4 text-lg md:leading-8 break-words\"><strong>C\u2019EST PASS\u00c9 PR\u00e8s ! &#8211; Le prime de samedi soir a offert des sensations fortes aux t\u00e9l\u00e9spectateurs. Mais pas forc\u00e9ment dans le bon sens du terme<\/strong><\/p>\n<p class=\"mb-4 text-lg md:leading-8 break-words\">Samedi soir, le plateau du <a href=\"https:\/\/www.20minutes.fr\/dossier\/star_academy?at_medium=RSS%20feed&amp;at_campaign=ynews&amp;utm_source=yahoo&amp;utm_medium=rss&amp;utm_campaign=news_feed&amp;utm_content=in_article_link\" rel=\"nofollow noopener\" target=\"_blank\" data-ylk=\"slk:Star Academy 2025;elm:context_link;itc:0;sec:content-canvas\" class=\"link \">Star Academy 2025<\/a> avait des allures d\u2019ar\u00e8nes, avec 4 face-\u00e0-face qui ont rythm\u00e9 le prime. Apr\u00e8s les duels, Jeanne, L\u00e9a, Sarah et Th\u00e9o P. \u00e9taient en danger (Ambre, Bastiaan, M\u00e9lissa et Victor se sont impos\u00e9s). Et l\u2019\u00e9l\u00e8ve \u00e9limin\u00e9e a finalement \u00e9t\u00e9\u2026 Jeanne ! Pour rappel, Anouk \u00e9tait immunis\u00e9e cette semaine apr\u00e8s avoir termin\u00e9 premi\u00e8re des \u00e9valuations a capella.<\/p>\n<p>La Toile, pas fan des face-\u00e0-face<\/p>\n<p class=\"mb-4 text-lg md:leading-8 break-words\">Durant toute la soir\u00e9e, les internautes ont fait part de leur m\u00e9contentement, notamment apr\u00e8s la \u00ab d\u00e9faite \u00bb de Sarah contre M\u00e9lissa. Lors d\u2019une fin de prime \u00e9mouvante, avec le retour des anciens \u00e9l\u00e8ves de la promo, c\u2019est Jeanne qui a quitt\u00e9 l\u2019aventure. Sur le plateau du studio 217, l\u2019annonce de <a href=\"https:\/\/www.20minutes.fr\/dossier\/nikos_aliagas?at_medium=RSS%20feed&amp;at_campaign=ynews&amp;utm_source=yahoo&amp;utm_medium=rss&amp;utm_campaign=news_feed&amp;utm_content=in_article_link\" rel=\"nofollow noopener\" target=\"_blank\" data-ylk=\"slk:Nikos Aliagas;elm:context_link;itc:0;sec:content-canvas\" class=\"link \">Nikos Aliagas<\/a> a fait l\u2019effet d\u2019une bombe. Elle retrouvera \u00e0 l\u2019ext\u00e9rieur L\u00e9o, avec qui elle s\u2019est montr\u00e9e complice durant son s\u00e9jour au ch\u00e2teau de Dammarie-les-Lys.<\/p>\n<p class=\"mb-4 text-lg md:leading-8 break-words\">Consid\u00e9r\u00e9e comme l\u2019une des grandes favorites de la saison, Sarah a \u00e9t\u00e9 sauv\u00e9e en derni\u00e8re, ce qui a eu le don de causer des sueurs froides \u00e0 ses fans sur X. Elle avait perdu son duel face \u00e0 M\u00e9lissa sur La Foule, d\u2019\u00c9dith Piaf.<\/p>\n<p class=\"mb-4 text-lg md:leading-8 break-words\">D\u00e9sormais, ils ne sont plus que 8 \u00e0 la Star Acad\u00e9my. Anouk perd sa meilleure amie de la promo. La semaine prochaine, la comp\u00e9tition continue et les compteurs sont remis \u00e0 z\u00e9ro sur <a href=\"https:\/\/www.20minutes.fr\/dossier\/tf1?at_medium=RSS%20feed&amp;at_campaign=ynews&amp;utm_source=yahoo&amp;utm_medium=rss&amp;utm_campaign=news_feed&amp;utm_content=in_article_link\" rel=\"nofollow noopener\" target=\"_blank\" data-ylk=\"slk:TF1;elm:context_link;itc:0;sec:content-canvas\" class=\"link \">TF1<\/a>.<\/p>\n<p class=\"mb-4 text-lg md:leading-8 break-words\"><a href=\"https:\/\/www.20minutes.fr\/arts-stars\/television\/4192578-20251221-star-academy-2025-frole-arret-cardiaque-internautes-peur?at_medium=RSS%20feed&amp;at_campaign=ynews&amp;utm_source=yahoo&amp;utm_medium=rss&amp;utm_campaign=news_feed&amp;utm_content=read_more_link&quot;\" rel=\"nofollow noopener\" target=\"_blank\" data-ylk=\"slk:Lire la suite sur 20minutes;elm:context_link;itc:0;sec:content-canvas\" class=\"link \">Lire la suite sur 20minutes<\/a><\/p>\n<p>\u00c0 lire aussi :<br \/><a href=\"https:\/\/www.20minutes.fr\/arts-stars\/television\/4188766-20251130-star-academy-2025-magique?at_medium=RSS%20feed&amp;at_campaign=ynews&amp;utm_source=yahoo&amp;utm_medium=rss&amp;utm_campaign=news_feed&amp;utm_content=related_content_link\" rel=\"nofollow noopener\" target=\"_blank\" data-ylk=\"slk:Star Academy 2025 : \u00ab C\u2019\u00e9tait magique ! \u00bb;elm:context_link;itc:0;sec:content-canvas\" class=\"link \">Star Academy 2025 : \u00ab C\u2019\u00e9tait magique ! \u00bb<\/a><br \/><a href=\"https:\/\/www.20minutes.fr\/arts-stars\/television\/4185770-20251115-star-academy-2025-jamais-vu-emission?at_medium=RSS%20feed&amp;at_campaign=ynews&amp;utm_source=yahoo&amp;utm_medium=rss&amp;utm_campaign=news_feed&amp;utm_content=related_content_link\" rel=\"nofollow noopener\" target=\"_blank\" data-ylk=\"slk:Star Academy 2025 : \u00ab Du jamais vu dans l\u2019\u00e9mission ! \u00bb;elm:context_link;itc:0;sec:content-canvas\" class=\"link \">Star Academy 2025 : \u00ab Du jamais vu dans l\u2019\u00e9mission ! \u00bb<\/a><\/p>\n","protected":false},"excerpt":{"rendered":"C\u2019EST PASS\u00c9 PR\u00e8s ! &#8211; Le prime de samedi soir a offert des sensations fortes aux t\u00e9l\u00e9spectateurs. Mais&hellip;\n","protected":false},"author":2,"featured_media":613042,"comment_status":"","ping_status":"","sticky":false,"template":"","format":"standard","meta":{"footnotes":""},"categories":[1586],"tags":[11,1777,674,1779,1011,27,12,25,7856,72394,5095,1778,364],"class_list":{"0":"post-613041","1":"post","2":"type-post","3":"status-publish","4":"format-standard","5":"has-post-thumbnail","7":"category-europe","8":"tag-actualites","9":"tag-eu","10":"tag-europe","11":"tag-european-union","12":"tag-fr","13":"tag-france","14":"tag-news","15":"tag-republique-francaise","16":"tag-samedi-soir","17":"tag-sensations-fortes","18":"tag-star-academy","19":"tag-ue","20":"tag-union-europeenne"},"share_on_mastodon":{"url":"https:\/\/pubeurope.com\/@fr\/115755551742630955","error":""},"_links":{"self":[{"href":"https:\/\/www.europesays.com\/fr\/wp-json\/wp\/v2\/posts\/613041","targetHints":{"allow":["GET"]}}],"collection":[{"href":"https:\/\/www.europesays.com\/fr\/wp-json\/wp\/v2\/posts"}],"about":[{"href":"https:\/\/www.europesays.com\/fr\/wp-json\/wp\/v2\/types\/post"}],"author":[{"embeddable":true,"href":"https:\/\/www.europesays.com\/fr\/wp-json\/wp\/v2\/users\/2"}],"replies":[{"embeddable":true,"href":"https:\/\/www.europesays.com\/fr\/wp-json\/wp\/v2\/comments?post=613041"}],"version-history":[{"count":0,"href":"https:\/\/www.europesays.com\/fr\/wp-json\/wp\/v2\/posts\/613041\/revisions"}],"wp:featuredmedia":[{"embeddable":true,"href":"https:\/\/www.europesays.com\/fr\/wp-json\/wp\/v2\/media\/613042"}],"wp:attachment":[{"href":"https:\/\/www.europesays.com\/fr\/wp-json\/wp\/v2\/media?parent=613041"}],"wp:term":[{"taxonomy":"category","embeddable":true,"href":"https:\/\/www.europesays.com\/fr\/wp-json\/wp\/v2\/categories?post=613041"},{"taxonomy":"post_tag","embeddable":true,"href":"https:\/\/www.europesays.com\/fr\/wp-json\/wp\/v2\/tags?post=613041"}],"curies":[{"name":"wp","href":"https:\/\/api.w.org\/{rel}","templated":true}]}}