{"id":613043,"date":"2025-12-21T03:58:22","date_gmt":"2025-12-21T03:58:22","guid":{"rendered":"https:\/\/www.europesays.com\/fr\/613043\/"},"modified":"2025-12-21T03:58:22","modified_gmt":"2025-12-21T03:58:22","slug":"le-premier-consistoire-extraordinaire-de-leon-xiv-aura-lieu-les-7-et-8-janvier","status":"publish","type":"post","link":"https:\/\/www.europesays.com\/fr\/613043\/","title":{"rendered":"Le premier consistoire extraordinaire de L\u00e9on XIV aura lieu les 7 et 8 janvier"},"content":{"rendered":"<p>Le premier consistoire extraordinaire du pontificat de L\u00e9on XIV se d\u00e9roulera sur deux jours d\u00e9but janvier 2026 et sera marqu\u00e9 par des moments de communion et de fraternit\u00e9, ainsi que par des temps consacr\u00e9s \u00e0 la r\u00e9flexion, au partage et \u00e0 la pri\u00e8re, a indiqu\u00e9 la Salle de presse du Saint-Si\u00e8ge dans un communiqu\u00e9 publi\u00e9 samedi 20 d\u00e9cembre.  <\/p>\n<p><b>Vatican News<\/b><\/p>\n<p>Comme annonc\u00e9 en novembre dernier, \u00able Saint-P\u00e8re a convoqu\u00e9 le premier consistoire extraordinaire de son pontificat, qui se tiendra les 7 et 8 janvier 2026\u00bb, a indiqu\u00e9 samedi 20 d\u00e9cembre la Salle de presse du Saint-Si\u00e8ge. \u00abLa rencontre se d\u00e9roulera sur deux jours et sera marqu\u00e9e par des moments de communion et de fraternit\u00e9, ainsi que par des temps consacr\u00e9s \u00e0 la r\u00e9flexion, au partage et \u00e0 la pri\u00e8re\u00bb, indique le communiqu\u00e9. \u00abCes moments auront pour but de favoriser un discernement commun et d&rsquo;offrir soutien et conseil au Saint-P\u00e8re dans l&rsquo;exercice de sa haute et lourde responsabilit\u00e9 \u00e0 la t\u00eate de l&rsquo;\u00c9glise universelle\u00bb.<\/p>\n<p>\u00abLe consistoire s&rsquo;inscrit dans le contexte de la vie et de la mission de l&rsquo;\u00c9glise, et vise \u00e0 renforcer la communion entre l&rsquo;\u00e9v\u00eaque de Rome et les cardinaux, appel\u00e9s \u00e0 collaborer de mani\u00e8re particuli\u00e8re \u00e0 la sollicitude pour le bien de l&rsquo;\u00c9glise universelle\u00bb, a pr\u00e9cis\u00e9 la Salle de presse du Saint-Si\u00e8ge.<\/p>\n<p>Le Pape L\u00e9on XIV avait d\u00e9j\u00e0 pr\u00e9sid\u00e9 <a href=\"https:\/\/www.vaticannews.va\/fr\/pape\/news\/2025-06\/vendredi-13-juin-premier-consistoire-de-leon-xiv.html\" target=\"_blank\" rel=\"noopener\">un premier consistoire public ordinaire<\/a> le 13 juin dernier, mais celui-ci avait \u00e9t\u00e9 convoqu\u00e9 par le Pape Fran\u00e7ois avant son d\u00e9c\u00e8s. Les cardinaux avaient approuv\u00e9 la canonisation de huit bienheureux. Un consistoire ordinaire est librement convoqu\u00e9 par le Pape pour nommer de nouveaux cardinaux, traiter d\u2019une affaire habituelle ou approuver les d\u00e9crets de b\u00e9atifications et canonisations. Pour traiter des sujets urgents ou graves, le Pape peut consulter les cardinaux au cours de consistoires extraordinaires qui se tiennent \u00e0 huis clos.<\/p>\n","protected":false},"excerpt":{"rendered":"Le premier consistoire extraordinaire du pontificat de L\u00e9on XIV se d\u00e9roulera sur deux jours d\u00e9but janvier 2026 et&hellip;\n","protected":false},"author":2,"featured_media":613044,"comment_status":"","ping_status":"","sticky":false,"template":"","format":"standard","meta":{"footnotes":""},"categories":[2],"tags":[11,18362,72395,1011,27,12,20114,25],"class_list":{"0":"post-613043","1":"post","2":"type-post","3":"status-publish","4":"format-standard","5":"has-post-thumbnail","7":"category-actualites","8":"tag-actualites","9":"tag-cardinaux","10":"tag-consistoire","11":"tag-fr","12":"tag-france","13":"tag-news","14":"tag-pape-leon-xiv","15":"tag-republique-francaise"},"share_on_mastodon":{"url":"https:\/\/pubeurope.com\/@fr\/115755555532444234","error":""},"_links":{"self":[{"href":"https:\/\/www.europesays.com\/fr\/wp-json\/wp\/v2\/posts\/613043","targetHints":{"allow":["GET"]}}],"collection":[{"href":"https:\/\/www.europesays.com\/fr\/wp-json\/wp\/v2\/posts"}],"about":[{"href":"https:\/\/www.europesays.com\/fr\/wp-json\/wp\/v2\/types\/post"}],"author":[{"embeddable":true,"href":"https:\/\/www.europesays.com\/fr\/wp-json\/wp\/v2\/users\/2"}],"replies":[{"embeddable":true,"href":"https:\/\/www.europesays.com\/fr\/wp-json\/wp\/v2\/comments?post=613043"}],"version-history":[{"count":0,"href":"https:\/\/www.europesays.com\/fr\/wp-json\/wp\/v2\/posts\/613043\/revisions"}],"wp:featuredmedia":[{"embeddable":true,"href":"https:\/\/www.europesays.com\/fr\/wp-json\/wp\/v2\/media\/613044"}],"wp:attachment":[{"href":"https:\/\/www.europesays.com\/fr\/wp-json\/wp\/v2\/media?parent=613043"}],"wp:term":[{"taxonomy":"category","embeddable":true,"href":"https:\/\/www.europesays.com\/fr\/wp-json\/wp\/v2\/categories?post=613043"},{"taxonomy":"post_tag","embeddable":true,"href":"https:\/\/www.europesays.com\/fr\/wp-json\/wp\/v2\/tags?post=613043"}],"curies":[{"name":"wp","href":"https:\/\/api.w.org\/{rel}","templated":true}]}}