{"id":613053,"date":"2025-12-21T04:09:21","date_gmt":"2025-12-21T04:09:21","guid":{"rendered":"https:\/\/www.europesays.com\/fr\/613053\/"},"modified":"2025-12-21T04:09:21","modified_gmt":"2025-12-21T04:09:21","slug":"cyclo-cross-de-lannion-ca-donne-bien-en-haut-des-marches-de-brelevenez-en-images","status":"publish","type":"post","link":"https:\/\/www.europesays.com\/fr\/613053\/","title":{"rendered":"Cyclo-cross de Lannion, \u00ab\u00a0\u00e7a donne bien\u00a0\u00bb en haut des marches de Br\u00e9l\u00e9venez [En images]"},"content":{"rendered":"<p>Presque tout en haut des 142 marches de Br\u00e9l\u00e9venez, bonnet sur la t\u00eate, une spectatrice un peu particuli\u00e8re guette le d\u00e9part de la derni\u00e8re course du 3e cyclo-cross de Lannion, nouvelle formule. Il est 17\u00a0h. Les cloches de l\u2019\u00e9glise de la Trinit\u00e9 n\u2019ont pas encore sonn\u00e9. Anne \u00c9lizabeth Sant, lunettes cercl\u00e9es de noir, est aux anges. La Canadienne, ancienne championne de v\u00e9lo, organise une manche du championnat du Qu\u00e9bec de cyclo-cross, \u00e0 Magog.<\/p>\n<p><img decoding=\"async\" src=\"https:\/\/www.europesays.com\/fr\/wp-content\/uploads\/2025\/12\/6946ec1f302cd90e9e0a7d0b.1.jpeg\" width=\"480\" height=\"300\" class=\"web_golden_m\" loading=\"lazy\" alt=\"Anne Elizabeth Sant, organisatrice qu\u00e9b\u00e9coise de cyclo-cross, crois\u00e9e dans les marches de Br\u00e9l\u00e9venez.\"\/>Anne Elizabeth Sant, organisatrice qu\u00e9b\u00e9coise de cyclo-cross, crois\u00e9e dans les marches de Br\u00e9l\u00e9venez. (Le T\u00e9l\u00e9gramme\/J\u00e9r\u00f4me Bouin)<\/p>\n<p>Ce samedi, elle est venue en observatrice et aussi pour rencontrer des passionn\u00e9s de cyclo-cross. \u00ab\u00a0Dans les ann\u00e9es 90, j\u2019ai rencontr\u00e9 des Bretons. Je suis m\u00eame venue courir en Bretagne\u00a0\u00bb, explique-t-elle. Pas de marches de Br\u00e9l\u00e9venez chez nos cousins canadiens. \u00ab\u00a0On n\u2019a pas la beaut\u00e9, le charme, et l\u2019histoire d\u2019ici.\u00a0\u00bb<\/p>\n<p>Il est vrai que ces marches de Br\u00e9l\u00e9venez sont un puissant aimant \u00e0 spectateurs. Plus bas, dans le Stanco, install\u00e9e sur une chaise, Simone, 89 printemps, ne dit pas le contraire. \u00ab\u00a0C\u2019est exceptionnel. Ce sont ces marches qui font le succ\u00e8s\u00a0\u00bb. Elle suit la course gr\u00e2ce \u00e0 l\u2019\u00e9cran g\u00e9ant. Sa voisine, Madeleine, de Ploumilliau comme elle, n\u2019en rate pas une miette. \u00ab\u00a0On va voir les courses tous les dimanches, explique Simone, avec mon mari.<\/p>\n<p><img decoding=\"async\" src=\"https:\/\/www.europesays.com\/fr\/wp-content\/uploads\/2025\/12\/6946ec1fcbda25ac3a00dc88.1.jpeg\" width=\"480\" height=\"300\" class=\"web_golden_m\" loading=\"lazy\" alt=\"\u00ab\u00a0On va voir les courses tous les dimanches, explique Simone, ici \u00e0 droite, avec son amie Madeleine.\"\/>\u00ab\u00a0On va voir les courses tous les dimanches, explique Simone, ici \u00e0 droite, avec son amie Madeleine. (Le T\u00e9l\u00e9gramme\/J\u00e9r\u00f4me Bouin)<\/p>\n<p>\u00ab\u00a0Allez Kenan\u00a0!!!\u00a0\u00bb Dans un virage, Tilio, Ma\u00efwenn et Ianis sont install\u00e9s fa\u00e7on Tour de France. Bob sur la t\u00eate pour les gar\u00e7ons, fumig\u00e8nes en poche, ces trois jeunes Tr\u00e9gorrois sont venus encourager leurs potes des clubs locaux. Objectif \u00ab\u00a0S\u2019amuser, mettre un peu l\u2019ambiance\u00a0\u00bb, sourit Tilio. Depuis le haut des marches, notre organisatrice canadienne confirme\u00a0: \u00ab\u00a0\u00e7a donne bien ici\u00a0!\u00a0\u00bb.<\/p>\n<p><img decoding=\"async\" src=\"https:\/\/www.europesays.com\/fr\/wp-content\/uploads\/2025\/12\/6946ec1f3841c7af1c0ce32a.1.jpeg\" width=\"480\" height=\"300\" class=\"web_golden_m\" loading=\"lazy\" alt=\"Ma\u00efwenn, Tilio et Ianis, install\u00e9s dans un virage, dans le bois du Stanco.\"\/>Ma\u00efwenn, Tilio et Ianis, install\u00e9s dans un virage, dans le bois du Stanco. (Le T\u00e9l\u00e9gramme\/J\u00e9r\u00f4me Bouin)<img decoding=\"async\" src=\"https:\/\/www.europesays.com\/fr\/wp-content\/uploads\/2025\/12\/6946ec1e65be40ad26071b86.1.jpeg\" width=\"480\" height=\"300\" class=\"web_golden_m\" loading=\"lazy\" alt=\"Leur copain Kenan Le Fournis, finalement second de sa course en U19.\"\/>Leur copain Kenan Le Fournis, finalement second de sa course en U19. (Le T\u00e9l\u00e9gramme\/J\u00e9r\u00f4me Bouin)<img decoding=\"async\" src=\"https:\/\/www.europesays.com\/fr\/wp-content\/uploads\/2025\/12\/6946ec1e41687cbe8e0bb200.1.jpeg\" width=\"480\" height=\"300\" class=\"web_golden_m\" loading=\"lazy\" alt=\"Cyclo-cross de Lannion, samedi 20\u00a0d\u00e9cembre 2025.\"\/>Cyclo-cross de Lannion, samedi 20\u00a0d\u00e9cembre 2025. (Le T\u00e9l\u00e9gramme\/J\u00e9r\u00f4me Bouin)<img decoding=\"async\" src=\"https:\/\/www.europesays.com\/fr\/wp-content\/uploads\/2025\/12\/6946ec1e302cd90e9e0a7d0a.1.jpeg\" width=\"480\" height=\"300\" class=\"web_golden_m\" loading=\"lazy\" alt=\"Cyclo-cross de Lannion, samedi 20\u00a0d\u00e9cembre 2025.\"\/>Cyclo-cross de Lannion, samedi 20\u00a0d\u00e9cembre 2025. (Le T\u00e9l\u00e9gramme\/J\u00e9r\u00f4me Bouin)<img decoding=\"async\" src=\"https:\/\/www.europesays.com\/fr\/wp-content\/uploads\/2025\/12\/6946ec1de967c6aafc035092.1.jpeg\" width=\"480\" height=\"300\" class=\"web_golden_m\" loading=\"lazy\" alt=\"Un public attentif, sur le parvis de l\u2019\u00e9glise.\"\/>Un public attentif, sur le parvis de l\u2019\u00e9glise. (Le T\u00e9l\u00e9gramme\/J\u00e9r\u00f4me Bouin)<img decoding=\"async\" src=\"https:\/\/www.europesays.com\/fr\/wp-content\/uploads\/2025\/12\/6946ec1d12c073148806fa68.1.jpeg\" width=\"480\" height=\"300\" class=\"web_golden_m\" loading=\"lazy\" alt=\"Le Breton Damien Martin, speaker du tour de France\u2026 et du cyclo-cross de Br\u00e9l\u00e9venez\u00a0!\"\/>Le Breton Damien Martin, speaker du tour de France\u2026 et du cyclo-cross de Br\u00e9l\u00e9venez\u00a0! (Le T\u00e9l\u00e9gramme\/J\u00e9r\u00f4me Bouin)<img decoding=\"async\" src=\"https:\/\/www.europesays.com\/fr\/wp-content\/uploads\/2025\/12\/6946ec1c616415aead0ed6aa.1.jpeg\" width=\"480\" height=\"300\" class=\"web_golden_m\" loading=\"lazy\" alt=\"Cyclo-cross de Lannion, samedi 20\u00a0d\u00e9cembre 2025.\"\/>Cyclo-cross de Lannion, samedi 20\u00a0d\u00e9cembre 2025. (Le T\u00e9l\u00e9gramme\/J\u00e9r\u00f4me Bouin)<\/p>\n","protected":false},"excerpt":{"rendered":"Presque tout en haut des 142 marches de Br\u00e9l\u00e9venez, bonnet sur la t\u00eate, une spectatrice un peu particuli\u00e8re&hellip;\n","protected":false},"author":2,"featured_media":613054,"comment_status":"","ping_status":"","sticky":false,"template":"","format":"standard","meta":{"footnotes":""},"categories":[1411],"tags":[1154,207,6159,59294,1011,27,5862,60],"class_list":{"0":"post-613053","1":"post","2":"type-post","3":"status-publish","4":"format-standard","5":"has-post-thumbnail","7":"category-cyclisme","8":"tag-cycling","9":"tag-cyclisme","10":"tag-cyclisme-amateurs","11":"tag-cyclo-cross","12":"tag-fr","13":"tag-france","14":"tag-lannion","15":"tag-sports"},"share_on_mastodon":{"url":"https:\/\/pubeurope.com\/@fr\/115755600314352666","error":""},"_links":{"self":[{"href":"https:\/\/www.europesays.com\/fr\/wp-json\/wp\/v2\/posts\/613053","targetHints":{"allow":["GET"]}}],"collection":[{"href":"https:\/\/www.europesays.com\/fr\/wp-json\/wp\/v2\/posts"}],"about":[{"href":"https:\/\/www.europesays.com\/fr\/wp-json\/wp\/v2\/types\/post"}],"author":[{"embeddable":true,"href":"https:\/\/www.europesays.com\/fr\/wp-json\/wp\/v2\/users\/2"}],"replies":[{"embeddable":true,"href":"https:\/\/www.europesays.com\/fr\/wp-json\/wp\/v2\/comments?post=613053"}],"version-history":[{"count":0,"href":"https:\/\/www.europesays.com\/fr\/wp-json\/wp\/v2\/posts\/613053\/revisions"}],"wp:featuredmedia":[{"embeddable":true,"href":"https:\/\/www.europesays.com\/fr\/wp-json\/wp\/v2\/media\/613054"}],"wp:attachment":[{"href":"https:\/\/www.europesays.com\/fr\/wp-json\/wp\/v2\/media?parent=613053"}],"wp:term":[{"taxonomy":"category","embeddable":true,"href":"https:\/\/www.europesays.com\/fr\/wp-json\/wp\/v2\/categories?post=613053"},{"taxonomy":"post_tag","embeddable":true,"href":"https:\/\/www.europesays.com\/fr\/wp-json\/wp\/v2\/tags?post=613053"}],"curies":[{"name":"wp","href":"https:\/\/api.w.org\/{rel}","templated":true}]}}