{"id":613059,"date":"2025-12-21T04:12:14","date_gmt":"2025-12-21T04:12:14","guid":{"rendered":"https:\/\/www.europesays.com\/fr\/613059\/"},"modified":"2025-12-21T04:12:14","modified_gmt":"2025-12-21T04:12:14","slug":"mako-deuza-du-street-art-a-lespace-diamant-portrait-dun-portraitiste-hors-pair","status":"publish","type":"post","link":"https:\/\/www.europesays.com\/fr\/613059\/","title":{"rendered":"Mako Deuza, du street-art \u00e0 l&rsquo;Espace Diamant, portrait d&rsquo;un portraitiste hors pair\u2026"},"content":{"rendered":"<p>Pour sa derni\u00e8re exposition de 2025, l&rsquo;Espace Diamant a choisi d&rsquo;inviter Mako Deuza, un artiste \u00ab\u00a0dont le parcours singulier et profond\u00e9ment humain interpelle par sa sensibilit\u00e9, la force cr\u00e9ative et la profondeur de regard font de chacune de ses \u0153uvres une rencontre\u00a0\u00bb, commente Simone Guerrini.\u00a0Jusqu&rsquo;au 23\u00a0d\u00e9cembre, ce peintre hors-norme, virtuose des jeux de lumi\u00e8re, pr\u00e9sente de nouvelles toiles qui prolongent les fresques murales.<\/p>\n<p><strong>Vous avez commenc\u00e9 en faisant des graffitis sur des lieux insolites. Quel effet cela produit-il de passer du street art \u00e0 une exposition officielle\u00a0?<\/strong>&#13;\n<\/p>\n<p>Cela met en perspective tout le chemin parcouru ces 20 derni\u00e8res ann\u00e9es, des premi\u00e8res sorties nocturnes, des premiers halls of fame, des premiers portraits dans l&rsquo;ancien FR3 route des Sanguinaires, des premi\u00e8res commandes, de la d\u00e9couverte du travail en atelier, \u00e0 cette exposition ici \u00e0 l&rsquo;Espace Diamant.<\/p>\n<p>Je suis fier aujourd&rsquo;hui de pouvoir y pr\u00e9senter une douzaine d&rsquo;\u0153uvres r\u00e9alis\u00e9es, comme toujours, uniquement \u00e0 la bombe a\u00e9rosol.<\/p>\n<p>\u00ab\u00a0Chaque visage est une exploration\u00a0\u00bb<\/p>\n<p><strong>Comment d\u00e9finir votre travail\u00a0?<\/strong>&#13;\n<\/p>\n<p>Je peins des portraits r\u00e9alistes, parfois hyperr\u00e9alistes, dans lesquels je m\u00eale \u00e9motions et jeux de lumi\u00e8re. Chaq&#8230;<\/p>\n","protected":false},"excerpt":{"rendered":"Pour sa derni\u00e8re exposition de 2025, l&rsquo;Espace Diamant a choisi d&rsquo;inviter Mako Deuza, un artiste \u00ab\u00a0dont le parcours&hellip;\n","protected":false},"author":2,"featured_media":613060,"comment_status":"","ping_status":"","sticky":false,"template":"","format":"standard","meta":{"footnotes":""},"categories":[1358],"tags":[17,5622,3734,1348,1384,1385,1687,1386,72397,52420,58,59,1011,27,30993,72396,3845],"class_list":{"0":"post-613059","1":"post","2":"type-post","3":"status-publish","4":"format-standard","5":"has-post-thumbnail","7":"category-arts-et-design","8":"tag-17","9":"tag-ajaccio","10":"tag-art","11":"tag-arts","12":"tag-arts-and-design","13":"tag-arts-et-design","14":"tag-culture-loisirs","15":"tag-design","16":"tag-deuza","17":"tag-diamant","18":"tag-divertissement","19":"tag-entertainment","20":"tag-fr","21":"tag-france","22":"tag-lespace","23":"tag-mako","24":"tag-street"},"share_on_mastodon":{"url":"https:\/\/pubeurope.com\/@fr\/115755610478099614","error":""},"_links":{"self":[{"href":"https:\/\/www.europesays.com\/fr\/wp-json\/wp\/v2\/posts\/613059","targetHints":{"allow":["GET"]}}],"collection":[{"href":"https:\/\/www.europesays.com\/fr\/wp-json\/wp\/v2\/posts"}],"about":[{"href":"https:\/\/www.europesays.com\/fr\/wp-json\/wp\/v2\/types\/post"}],"author":[{"embeddable":true,"href":"https:\/\/www.europesays.com\/fr\/wp-json\/wp\/v2\/users\/2"}],"replies":[{"embeddable":true,"href":"https:\/\/www.europesays.com\/fr\/wp-json\/wp\/v2\/comments?post=613059"}],"version-history":[{"count":0,"href":"https:\/\/www.europesays.com\/fr\/wp-json\/wp\/v2\/posts\/613059\/revisions"}],"wp:featuredmedia":[{"embeddable":true,"href":"https:\/\/www.europesays.com\/fr\/wp-json\/wp\/v2\/media\/613060"}],"wp:attachment":[{"href":"https:\/\/www.europesays.com\/fr\/wp-json\/wp\/v2\/media?parent=613059"}],"wp:term":[{"taxonomy":"category","embeddable":true,"href":"https:\/\/www.europesays.com\/fr\/wp-json\/wp\/v2\/categories?post=613059"},{"taxonomy":"post_tag","embeddable":true,"href":"https:\/\/www.europesays.com\/fr\/wp-json\/wp\/v2\/tags?post=613059"}],"curies":[{"name":"wp","href":"https:\/\/api.w.org\/{rel}","templated":true}]}}