{"id":613061,"date":"2025-12-21T04:14:13","date_gmt":"2025-12-21T04:14:13","guid":{"rendered":"https:\/\/www.europesays.com\/fr\/613061\/"},"modified":"2025-12-21T04:14:13","modified_gmt":"2025-12-21T04:14:13","slug":"edition-du-samedi-20-decembre-2025-en-replay-journal-20h00-france-tv","status":"publish","type":"post","link":"https:\/\/www.europesays.com\/fr\/613061\/","title":{"rendered":"\u00c9dition du samedi 20 d\u00e9cembre 2025 en replay &#8211; Journal 20h00 &#8211; France TV"},"content":{"rendered":"<ol>\n<li><a href=\"https:\/\/news.google.com\/rss\/articles\/CBMilwFBVV95cUxNTGkxaU9ld3dLSWhXbkwxVlk0Z0tPRTJ0N3Bqd0tjTXRyaEpWWGtrbDllYWZhcDBOV255NExsMjRXMmRMZjE5TWN6RjIzMFEzVDREOU1nX3ljSjRYTW8wbjVYV2x3QXVUZUtSWURxbmJ5aEFuS0Yxb1A3Yl9IZGU3cE5tTmdkblN5STZ1cVB6cUZjU28wUVNz?oc=5\" target=\"_blank\" rel=\"noopener\">\u00c9dition du samedi 20 d\u00e9cembre 2025 en replay &#8211; Journal 20h00<\/a>&nbsp;&nbsp;France TV<\/li>\n<li><a href=\"https:\/\/news.google.com\/rss\/articles\/CBMilwFBVV95cUxPWDIwM20zSkp3UHdMRC1RczlEaDVNeUlfb2xKSERCQzRidVJYY21qV1ZnOGxOOGlqbU1BRjV4QkVRNW5YeUxFZDdpZU92RnFpMm9Ld0hMY3FRaFJZZDYyemp0TmN3eE5hVHAyVXd2cmtxVElsamRHVlBRbzdrZ0hHUHc0YlcwSVNCX21IWTIxa2RyblpuckZz?oc=5\" target=\"_blank\" rel=\"noopener\">\u00c9mission du samedi 20 d\u00e9cembre 2025 en replay &#8211; C dans l&rsquo;air<\/a>&nbsp;&nbsp;France TV<\/li>\n<li><a href=\"https:\/\/news.google.com\/rss\/articles\/CBMipwFBVV95cUxQSGZXcmlCdVVLSVNLeXpEaVpFZ2F2NDF5VGo5NGd5VWQ5X1FtaHNOX0xEWHlzUG1sYmZBVTAxSFZGV0ZTczZjcldpamdyc19YTW42bDhuNEhPRjJGQjB5dTk0M3ltbEt0OXZtekMySXlfSHBSakZ1a1daOGxaWElxQWhnaFp5bGM1Um0xLThVMVhvWTZLR2JBM2NsREhzWjN5UUZxUVEyOA?oc=5\" target=\"_blank\" rel=\"noopener\">JT de 13h du samedi 20 d\u00e9cembre 2025<\/a>&nbsp;&nbsp;Franceinfo<\/li>\n<li><a href=\"https:\/\/news.google.com\/rss\/articles\/CBMigAFBVV95cUxNV2V0aE1uNU9GS1hsVGdXdFB5ZEhVdFNfaEswaE1KYVhBb0hGWW93Y0g0aWFJTXpnbld5OFJicjhpc3pvc0VwMEhIMjdXeHZSNlNMaWFETkdCNFQzcGg3NVhWR3hPYUlWd2dwRHpVSE9vTFlJLUIzUGFoVUQyM09Pdg?oc=5\" target=\"_blank\" rel=\"noopener\">L\u2019info du jour | 20 d\u00e9cembre 2025 &#8211; Matin<\/a>&nbsp;&nbsp;Yahoo Actualit\u00e9s<\/li>\n<li><a href=\"https:\/\/news.google.com\/rss\/articles\/CBMikAFBVV95cUxNblJZZW5BODdoQmlyOThESVduMFdnSW42VFY1dGNZdzJ2Zk5JZkI2U1l5RmRTV091bDZXakR6cW5HUFNFcHpGWV9BRlZYQ1F0Xy1SUHdZWGxwSmhfdWNrUDZXXzZUbVdWdEdMUDJOUnFBNWQ2Y3hsTGdESXEtN3BEV1JvWEpFN04zaVAwaGE0c1c?oc=5\" target=\"_blank\" rel=\"noopener\">L\u2019info | Samedi 20 d\u00e9cembre 2025<\/a>&nbsp;&nbsp;Puissance T\u00e9l\u00e9vision<\/li>\n<\/ol>\n","protected":false},"excerpt":{"rendered":"\u00c9dition du samedi 20 d\u00e9cembre 2025 en replay &#8211; Journal 20h00&nbsp;&nbsp;France TV \u00c9mission du samedi 20 d\u00e9cembre 2025&hellip;\n","protected":false},"author":2,"featured_media":613062,"comment_status":"","ping_status":"","sticky":false,"template":"","format":"standard","meta":{"footnotes":""},"categories":[1356],"tags":[58,59,1011,27,252,1364],"class_list":{"0":"post-613061","1":"post","2":"type-post","3":"status-publish","4":"format-standard","5":"has-post-thumbnail","7":"category-television","8":"tag-divertissement","9":"tag-entertainment","10":"tag-fr","11":"tag-france","12":"tag-television","13":"tag-tv"},"share_on_mastodon":{"url":"https:\/\/pubeurope.com\/@fr\/115755618486374204","error":""},"_links":{"self":[{"href":"https:\/\/www.europesays.com\/fr\/wp-json\/wp\/v2\/posts\/613061","targetHints":{"allow":["GET"]}}],"collection":[{"href":"https:\/\/www.europesays.com\/fr\/wp-json\/wp\/v2\/posts"}],"about":[{"href":"https:\/\/www.europesays.com\/fr\/wp-json\/wp\/v2\/types\/post"}],"author":[{"embeddable":true,"href":"https:\/\/www.europesays.com\/fr\/wp-json\/wp\/v2\/users\/2"}],"replies":[{"embeddable":true,"href":"https:\/\/www.europesays.com\/fr\/wp-json\/wp\/v2\/comments?post=613061"}],"version-history":[{"count":0,"href":"https:\/\/www.europesays.com\/fr\/wp-json\/wp\/v2\/posts\/613061\/revisions"}],"wp:featuredmedia":[{"embeddable":true,"href":"https:\/\/www.europesays.com\/fr\/wp-json\/wp\/v2\/media\/613062"}],"wp:attachment":[{"href":"https:\/\/www.europesays.com\/fr\/wp-json\/wp\/v2\/media?parent=613061"}],"wp:term":[{"taxonomy":"category","embeddable":true,"href":"https:\/\/www.europesays.com\/fr\/wp-json\/wp\/v2\/categories?post=613061"},{"taxonomy":"post_tag","embeddable":true,"href":"https:\/\/www.europesays.com\/fr\/wp-json\/wp\/v2\/tags?post=613061"}],"curies":[{"name":"wp","href":"https:\/\/api.w.org\/{rel}","templated":true}]}}