{"id":613065,"date":"2025-12-21T04:16:42","date_gmt":"2025-12-21T04:16:42","guid":{"rendered":"https:\/\/www.europesays.com\/fr\/613065\/"},"modified":"2025-12-21T04:16:42","modified_gmt":"2025-12-21T04:16:42","slug":"voici-le-meilleur-film-a-voir-au-cinema-pour-occuper-ses-enfants-pendant-les-vacances-de-noel","status":"publish","type":"post","link":"https:\/\/www.europesays.com\/fr\/613065\/","title":{"rendered":"Voici le meilleur film \u00e0 voir au cin\u00e9ma pour occuper ses enfants pendant les vacances de No\u00ebl"},"content":{"rendered":"<p class=\"app_entry_lead\">\n<p>                    <a title=\"\u00a0\u00a9\u00a0DISNEY\" href=\"https:\/\/www.europesays.com\/fr\/wp-content\/uploads\/2025\/12\/83440227.jpg\" class=\"fancy\"><\/p>\n<p>                            <img loading=\"lazy\" decoding=\"async\" src=\"https:\/\/www.europesays.com\/fr\/wp-content\/uploads\/2025\/12\/83440227.jpg\" alt=\"Voici le meilleur film \u00e0 voir au cin\u00e9ma pour occuper ses enfants pendant les vacances de No\u00ebl\" width=\"1500\" height=\"1000\"\/><\/p>\n<p>                    <\/a><\/p>\n<p>                                    C&rsquo;est le film que l&rsquo;on vous recommande de voir au cin\u00e9ma pour un moment en famille durant les f\u00eates de fin d&rsquo;ann\u00e9e.\n                            <\/p>\n<p>                Je m&rsquo;abonne \u00e0 la newsletter Bons Plans<\/p>\n<p>La p\u00e9riode des vacances de No\u00ebl est l&rsquo;occasion id\u00e9ale d&#8217;emmener petits et grands au cin\u00e9ma. C&rsquo;est non seulement la p\u00e9riode de l&rsquo;ann\u00e9e o\u00f9 plusieurs films familiaux sortent (films d&rsquo;animation ou blockbusters), mais \u00e9galement le moment o\u00f9 on a le temps de se poser. Plusieurs familles profitent \u00e9galement du 24\u00a0d\u00e9cembre pour se rendre dans les salles de cin\u00e9ma, pour que la journ\u00e9e passe plus vite pour les plus jeunes avant le r\u00e9veillon.<\/p>\n<p>Mais il n&rsquo;est pas forc\u00e9ment \u00e9vident de savoir quel film est adapt\u00e9 \u00e0 l&rsquo;\u00e2ge de nos enfants, et encore moins si les adultes ne vont pas s&rsquo;ennuyer devant\u00a0! Parents d&rsquo;adolescents, vous pouvez profiter des cong\u00e9s de fin d&rsquo;ann\u00e9e pour aller d\u00e9couvrir le troisi\u00e8me \u00e9pisode d&rsquo;Avatar, intitul\u00e9\u00a0De Feu et de Cendres. Du grand spectacle garanti pour la famille\u00a0! Mais le long-m\u00e9trage n&rsquo;est pas n\u00e9cessairement adapt\u00e9 aux enfants de moins de 12\u00a0ans. Pas de panique si vos petits sont plus jeunes : il y a un autre long-m\u00e9trage que vous pouvez voir en famille en ce moment.<\/p>\n<p><img decoding=\"async\" alt=\"\" src=\"https:\/\/www.europesays.com\/fr\/wp-content\/uploads\/2025\/12\/83440232.jpg\"\/><br \/>\n\u00a9\u00a0DISNEY<\/p>\n<p>Zootopie 2\u00a0est le film d&rsquo;animation id\u00e9al \u00e0 voir pendant les f\u00eates de fin d&rsquo;ann\u00e9e. Sorti le 27\u00a0novembre, il donne une suite au dessin anim\u00e9 Disney \u00e0 succ\u00e8s, sorti en 2016. Si vous avez appr\u00e9ci\u00e9 le premier \u00e9pisode, vous aimerez replongez dans la ville anthropomorphique et suivre la nouvelle enqu\u00eate de Nick et Judy. Not\u00e9 3,4\/5 par la presse fran\u00e7aise selon le recensement d&rsquo;Allocin\u00e9, le dessin anim\u00e9 a s\u00e9duit le public et reste consid\u00e9r\u00e9 comme une suite qualitative.<\/p>\n<p>Il est possible de voir\u00a0Zootopie 2\u00a0\u00e0 partir de 6\u00a0ans selon les classifications de plusieurs pays. En France, il est class\u00e9 en \u00ab\u00a0Tous publics\u00a0\u00bb. Et comme\u00a0 son pr\u00e9d\u00e9cesseur, le film d&rsquo;animation a toutes les qualit\u00e9s pour convenir \u00e0 tous les \u00e2ges. Plusieurs r\u00e9f\u00e9rences et clins d&rsquo;oeil \u00e9grainent le dessin anim\u00e9 que les adultes vont pouvoir s&rsquo;amuser \u00e0 rep\u00e9rer, quand les plus jeunes se d\u00e9lecteront des aventures rocambolesques du duo d&rsquo;enqu\u00eateurs. On rappelle toutefois qu&rsquo;il n&rsquo;est pas recommand\u00e9 d&#8217;emmener des enfants de 3\u00a0ans ou moins au cin\u00e9ma, \u00e0 l&rsquo;exception de s\u00e9ances courtes d\u00e9di\u00e9es \u00e0 ces tranches d&rsquo;\u00e2ge.<\/p>\n","protected":false},"excerpt":{"rendered":"C&rsquo;est le film que l&rsquo;on vous recommande de voir au cin\u00e9ma pour un moment en famille durant les&hellip;\n","protected":false},"author":2,"featured_media":613066,"comment_status":"","ping_status":"","sticky":false,"template":"","format":"standard","meta":{"footnotes":""},"categories":[1354],"tags":[72398,51761,58,59,1346,51763,1011,27,51979,1031,1360,51767],"class_list":{"0":"post-613065","1":"post","2":"type-post","3":"status-publish","4":"format-standard","5":"has-post-thumbnail","7":"category-films","8":"tag-cms-linternaute-9373247","9":"tag-controller-content","10":"tag-divertissement","11":"tag-entertainment","12":"tag-films","13":"tag-format-papier","14":"tag-fr","15":"tag-france","16":"tag-les-histoires-de-linternaute","17":"tag-magazine","18":"tag-movies","19":"tag-parallaxeinfeed"},"share_on_mastodon":{"url":"https:\/\/pubeurope.com\/@fr\/115755627301157436","error":""},"_links":{"self":[{"href":"https:\/\/www.europesays.com\/fr\/wp-json\/wp\/v2\/posts\/613065","targetHints":{"allow":["GET"]}}],"collection":[{"href":"https:\/\/www.europesays.com\/fr\/wp-json\/wp\/v2\/posts"}],"about":[{"href":"https:\/\/www.europesays.com\/fr\/wp-json\/wp\/v2\/types\/post"}],"author":[{"embeddable":true,"href":"https:\/\/www.europesays.com\/fr\/wp-json\/wp\/v2\/users\/2"}],"replies":[{"embeddable":true,"href":"https:\/\/www.europesays.com\/fr\/wp-json\/wp\/v2\/comments?post=613065"}],"version-history":[{"count":0,"href":"https:\/\/www.europesays.com\/fr\/wp-json\/wp\/v2\/posts\/613065\/revisions"}],"wp:featuredmedia":[{"embeddable":true,"href":"https:\/\/www.europesays.com\/fr\/wp-json\/wp\/v2\/media\/613066"}],"wp:attachment":[{"href":"https:\/\/www.europesays.com\/fr\/wp-json\/wp\/v2\/media?parent=613065"}],"wp:term":[{"taxonomy":"category","embeddable":true,"href":"https:\/\/www.europesays.com\/fr\/wp-json\/wp\/v2\/categories?post=613065"},{"taxonomy":"post_tag","embeddable":true,"href":"https:\/\/www.europesays.com\/fr\/wp-json\/wp\/v2\/tags?post=613065"}],"curies":[{"name":"wp","href":"https:\/\/api.w.org\/{rel}","templated":true}]}}