{"id":613067,"date":"2025-12-21T04:17:15","date_gmt":"2025-12-21T04:17:15","guid":{"rendered":"https:\/\/www.europesays.com\/fr\/613067\/"},"modified":"2025-12-21T04:17:15","modified_gmt":"2025-12-21T04:17:15","slug":"on-accuse-toujours-le-froid-pourtant-cette-raison-surprenante-expliquerait-pourquoi-vous-etes-plus-malade-en-hiver","status":"publish","type":"post","link":"https:\/\/www.europesays.com\/fr\/613067\/","title":{"rendered":"On accuse toujours le froid : pourtant, cette raison surprenante expliquerait pourquoi vous \u00eates plus malade en hiver"},"content":{"rendered":"<p><strong>La neige tombe derri\u00e8re la vitre, vous grelottez\u2026 et votre bo\u00eete de mouchoirs se vide \u00e0 vue d&rsquo;\u0153il. Chaque hiver, le m\u00eame sc\u00e9nario : rhumes, angines et virus en pagaille. Faut-il vraiment accuser le froid ? Et si un coupable moins visible expliquait notre vuln\u00e9rabilit\u00e9 hivernale ?<\/strong><\/p>\n<p> Les virus adorent l&rsquo;hiver\u2026 mais pas seulement \u00e0 cause du froid<br \/>\nFroid et maladies : une vieille croyance revisit\u00e9e<\/p>\n<p>Dans l&rsquo;imaginaire collectif, le froid est l&rsquo;ennemi num\u00e9ro un de la sant\u00e9 hivernale : \u00ab Mets ta veste ou tu vas attraper un rhume ! \u00bb Combien de fois cette phrase a-t-elle ponctu\u00e9 les mois de d\u00e9cembre sous nos latitudes ? Pourtant, en y regardant de plus pr\u00e8s, <strong>le froid n&rsquo;est pas, en lui-m\u00eame, \u00e0 l&rsquo;origine des infections virales hivernales<\/strong>. Aucune brise glac\u00e9e ne transporte virus ou bact\u00e9ries \u00e0 la baguette. Le lien direct entre le froid et la maladie rel\u00e8ve davantage de la tradition populaire que de la r\u00e9alit\u00e9 scientifique.<\/p>\n<p> L&rsquo;influence r\u00e9elle du climat sur la circulation virale<\/p>\n<p>Ceci dit, l&rsquo;hiver rime tout de m\u00eame avec \u00e9pid\u00e9mies. Grippe, rhinopharyngite, bronchiolite\u2026 La liste est longue et bien connue des familles fran\u00e7aises. Mais alors, <strong>qu&rsquo;est-ce qui favorise l&rsquo;explosion des cas ?<\/strong> Ce sont, avant tout, nos modes de vie hivernaux : la vie en int\u00e9rieur, la promiscuit\u00e9 durant les f\u00eates, le manque d&rsquo;a\u00e9ration. Ce climat social dense, coupl\u00e9 \u00e0 des journ\u00e9es courtes, offre aux virus de belles opportunit\u00e9s pour circuler. La m\u00e9t\u00e9o influence donc indirectement la transmission virale\u2026 mais en raison de nos habitudes, plut\u00f4t que par le froid lui-m\u00eame.<\/p>\n<p>Un ennemi invisible : l&rsquo;air sec de nos int\u00e9rieurs chauff\u00e9s<br \/>\nChauffages \u00e0 fond, humidit\u00e9 \u00e0 plat : la recette parfaite pour se fragiliser<\/p>\n<p>Lorsque l&rsquo;hiver s&rsquo;installe, les radiateurs reprennent du service et transforment nos logements en cocons douillets. <strong>Mais cette chaleur ne va pas sans contrepartie : l&rsquo;air int\u00e9rieur devient rapidement sec<\/strong>. Les taux d&rsquo;humidit\u00e9 s&rsquo;effondrent, parfois bien en-dessous des recommandations. Or, un air appauvri en humidit\u00e9, loin d&rsquo;\u00eatre anodin, modifie l&rsquo;\u00e9quilibre de nos d\u00e9fenses naturelles.<\/p>\n<p>L&rsquo;air sec affaiblit nos d\u00e9fenses naturelles : comment \u00e7a marche ?<\/p>\n<p>Pourquoi cet air sec pose-t-il probl\u00e8me ? <strong>\u00c0 chaque inspiration, nos muqueuses respiratoires filtrent, humidifient et pi\u00e8gent les intrus<\/strong>. Mais quand l&rsquo;humidit\u00e9 chute, elles se dess\u00e8chent, deviennent vuln\u00e9rables, et laissent passer plus facilement virus et microbes. La qualit\u00e9 de l&rsquo;air int\u00e9rieur fa\u00e7onne ainsi directement notre r\u00e9sistance aux infections hivernales.<\/p>\n<p>Quand les muqueuses se dess\u00e8chent, la porte s&rsquo;ouvre aux microbes<br \/>\nMuqueuses : premi\u00e8res sentinelles de l&rsquo;immunit\u00e9<\/p>\n<p>Les muqueuses du nez et de la gorge sont nos premi\u00e8res lignes de d\u00e9fense. V\u00e9ritables <strong>gardiennes muettes de notre sant\u00e9<\/strong>, elles retiennent poussi\u00e8res, allerg\u00e8nes et agents pathog\u00e8nes hors de nos poumons. Dot\u00e9es de minuscules cils et d&rsquo;un mucus protecteur, elles forment un rempart pr\u00e9cieux, surtout en hiver, contre les assauts permanents des virus.<\/p>\n<p>Des barri\u00e8res en panne : pourquoi elles deviennent vuln\u00e9rables<\/p>\n<p><strong>Un air trop sec, comme souvent observ\u00e9 dans les habitations surchauff\u00e9es<\/strong>, d\u00e9shydrate ces muqueuses. R\u00e9sultat : leur fine pellicule de mucus s&rsquo;amincit, les cils sont moins mobiles et l&rsquo;\u00e9vacuation des microbes se fait au ralenti. C&rsquo;est \u00e0 ce moment-l\u00e0 que le risque d&rsquo;infection s&rsquo;envole. L&rsquo;air sec fragilise les muqueuses, les rendant moins protectrices face aux agents infectieux. En somme, c&rsquo;est un peu comme si on laissait la porte de la maison entrouverte au c\u0153ur de la nuit.<\/p>\n<p>Petits gestes, grands effets : comment pr\u00e9server vos muqueuses en hiver<br \/>\nA\u00e9rer sans grelotter, un \u00e9quilibre \u00e0 trouver<\/p>\n<p>A\u00e9rer quand il fait z\u00e9ro degr\u00e9 dehors ? Cela para\u00eet contre-intuitif, et pourtant, c&rsquo;est essentiel m\u00eame en plein mois de d\u00e9cembre. <strong>Un quart d&rsquo;heure d&rsquo;a\u00e9ration deux fois par jour suffit souvent \u00e0 renouveler l&rsquo;air<\/strong> et \u00e0 diminuer la concentration en agents pathog\u00e8nes. L&rsquo;astuce ? Couper les chauffages pendant ce court laps de temps, pour \u00e9viter le gaspillage \u00e9nerg\u00e9tique et pr\u00e9server la chaleur des pi\u00e8ces.<\/p>\n<p>Humidifier l&rsquo;air, boire plus\u2026 les r\u00e9flexes malins<\/p>\n<p>Quand l&rsquo;air est sec, <strong>penser \u00e0 humidifier son int\u00e9rieur change tout<\/strong>. Placer des bols d&rsquo;eau sur les radiateurs, utiliser un humidificateur, faire s\u00e9cher le linge dans la chambre : toutes les astuces sont bonnes pour maintenir un taux d&rsquo;humidit\u00e9 de 40 \u00e0 60 %. Ne pas oublier de s&rsquo;hydrater davantage : boire r\u00e9guli\u00e8rement de l&rsquo;eau, des tisanes ou des soupes aide naturellement \u00e0 maintenir l&rsquo;humidit\u00e9 des muqueuses. Les amoureux des plantes vertes auront aussi remarqu\u00e9 qu&rsquo;elles contribuent \u00e9galement, \u00e0 leur fa\u00e7on, \u00e0 humidifier l&rsquo;air ambiant. Rien de tel qu&rsquo;un peu de verdure en hiver pour joindre l&rsquo;utile \u00e0 l&rsquo;agr\u00e9able !<\/p>\n<p> Faut-il continuer \u00e0 accuser le froid ? On d\u00e9m\u00eale le vrai du faux<br \/>\nLes id\u00e9es re\u00e7ues sur le froid et la maladie : ce qu&rsquo;en disent les experts<\/p>\n<p>Qui n&rsquo;a jamais entendu \u00ab ne sors pas les cheveux mouill\u00e9s ! \u00bb ? Pourtant, <strong>le v\u00e9ritable coupable n&rsquo;est pas le froid, mais les conditions qu&rsquo;il cr\u00e9e<\/strong> : regroupements \u00e0 l&rsquo;int\u00e9rieur, air sec, baisse de la ventilation\u2026 Les courants d&rsquo;air peuvent certes rendre un trajet inconfortable, mais ils ne transportent pas automatiquement virus et microbes sur leur passage. Le froid est donc innocent\u00e9, du moins partiellement.<\/p>\n<p> Le r\u00f4le du mode de vie et des habitudes dans nos hivers malades<\/p>\n<p>C&rsquo;est souvent notre mode de vie qui fait la diff\u00e9rence. Entre le manque d&rsquo;activit\u00e9 physique, une alimentation moins riche en fruits et l\u00e9gumes, la diminution de la lumi\u00e8re naturelle et le stress des f\u00eates de fin d&rsquo;ann\u00e9e, <strong>nos d\u00e9fenses chutent<\/strong>. Rajoutez \u00e0 cela l&rsquo;air sec, et vous obtenez la combinaison r\u00eav\u00e9e pour que les virus fassent la f\u00eate \u00e0 nos d\u00e9pens. Heureusement, quelques ajustements suffisent \u00e0 renverser la vapeur !<\/p>\n<p>Se pr\u00e9parer pour la saison froide : vers un hiver en meilleure sant\u00e9<br \/>\n Ce que l&rsquo;on retient sur l&rsquo;air sec et nos d\u00e9fenses<\/p>\n<p>Il devient clair qu&rsquo;un simple coup d&rsquo;\u0153il au thermom\u00e8tre ne suffit pas \u00e0 expliquer nos <a href=\"https:\/\/journaldesseniors.20minutes.fr\/bien-etre\/pourquoi-croire-en-2025-malgre-tout-les-bonnes-nouvelles-qui-redonnent-espoir\/\" target=\"_blank\" rel=\"noopener\">rhumes \u00e0 r\u00e9p\u00e9tition<\/a>. <strong>L&rsquo;humidit\u00e9 de l&rsquo;air int\u00e9rieur, souvent n\u00e9glig\u00e9e, joue un r\u00f4le d\u00e9terminant dans la capacit\u00e9 de notre corps \u00e0 se prot\u00e9ger<\/strong>. Prendre soin de ses muqueuses, c&rsquo;est entretenir sa premi\u00e8re barri\u00e8re immunitaire \u2013 et \u00e7a commence par des gestes simples \u00e0 la maison.<\/p>\n<p>Les prochaines \u00e9tapes : pr\u00e9vention, astuces et nouvelles habitudes<\/p>\n<p>A\u00e9rer quotidiennement, humidifier l&rsquo;air sans tomber dans l&rsquo;exc\u00e8s, veiller \u00e0 une bonne hydratation et profiter d&rsquo;aliments riches en <a href=\"https:\/\/journaldesseniors.20minutes.fr\/sante\/ce-plat-traditionnel-souvent-mal-aime-est-en-realite-une-bombe-de-vitamine-c-a-consommer-tout-lhiver\/\" target=\"_blank\" rel=\"noopener\">vitamine C<\/a> : <strong>autant de r\u00e9flexes accessibles pour mieux passer la saison froide<\/strong>. La pr\u00e9vention n&rsquo;est jamais compliqu\u00e9e ni r\u00e9serv\u00e9e aux autres ! D&rsquo;autant que le plaisir de retrouver une maison saine et respirable n&rsquo;a pas de prix, particuli\u00e8rement lorsque toutes les g\u00e9n\u00e9rations se r\u00e9unissent pour les f\u00eates.<\/p>\n<p>Si le froid n&rsquo;est finalement pas l&rsquo;ennemi jur\u00e9 que l&rsquo;on imaginait, l&rsquo;air sec \u2013 insidieux et discret \u2013 m\u00e9rite davantage notre attention. Pourquoi ne pas changer de perspective cet hiver en adoptant ces petites astuces qui transforment notre quotidien ? C&rsquo;est peut-\u00eatre la cl\u00e9 pour profiter pleinement de la saison hivernale en bonne sant\u00e9, sans vider une nouvelle bo\u00eete de mouchoirs sous le sapin.<\/p>\n","protected":false},"excerpt":{"rendered":"La neige tombe derri\u00e8re la vitre, vous grelottez\u2026 et votre bo\u00eete de mouchoirs se vide \u00e0 vue d&rsquo;\u0153il.&hellip;\n","protected":false},"author":2,"featured_media":613068,"comment_status":"","ping_status":"","sticky":false,"template":"","format":"standard","meta":{"footnotes":""},"categories":[10],"tags":[1011,27,72,56,71],"class_list":{"0":"post-613067","1":"post","2":"type-post","3":"status-publish","4":"format-standard","5":"has-post-thumbnail","7":"category-sante","8":"tag-fr","9":"tag-france","10":"tag-health","11":"tag-push","12":"tag-sante"},"share_on_mastodon":{"url":"https:\/\/pubeurope.com\/@fr\/115755630221309108","error":""},"_links":{"self":[{"href":"https:\/\/www.europesays.com\/fr\/wp-json\/wp\/v2\/posts\/613067","targetHints":{"allow":["GET"]}}],"collection":[{"href":"https:\/\/www.europesays.com\/fr\/wp-json\/wp\/v2\/posts"}],"about":[{"href":"https:\/\/www.europesays.com\/fr\/wp-json\/wp\/v2\/types\/post"}],"author":[{"embeddable":true,"href":"https:\/\/www.europesays.com\/fr\/wp-json\/wp\/v2\/users\/2"}],"replies":[{"embeddable":true,"href":"https:\/\/www.europesays.com\/fr\/wp-json\/wp\/v2\/comments?post=613067"}],"version-history":[{"count":0,"href":"https:\/\/www.europesays.com\/fr\/wp-json\/wp\/v2\/posts\/613067\/revisions"}],"wp:featuredmedia":[{"embeddable":true,"href":"https:\/\/www.europesays.com\/fr\/wp-json\/wp\/v2\/media\/613068"}],"wp:attachment":[{"href":"https:\/\/www.europesays.com\/fr\/wp-json\/wp\/v2\/media?parent=613067"}],"wp:term":[{"taxonomy":"category","embeddable":true,"href":"https:\/\/www.europesays.com\/fr\/wp-json\/wp\/v2\/categories?post=613067"},{"taxonomy":"post_tag","embeddable":true,"href":"https:\/\/www.europesays.com\/fr\/wp-json\/wp\/v2\/tags?post=613067"}],"curies":[{"name":"wp","href":"https:\/\/api.w.org\/{rel}","templated":true}]}}