{"id":613073,"date":"2025-12-21T04:20:19","date_gmt":"2025-12-21T04:20:19","guid":{"rendered":"https:\/\/www.europesays.com\/fr\/613073\/"},"modified":"2025-12-21T04:20:19","modified_gmt":"2025-12-21T04:20:19","slug":"coupure-de-fibre-optique-dans-lextreme-nord-les-services-opt-ont-ete-perturbes","status":"publish","type":"post","link":"https:\/\/www.europesays.com\/fr\/613073\/","title":{"rendered":"Coupure de fibre optique dans l\u2019extr\u00eame Nord, les services OPT ont \u00e9t\u00e9 perturb\u00e9s"},"content":{"rendered":"<p class=\"svelte-qfpp5o first-paragraph\">Durant la nuit de samedi \u00e0 dimanche, le r\u00e9seau de fibre optique a \u00e9t\u00e9 coup\u00e9 tout au Nord de la Grande Terre, signale ce matin l\u2019OPT. Tr\u00e8s exactement \u201c\u00e0 14 kilom\u00e8tres de Gomen\u201d. L&rsquo;incident a entra\u00een\u00e9 des perturbations sur les services de t\u00e9l\u00e9phonie et d&rsquo;internet, mobile et fixe, dans les communes de Kaala-Gomen, Koumac, Ou\u00e9goa et Pou\u00e9bo, ainsi qu\u2019\u00e0 Belep.<\/p>\n<p class=\"svelte-qfpp5o\">Une \u00e9quipe technique a \u00e9t\u00e9 d\u00e9ploy\u00e9e sur place pour r\u00e9tablir la connexion. En d\u00e9but d&rsquo;apr\u00e8s-midi, l&rsquo;incident \u00e9tait consid\u00e9r\u00e9 comme termin\u00e9. <\/p>\n<\/p>\n<p>Coup de fusil<\/p>\n<p class=\"svelte-qfpp5o\">Un coup de fusil a endommag\u00e9 le c\u00e2ble, qui passe par le r\u00e9seau a\u00e9rien \u00e0 cet endroit. \u00ab\u00a0C&rsquo;est un coup de fusil accidentel s\u00fbrement, d\u00fb \u00e0 un coup de chasse, pr\u00e9cise Auriane Desmazures, directrice adjointe des t\u00e9l\u00e9communications \u00e0 l&rsquo;OPT. Ce n&rsquo;est pas la premi\u00e8re fois que \u00e7a arrive\u00a0\u00bb<\/p>\n","protected":false},"excerpt":{"rendered":"Durant la nuit de samedi \u00e0 dimanche, le r\u00e9seau de fibre optique a \u00e9t\u00e9 coup\u00e9 tout au Nord&hellip;\n","protected":false},"author":2,"featured_media":613074,"comment_status":"","ping_status":"","sticky":false,"template":"","format":"standard","meta":{"footnotes":""},"categories":[7],"tags":[1011,27,43,40,41,39,42,44],"class_list":{"0":"post-613073","1":"post","2":"type-post","3":"status-publish","4":"format-standard","5":"has-post-thumbnail","7":"category-sciences-et-technologies","8":"tag-fr","9":"tag-france","10":"tag-science","11":"tag-science-and-technology","12":"tag-sciences","13":"tag-sciences-et-technologies","14":"tag-technologies","15":"tag-technology"},"share_on_mastodon":{"url":"https:\/\/pubeurope.com\/@fr\/115755642069433942","error":""},"_links":{"self":[{"href":"https:\/\/www.europesays.com\/fr\/wp-json\/wp\/v2\/posts\/613073","targetHints":{"allow":["GET"]}}],"collection":[{"href":"https:\/\/www.europesays.com\/fr\/wp-json\/wp\/v2\/posts"}],"about":[{"href":"https:\/\/www.europesays.com\/fr\/wp-json\/wp\/v2\/types\/post"}],"author":[{"embeddable":true,"href":"https:\/\/www.europesays.com\/fr\/wp-json\/wp\/v2\/users\/2"}],"replies":[{"embeddable":true,"href":"https:\/\/www.europesays.com\/fr\/wp-json\/wp\/v2\/comments?post=613073"}],"version-history":[{"count":0,"href":"https:\/\/www.europesays.com\/fr\/wp-json\/wp\/v2\/posts\/613073\/revisions"}],"wp:featuredmedia":[{"embeddable":true,"href":"https:\/\/www.europesays.com\/fr\/wp-json\/wp\/v2\/media\/613074"}],"wp:attachment":[{"href":"https:\/\/www.europesays.com\/fr\/wp-json\/wp\/v2\/media?parent=613073"}],"wp:term":[{"taxonomy":"category","embeddable":true,"href":"https:\/\/www.europesays.com\/fr\/wp-json\/wp\/v2\/categories?post=613073"},{"taxonomy":"post_tag","embeddable":true,"href":"https:\/\/www.europesays.com\/fr\/wp-json\/wp\/v2\/tags?post=613073"}],"curies":[{"name":"wp","href":"https:\/\/api.w.org\/{rel}","templated":true}]}}