{"id":613077,"date":"2025-12-21T04:22:22","date_gmt":"2025-12-21T04:22:22","guid":{"rendered":"https:\/\/www.europesays.com\/fr\/613077\/"},"modified":"2025-12-21T04:22:22","modified_gmt":"2025-12-21T04:22:22","slug":"en-syrie-les-etats-unis-se-vengent-de-la-mort-de-leurs-soldats","status":"publish","type":"post","link":"https:\/\/www.europesays.com\/fr\/613077\/","title":{"rendered":"en Syrie, les \u00c9tats-Unis se vengent de la mort de leurs soldats"},"content":{"rendered":"<p>\n    Une intense campagne de frappes survient apr\u00e8s l\u2019attaque men\u00e9e par un sympathisant de l\u2019\u00c9tat islamique ayant tu\u00e9 deux soldats et un civil am\u00e9ricain \u00e0 Palmyre il y a une semaine.<\/p>\n<p class=\"fig-paragraph\">Donald Trump avait promis une \u00ab r\u00e9ponse tr\u00e8s ferme\u00a0\u00bb. Il n\u2019aura ni menti, ni attendu. Une semaine apr\u00e8s l\u2019attaque perp\u00e9tr\u00e9e par l\u2019\u00c9tat islamique\u00a0<a href=\"http:\/\/www.lefigaro.fr\/international\/trois-americains-tues-a-palmyre-les-braises-mal-eteintes-de-l-etat-islamique-en-syrie-20251219\" data-fig-type=\"Article\" data-gtm-custom-categorie=\"navigation\" data-gtm-custom-action=\"crossclick\" data-gtm-custom-label=\"Contextuel\" data-gtm-event=\"customEventSPE\" data-fig-domain=\"LEFIGARO\" target=\"_blank\" rel=\"noopener\">contre des troupes am\u00e9ricaines \u00e0 Palmyre<\/a>, les \u00c9tats-Unis ont men\u00e9 dans la nuit de vendredi \u00e0 samedi une s\u00e9rie de frappes \u00e0 travers la Syrie dans le cadre de l\u2019op\u00e9ration \u00ab \u0152il de faucon\u00a0\u00bb. Elles ont cibl\u00e9 des cellules de l\u2019organisation djihadiste dans des zones recul\u00e9es de Raqqa, Homs et Der Ez-Zor. L\u2019\u00e9cho de ces bombardements a \u00e9t\u00e9 entendu jusqu\u2019\u00e0 la cit\u00e9 antique de Palmyre, tandis que cinq individus ont \u00e9t\u00e9 tu\u00e9s, selon l\u2019Observatoire syrien des droits de l\u2019Homme (OSDH).<\/p>\n<p class=\"fig-paragraph\">Parmi eux se trouvait le chef d\u2019une cellule de Daech charg\u00e9e des drones, a pr\u00e9cis\u00e9 samedi \u00e0 l\u2019AFP le responsable de l\u2019ONG syrienne. L\u2019op\u00e9ration, qui a d\u00e9but\u00e9 vers minuit heure de Syrie, a mobilis\u00e9 des avions A-10 et F-16, des h\u00e9licopt\u00e8res Apache et des syst\u00e8mes HIMARS, d\u2019apr\u00e8s les informations du CENTCOM. Elle a \u00e9galement impliqu\u00e9 la Jordanie, pays frontalier de la Syrie\u2026<\/p>\n<p class=\"fig-premium-paywall__infos\">\n        Cet article est r\u00e9serv\u00e9 aux abonn\u00e9s.        Il vous reste 78% \u00e0 d\u00e9couvrir.\n    <\/p>\n<p>                <img  data- alt=\"Le Figaro\" class=\"fig-img--complete fig-img\"\/><\/p>\n<p class=\"fig-premium-paywall__title\">Vous avez envie de lire la suite ?<\/p>\n<p class=\"fig-premium-paywall__subtitle\">D\u00e9bloquez tous les articles imm\u00e9diatement.<\/p>\n<p class=\"fig-premium-paywall__connect\">\n                D\u00e9j\u00e0 abonn\u00e9\u00a0?                <a class=\"fig-premium-paywall__connect-link\" href=\"https:\/\/connect.lefigaro.fr\/login?client=horizon_web&amp;type=main&amp;redirect_uri=https%3A%2F%2Fwww.lefigaro.fr%2Finternational%2Foperation-oeil-de-faucon-en-syrie-les-etats-unis-se-vengent-de-la-mort-de-leurs-soldats-20251220\" data-js-gtm=\"{&quot;customCategorie&quot;: &quot;conversion&quot;, &quot;customAction&quot;: &quot;before_Landing_Connexion_paywall_auto&quot;, &quot;customLabel&quot;: &quot;bGVmaWdhcm8uZnJfXzFmMGRkZGIzLWFjYzgtNjZhOC05NjU0LTMxNDk0NTljM2Q1NV9fQXJ0aWNsZQ==_Op\u00e9ration \u00ab\u0152il de faucon\u00bb\u00a0: en Syrie, les \u00c9tats-Unis se vengent de la mort de leurs soldats_370&quot;, &quot;customIDSPE&quot;: &quot;bGVmaWdhcm8uZnJfXzFmMGRkZGIzLWFjYzgtNjZhOC05NjU0LTMxNDk0NTljM2Q1NV9fQXJ0aWNsZQ==&quot;, &quot;event&quot;: &quot;customEventSPE&quot;}\" target=\"_blank\" rel=\"noopener\"><br \/>\n                    Connectez-vous<br \/>\n                <\/a>\n            <\/p>\n","protected":false},"excerpt":{"rendered":"Une intense campagne de frappes survient apr\u00e8s l\u2019attaque men\u00e9e par un sympathisant de l\u2019\u00c9tat islamique ayant tu\u00e9 deux&hellip;\n","protected":false},"author":2,"featured_media":613078,"comment_status":"","ping_status":"","sticky":false,"template":"","format":"standard","meta":{"footnotes":""},"categories":[5],"tags":[11,25588,73,1011,27,14,12,32,28],"class_list":{"0":"post-613077","1":"post","2":"type-post","3":"status-publish","4":"format-standard","5":"has-post-thumbnail","7":"category-international","8":"tag-actualites","9":"tag-djihadistes","10":"tag-etats-unis","11":"tag-fr","12":"tag-france","13":"tag-international","14":"tag-news","15":"tag-syrie","16":"tag-world"},"share_on_mastodon":{"url":"https:\/\/pubeurope.com\/@fr\/115755649901321420","error":""},"_links":{"self":[{"href":"https:\/\/www.europesays.com\/fr\/wp-json\/wp\/v2\/posts\/613077","targetHints":{"allow":["GET"]}}],"collection":[{"href":"https:\/\/www.europesays.com\/fr\/wp-json\/wp\/v2\/posts"}],"about":[{"href":"https:\/\/www.europesays.com\/fr\/wp-json\/wp\/v2\/types\/post"}],"author":[{"embeddable":true,"href":"https:\/\/www.europesays.com\/fr\/wp-json\/wp\/v2\/users\/2"}],"replies":[{"embeddable":true,"href":"https:\/\/www.europesays.com\/fr\/wp-json\/wp\/v2\/comments?post=613077"}],"version-history":[{"count":0,"href":"https:\/\/www.europesays.com\/fr\/wp-json\/wp\/v2\/posts\/613077\/revisions"}],"wp:featuredmedia":[{"embeddable":true,"href":"https:\/\/www.europesays.com\/fr\/wp-json\/wp\/v2\/media\/613078"}],"wp:attachment":[{"href":"https:\/\/www.europesays.com\/fr\/wp-json\/wp\/v2\/media?parent=613077"}],"wp:term":[{"taxonomy":"category","embeddable":true,"href":"https:\/\/www.europesays.com\/fr\/wp-json\/wp\/v2\/categories?post=613077"},{"taxonomy":"post_tag","embeddable":true,"href":"https:\/\/www.europesays.com\/fr\/wp-json\/wp\/v2\/tags?post=613077"}],"curies":[{"name":"wp","href":"https:\/\/api.w.org\/{rel}","templated":true}]}}