{"id":613082,"date":"2025-12-21T04:27:35","date_gmt":"2025-12-21T04:27:35","guid":{"rendered":"https:\/\/www.europesays.com\/fr\/613082\/"},"modified":"2025-12-21T04:27:35","modified_gmt":"2025-12-21T04:27:35","slug":"saint-etienne-il-escroque-pres-de-40-000-euros-a-la-mere-de-son-amie","status":"publish","type":"post","link":"https:\/\/www.europesays.com\/fr\/613082\/","title":{"rendered":"Saint-\u00c9tienne : il escroque pr\u00e8s de 40.000 euros \u00e0 la m\u00e8re de son amie"},"content":{"rendered":"<p>Jeudi dernier, un homme de 41 ans a \u00e9t\u00e9 condamn\u00e9 par le tribunal de Saint-\u00c9tienne \u00e0 18 mois de prison pour avoir escroqu\u00e9 et vol\u00e9 de l&rsquo;argent \u00e0 la m\u00e8re de son amie. Ce dernier se servait de cet argent pour financer son addiction \u00e0 la coca\u00efne.<\/p>\n<p>L&rsquo;escroquerie aura dur\u00e9 <b>six mois<\/b>. Durant cette longue p\u00e9riode, la victime s&rsquo;est fait voler <b>39.000 euros<\/b> sur son compte bancaire.<\/p>\n<p>Ils volent pr\u00e8s de 40.000 euros pour acheter de la coca\u00efne<\/p>\n<p>Entre 2024 et 2025 \u00e0 Saint-\u00c9tienne, <b>un homme de 41 ans<\/b>\u00a0s&rsquo;est servi des cartes bleues et des codes de la fille de la victime (qui avait une procuration aupr\u00e8s de sa m\u00e8re) pour retirer de l&rsquo;argent.<\/p>\n<p>Au total, le quadrag\u00e9naire a r\u00e9alis\u00e9 <b>pr\u00e8s de 200 retraits d&rsquo;argent<\/b>. Un comportement suspect qui a alert\u00e9 la banque. Cette derni\u00e8re a ensuite pr\u00e9venu la titulaire du compte.<\/p>\n<p>Interpell\u00e9 et entendu en garde \u00e0 vue, le suspect a reconnu les faits, affirmant avoir vol\u00e9 cet argent <b>pour financer son addiction \u00e0 la coca\u00efne<\/b>.<\/p>\n<p>Selon <a class=\"url\" href=\"https:\/\/www.leprogres.fr\/faits-divers-justice\/2025\/12\/15\/il-derobe-pres-de-40-000-a-la-mere-de-son-amie\" target=\"_blank\" rel=\"nofollow noopener\">Le Progr\u00e8s<\/a>, les cons\u00e9quences de ce vol ont \u00e9t\u00e9 terribles pour la victime : elle ne pouvait plus payer son loyer, touchant une retraite en dessous de 1.000 euros.<\/p>\n<p>Une peine de prison pour l&rsquo;escroc<\/p>\n<p>Jug\u00e9 par le tribunal de Saint-\u00c9tienne jeudi 11 d\u00e9cembre, l&rsquo;homme de 41 ans a \u00e9t\u00e9 condamn\u00e9 <b>\u00e0 18 mois de prison<\/b>, avec mandat d&rsquo;arr\u00eat. Il \u00e9tait absent \u00e0 l&rsquo;audience.<\/p>\n<p>Le quadrag\u00e9naire a \u00e9galement pour interdiction d&rsquo;entrer en contact avec la m\u00e8re et sa fille pendant trois ans. Il doit rembourser la somme escroqu\u00e9e et doit leur vers 2.500 euros pour le pr\u00e9judice moral.<\/p>\n<p><img loading=\"lazy\" decoding=\"async\" src=\"https:\/\/www.europesays.com\/fr\/wp-content\/uploads\/2025\/12\/1766291255_403_img\" width=\"350\" height=\"200\" border=\"0\" title=\"Une enqu\u00c3\u00aate de la gendarmerie avait mis \u00c3\u00a0 jour la vaste escroquerie de la m\u00c3\u00a8re de famille\"\/><\/p>\n<p>\u25baPolice &#8211; Justice<\/p>\n<p style=\"font-size: 22px;\"><b>Auvergne-Rh\u00f4ne-Alpes : elle arnaque un demi-million d&rsquo;euros \u00e0 ses proches<\/b><\/p>\n<p>Une femme d&rsquo;une cinquantaine d&rsquo;ann\u00e9es a \u00e9t\u00e9 condamn\u00e9e&#8230;<\/p>\n<p><\/p>\n","protected":false},"excerpt":{"rendered":"Jeudi dernier, un homme de 41 ans a \u00e9t\u00e9 condamn\u00e9 par le tribunal de Saint-\u00c9tienne \u00e0 18 mois&hellip;\n","protected":false},"author":2,"featured_media":613083,"comment_status":"","ping_status":"","sticky":false,"template":"","format":"standard","meta":{"footnotes":""},"categories":[9653],"tags":[1111,11,2430,20712,72399,4073,1777,674,1011,27,303,12,25,9920,4001,3693],"class_list":{"0":"post-613082","1":"post","2":"type-post","3":"status-publish","4":"format-standard","5":"has-post-thumbnail","7":"category-saint-etienne","8":"tag-actu","9":"tag-actualites","10":"tag-auvergne-rhone-alpes","11":"tag-cocane","12":"tag-condamn","13":"tag-condamnation","14":"tag-eu","15":"tag-europe","16":"tag-fr","17":"tag-france","18":"tag-justice","19":"tag-news","20":"tag-republique-francaise","21":"tag-saint-tienne","22":"tag-saint-etienne","23":"tag-tribunal"},"share_on_mastodon":{"url":"https:\/\/pubeurope.com\/@fr\/115755670287647691","error":""},"_links":{"self":[{"href":"https:\/\/www.europesays.com\/fr\/wp-json\/wp\/v2\/posts\/613082","targetHints":{"allow":["GET"]}}],"collection":[{"href":"https:\/\/www.europesays.com\/fr\/wp-json\/wp\/v2\/posts"}],"about":[{"href":"https:\/\/www.europesays.com\/fr\/wp-json\/wp\/v2\/types\/post"}],"author":[{"embeddable":true,"href":"https:\/\/www.europesays.com\/fr\/wp-json\/wp\/v2\/users\/2"}],"replies":[{"embeddable":true,"href":"https:\/\/www.europesays.com\/fr\/wp-json\/wp\/v2\/comments?post=613082"}],"version-history":[{"count":0,"href":"https:\/\/www.europesays.com\/fr\/wp-json\/wp\/v2\/posts\/613082\/revisions"}],"wp:featuredmedia":[{"embeddable":true,"href":"https:\/\/www.europesays.com\/fr\/wp-json\/wp\/v2\/media\/613083"}],"wp:attachment":[{"href":"https:\/\/www.europesays.com\/fr\/wp-json\/wp\/v2\/media?parent=613082"}],"wp:term":[{"taxonomy":"category","embeddable":true,"href":"https:\/\/www.europesays.com\/fr\/wp-json\/wp\/v2\/categories?post=613082"},{"taxonomy":"post_tag","embeddable":true,"href":"https:\/\/www.europesays.com\/fr\/wp-json\/wp\/v2\/tags?post=613082"}],"curies":[{"name":"wp","href":"https:\/\/api.w.org\/{rel}","templated":true}]}}