{"id":61309,"date":"2025-04-29T08:13:21","date_gmt":"2025-04-29T08:13:21","guid":{"rendered":"https:\/\/www.europesays.com\/fr\/61309\/"},"modified":"2025-04-29T08:13:21","modified_gmt":"2025-04-29T08:13:21","slug":"fauve-hautot-gwendoline-hamon-benjamin-baroche-le-casting-ultra-glamour-de-rien-ne-tefface-electrise-le-tapis-rose-de-canneseries-photos","status":"publish","type":"post","link":"https:\/\/www.europesays.com\/fr\/61309\/","title":{"rendered":"Fauve Hautot, Gwendoline Hamon, Benjamin Baroche&#8230; Le casting ultra-glamour de Rien ne t&rsquo;efface \u00e9lectrise le tapis rose de Canneseries (PHOTOS)"},"content":{"rendered":"<p>L&rsquo;\u00e9quipe de Rien ne t&rsquo;efface, la future s\u00e9rie \u00e0 succ\u00e8s de TF1, mais \u00e9galement Josh Holloway de Lost ou encore Laura Smet ont illumin\u00e9 le tapis rose de Canneseries. <\/p>\n<p>En 2021, <a href=\"https:\/\/www.programme-tv.net\/news\/people\/269191-michel-bussi-rien-ne-tefface-je-ne-dirais-pas-que-jaimerais-etre-le-goldman-de-la-litterature-mais-il-y-a-quelque-chose-de-cet-ordre\/\" data-api-deeplink=\"teleloisirs:\/\/news\/269191\" target=\"_blank\" rel=\"noopener\">Michel Bussi racontait dans son livre Rien ne t&rsquo;efface,<\/a> le drame de la vie de Maddi, m\u00e9decin g\u00e9n\u00e9raliste qui ne parvient pas \u00e0 faire le deuil de son fils de 10 ans, Esteban, disparu pr\u00e8s de la plage de Saint-Jean-de-Luz en 2010. Jusqu&rsquo;\u00e0 ce qu&rsquo;elle croise, dix ans plus tard, un gar\u00e7onnet, Tom, qui est la copie conforme de son enfant, lui aussi \u00e2g\u00e9 de 10 ans. D\u00e8s lors, Maddi en est s\u00fbre : il s&rsquo;agit de la r\u00e9incarnation d&rsquo;Esteban. Quatre ans apr\u00e8s sa sortie, le livre vendu \u00e0 plus de 500 000 exemplaires en France a \u00e9t\u00e9 adapt\u00e9 en s\u00e9rie pour TF1, et sera l&rsquo;un des \u00e9v\u00e9nements t\u00e9l\u00e9 des prochains mois.<\/p>\n<p>Canneseries : Gwendoline Hamon, Fauve Hautot, Benjamin Baroche et Samy Gharbi sur le tapis rose pour Rien ne t&rsquo;efface<\/p>\n<p>Mais avant la diffusion sur la premi\u00e8re cha\u00eene de cette mini-s\u00e9rie, le premier \u00e9pisode \u00e9tait pr\u00e9sent\u00e9 au festival Canneseries ce dimanche 27 avril. Et c&rsquo;est <a href=\"https:\/\/www.programme-tv.net\/news\/series-tv\/372505-cassandre-et-roche-sont-toujours-rattrapes-par-leur-attirance-gwendoline-hamon-se-confie-sur-l-amitie-entre-leurs-personnages\/\" data-api-deeplink=\"teleloisirs:\/\/news\/372505\" target=\"_blank\" rel=\"noopener\">Gwendoline Hamon, la star de Cassandre<\/a> qui tient le r\u00f4le de Maddi. La com\u00e9dienne avait fait le d\u00e9placement pour pr\u00e9senter la fiction sur la Croisette en compagnie de Fauve Hautot qui r\u00e9agit \u00e0 la victoire de L\u00e9nie, <a href=\"https:\/\/www.programme-tv.net\/news\/series-tv\/362345-ici-tout-commence-on-connait-enfin-la-date-du-retour-de-benjamin-baroche-emmanuel-teyssier-dans-la-serie\/\" data-api-deeplink=\"teleloisirs:\/\/news\/362345\" target=\"_blank\" rel=\"noopener\">Benjamin Baroche &#8211; absent d&rsquo;Ici tout commence pour l&rsquo;occasion &#8211; <\/a>ainsi que Samy Gharbi, ses partenaires de jeu.<\/p>\n<p>                        Canneseries : Josh Holloway et Laura Smet ultra-glamour sur le tapise rose<\/p>\n<p>Le r\u00e9alisateur J\u00e9r\u00f4me Cornuau, les auteurs\u00a0Anne Rambach, Marine Rambach et Patrick Renault<br \/>le romancier Michel Bussi ainsi que le producteur pour Shine Production Dominique Farugia sans oublier Anne Didier, la directrice artistique de la fiction fran\u00e7aise du groupe TF1, les accompagnaient sur le tapis rose ce dimanche. Mais ils n&rsquo;\u00e9taient pas les seuls : \u00e9taient aussi pr\u00e9sents Josh Holloway, venu pr\u00e9senter sa nouvelle s\u00e9rie Duster, \u00e0 d\u00e9couvrir sur la plateforme Max, ainsi que la co-cr\u00e9atrice et co-sc\u00e9nariste de cette fiction LaToya Morgan. Laura Smet, la com\u00e9dienne de la prochaine s\u00e9rie de France 2, Surface, a \u00e9galement jou\u00e9 le jeu face aux photographes, <a href=\"https:\/\/www.programme-tv.net\/news\/series-tv\/377598-doigt-d-honneur-baiser-endiable-policiers-jeffrey-dean-morgan-et-hilarie-burton-assurent-le-show-sur-le-tapis-rose-de-canneseries-photos\/\" data-api-deeplink=\"teleloisirs:\/\/news\/377598\" target=\"_blank\" rel=\"noopener\">deux jours apr\u00e8s Jeffrey Dean Morgan et sa femme Hilarie Burton Morgan<\/a>.<\/p>\n","protected":false},"excerpt":{"rendered":"L&rsquo;\u00e9quipe de Rien ne t&rsquo;efface, la future s\u00e9rie \u00e0 succ\u00e8s de TF1, mais \u00e9galement Josh Holloway de Lost&hellip;\n","protected":false},"author":2,"featured_media":61310,"comment_status":"","ping_status":"","sticky":false,"template":"","format":"standard","meta":{"footnotes":""},"categories":[1359],"tags":[1727,244,15908,58,59,4828,15893,1011,27,15911,15909,15910,973,4581,4582,199,15912],"class_list":{"0":"post-61309","1":"post","2":"type-post","3":"status-publish","4":"format-standard","5":"has-post-thumbnail","7":"category-people","8":"tag-benjamin-baroche","9":"tag-commentaire","10":"tag-diaporama","11":"tag-divertissement","12":"tag-entertainment","13":"tag-fauve-hautot","14":"tag-festival-canneseries","15":"tag-fr","16":"tag-france","17":"tag-guid_6232409685001","18":"tag-josh-holloway","19":"tag-laura-smet","20":"tag-people","21":"tag-story","22":"tag-tel","23":"tag-tf1","24":"tag-uuid_31e02bc5-cb67-4304-a9fd-4bf129faa756"},"share_on_mastodon":{"url":"https:\/\/pubeurope.com\/@fr\/114420252969367314","error":""},"_links":{"self":[{"href":"https:\/\/www.europesays.com\/fr\/wp-json\/wp\/v2\/posts\/61309","targetHints":{"allow":["GET"]}}],"collection":[{"href":"https:\/\/www.europesays.com\/fr\/wp-json\/wp\/v2\/posts"}],"about":[{"href":"https:\/\/www.europesays.com\/fr\/wp-json\/wp\/v2\/types\/post"}],"author":[{"embeddable":true,"href":"https:\/\/www.europesays.com\/fr\/wp-json\/wp\/v2\/users\/2"}],"replies":[{"embeddable":true,"href":"https:\/\/www.europesays.com\/fr\/wp-json\/wp\/v2\/comments?post=61309"}],"version-history":[{"count":0,"href":"https:\/\/www.europesays.com\/fr\/wp-json\/wp\/v2\/posts\/61309\/revisions"}],"wp:featuredmedia":[{"embeddable":true,"href":"https:\/\/www.europesays.com\/fr\/wp-json\/wp\/v2\/media\/61310"}],"wp:attachment":[{"href":"https:\/\/www.europesays.com\/fr\/wp-json\/wp\/v2\/media?parent=61309"}],"wp:term":[{"taxonomy":"category","embeddable":true,"href":"https:\/\/www.europesays.com\/fr\/wp-json\/wp\/v2\/categories?post=61309"},{"taxonomy":"post_tag","embeddable":true,"href":"https:\/\/www.europesays.com\/fr\/wp-json\/wp\/v2\/tags?post=61309"}],"curies":[{"name":"wp","href":"https:\/\/api.w.org\/{rel}","templated":true}]}}