{"id":613091,"date":"2025-12-21T04:37:14","date_gmt":"2025-12-21T04:37:14","guid":{"rendered":"https:\/\/www.europesays.com\/fr\/613091\/"},"modified":"2025-12-21T04:37:14","modified_gmt":"2025-12-21T04:37:14","slug":"belle-sensibilisation-aux-feux-de-foret-par-le-ccff","status":"publish","type":"post","link":"https:\/\/www.europesays.com\/fr\/613091\/","title":{"rendered":"Belle sensibilisation aux feux de for\u00eat par le CCFF"},"content":{"rendered":"<p>Dans le cadre de leurs actions de pr\u00e9vention et de sensibilisation aux feux de for\u00eat, plusieurs b\u00e9n\u00e9voles du Comit\u00e9 communal feux de for\u00eat (CCFF) sont intervenus aupr\u00e8s d\u2019une quinzaine d\u2019enfants participant aux activit\u00e9s du centre a\u00e9r\u00e9, mercredi 17 d\u00e9cembre.<\/p>\n<p>Cette intervention s\u2019est d\u00e9roul\u00e9e dans un premier temps dans les locaux du centre a\u00e9r\u00e9 en pr\u00e9sence des animateurs, de repr\u00e9sentants de la police municipale, de deux jeunes stagiaires en Bac pro S\u00e9curit\u00e9 du lyc\u00e9e Pompidou. Le CCFF \u00e9tait repr\u00e9sent\u00e9 par Denis Roure, Daniel Ich\u00e9. Ren\u00e9 March et Herv\u00e9 Magot. \u00c2g\u00e9s de 7 \u00e0 11 ans, les enfants se sont tout d\u2019abord vus pr\u00e9senter les missions du CCFF par Jacques Bonnet, animateur. Organisation, recrutement, uniforme et les moyens de fonctionnement ont \u00e9t\u00e9 \u00e9voqu\u00e9s. C\u2019est sur le terrain que s\u2019est poursuivie l\u2019intervention avec un d\u00e9placement des enfants, porteurs d\u2019une chasuble orange, vers le lieu d\u2019un incendie intervenu courant l\u2019\u00e9t\u00e9 dernier dans le bois situ\u00e9 \u00e0 la limite de Jacou et de Castelnau-le-Lez. Le v\u00e9hicule d\u2019intervention du CCF \u00e9tait en place et a fait l\u2019objet d\u2019une pr\u00e9sentation des moyens mis en place avant l\u2019arriv\u00e9e des pompiers dont le r\u00f4le est de circonscrire le plus rapidement le sinistre. Des explications sur l\u2019origine possible du sinistre, la d\u00e9limitation du feu pour la recherche scientifique de sa cause. Les nombreuses questions des enfants ont rendu cette sensibilisation tr\u00e8s positive et conforme \u00e0 la mission d\u2019information du CCFF.<\/p>\n<p>Correspondant Midi Libre : 06 15 76 65 10<\/p>\n","protected":false},"excerpt":{"rendered":"Dans le cadre de leurs actions de pr\u00e9vention et de sensibilisation aux feux de for\u00eat, plusieurs b\u00e9n\u00e9voles du&hellip;\n","protected":false},"author":2,"featured_media":613092,"comment_status":"","ping_status":"","sticky":false,"template":"","format":"standard","meta":{"footnotes":""},"categories":[9599],"tags":[1111,11,1057,1777,674,1011,27,7089,71480,2208,12,2680,25],"class_list":{"0":"post-613091","1":"post","2":"type-post","3":"status-publish","4":"format-standard","5":"has-post-thumbnail","7":"category-montpellier","8":"tag-actu","9":"tag-actualites","10":"tag-education","11":"tag-eu","12":"tag-europe","13":"tag-fr","14":"tag-france","15":"tag-herault","16":"tag-jacou","17":"tag-montpellier","18":"tag-news","19":"tag-occitanie","20":"tag-republique-francaise"},"share_on_mastodon":{"url":"https:\/\/pubeurope.com\/@fr\/115755709075674769","error":""},"_links":{"self":[{"href":"https:\/\/www.europesays.com\/fr\/wp-json\/wp\/v2\/posts\/613091","targetHints":{"allow":["GET"]}}],"collection":[{"href":"https:\/\/www.europesays.com\/fr\/wp-json\/wp\/v2\/posts"}],"about":[{"href":"https:\/\/www.europesays.com\/fr\/wp-json\/wp\/v2\/types\/post"}],"author":[{"embeddable":true,"href":"https:\/\/www.europesays.com\/fr\/wp-json\/wp\/v2\/users\/2"}],"replies":[{"embeddable":true,"href":"https:\/\/www.europesays.com\/fr\/wp-json\/wp\/v2\/comments?post=613091"}],"version-history":[{"count":0,"href":"https:\/\/www.europesays.com\/fr\/wp-json\/wp\/v2\/posts\/613091\/revisions"}],"wp:featuredmedia":[{"embeddable":true,"href":"https:\/\/www.europesays.com\/fr\/wp-json\/wp\/v2\/media\/613092"}],"wp:attachment":[{"href":"https:\/\/www.europesays.com\/fr\/wp-json\/wp\/v2\/media?parent=613091"}],"wp:term":[{"taxonomy":"category","embeddable":true,"href":"https:\/\/www.europesays.com\/fr\/wp-json\/wp\/v2\/categories?post=613091"},{"taxonomy":"post_tag","embeddable":true,"href":"https:\/\/www.europesays.com\/fr\/wp-json\/wp\/v2\/tags?post=613091"}],"curies":[{"name":"wp","href":"https:\/\/api.w.org\/{rel}","templated":true}]}}