{"id":613093,"date":"2025-12-21T04:38:38","date_gmt":"2025-12-21T04:38:38","guid":{"rendered":"https:\/\/www.europesays.com\/fr\/613093\/"},"modified":"2025-12-21T04:38:38","modified_gmt":"2025-12-21T04:38:38","slug":"replay-inauguration-de-la-ligne-5-du-tramway-a-montpellier-revivez-les-festivites-de-clemenceau-a-clapiers-et-sur-la-comedie","status":"publish","type":"post","link":"https:\/\/www.europesays.com\/fr\/613093\/","title":{"rendered":"REPLAY Inauguration de la ligne 5 du tramway \u00e0 Montpellier\u00a0: revivez les festivit\u00e9s de Clemenceau \u00e0 Clapiers et sur la Com\u00e9die"},"content":{"rendered":"<p>06h15.Spectacles, festivit\u00e9s&#8230; tout un programme\u00a0<\/p>\n<p class=\"live-post__amorce\">Voici les temps forts de l&rsquo;inauguration : <br \/><strong>\u00c0 10 h,<\/strong>  voyage inaugural au d\u00e9part de la station Gr\u00e9s de Montpellier jusqu&rsquo;\u00e0 la station Parc Clemenceau. <br \/><strong>\u00c0 11 h,<\/strong>  inauguration officielle \u00e0 Clemenceau suivie \u00e0  <strong>11 h 45<\/strong>  de la Grande D\u00eenette une disco soup populaire. <br \/><strong>\u00c0 14 h,<\/strong>  la v\u00e9lorution qui partira de la station Clapiers pour celle Universit\u00e9 Paul-Val\u00e9ry. <br \/><strong>\u00c0 18 h 30,<\/strong>  la Parades des lucioles, une procession lumineuse au d\u00e9part de la Place des Martyrs-de-la-R\u00e9sistance.<br \/><strong>\u00c0 19 h 30, <\/strong> spectacle <strong> <\/strong> l&rsquo;Appel du large de la compagnie A\u00e9rosculpture, un envol po\u00e9tique avec de grands oiseux blancs.<br \/><strong>\u00c0 20 h 30,<\/strong>  spectacle ADN de la compagnie Transe Express, le ciel de la Com\u00e9die s\u2019anime. Au coeur d&rsquo;une sculpture lumineuse de 40 m\u00e8tres de haut, ce moment spectaculaire transformera la place en sc\u00e8ne c\u00e9leste.<br \/>Pour retrouver le programme d\u00e9taill\u00e9, cliquer  <a href=\"https:\/\/www.midilibre.fr\/2025\/12\/19\/ce-samedi-une-journee-de-spectacles-dans-toute-la-ville-pour-feter-la-ligne-5-de-tramway-a-montpellier-13119626.php\" target=\"_blank\" rel=\"noopener noreferrer nofollow\" class=\"\">ici.<\/a> <\/p>\n<p>20h50.Transe Express offre un final en beaut\u00e9<\/p>\n<p class=\"live-post__amorce\">La compagnie Transe Express a anim\u00e9 le ciel de la Com\u00e9die avec son spectacle unique \u00ab\u00a0ADN Odyss\u00e9e verticale\u00a0\u00bb. A la fois op\u00e9ra \u00e9lectro hip hop, cette performance circassienne a\u00e9rienne raconte l&rsquo;\u00e9pop\u00e9e d&rsquo;un groupe d&rsquo;humains confront\u00e9s \u00e0 des d\u00e9fis collectifs et individuels. Perch\u00e9s \u00e0 40 m de hauteur, les artistes ont impressionn\u00e9 la foule mass\u00e9e \u00e0 leurs pieds&#8230;<\/p>\n<p> 18h54.Quand la lumi\u00e8re surgit sur la Com\u00e9die<\/p>\n<p class=\"live-post__amorce\">Une parade lumineuse toute en beaut\u00e9.<\/p>\n<p> 18h33.La parade des lucioles rue de la Loge<\/p>\n<p class=\"live-post__amorce\">C&rsquo;est parti pour les festivit\u00e9s nocturnes pour c\u00e9l\u00e9brer l&rsquo;inauguration de la ligne 5 du tramway. Cette procession lumineuse, au son des batucadas, amorce un programme intense autour de la place de la Com\u00e9die&#8230;<\/p>\n<p>17h42.Plus qu\u2019un tramway, un projet qui embarque les habitants dans un m\u00eame \u00e9lan<\/p>\n<p class=\"live-post__amorce\">Des milliers de Montpelli\u00e9rains ont particip\u00e9 \u00e0 l\u2019inauguration de la ligne 5 de tramway ce samedi 20 d\u00e9cembre 2025 \u00e0 Montpellier. L\u2019aboutissement d\u2019un immense chantier qui a dur\u00e9 cinq ans entre Clapiers et Lav\u00e9rune \u00e0 l\u2019ouest de la M\u00e9tropole.<\/p>\n<p> 17h28.Le final des animations se rapproche<\/p>\n<p class=\"live-post__amorce\">La derni\u00e8re partie des spectacles commence \u00e0 18 h 30 avec la Parade des lucioles, une procession lumineuse au d\u00e9part de la Place des Martyrs-de-la-R\u00e9sistance. Puis ce sera au tour de la place de la Com\u00e9die d&rsquo;\u00eatre le centre des animations. \u00c0 19 h 30, spectacle l&rsquo;Appel du large de la compagnie A\u00e9rosculpture, un envol po\u00e9tique avec de grands oiseux blancs. \u00c0 20 h 30, spectacle ADN de la compagnie Transe Express, le ciel de la Com\u00e9die s\u2019anime. Au c\u0153ur d&rsquo;une sculpture lumineuse de 40 m\u00e8tres de haut, ce moment spectaculaire transformera la place en sc\u00e8ne c\u00e9leste.<\/p>\n<p>17h02.Ovalie en f\u00eate<\/p>\n<p class=\"live-post__amorce\">Retour en images sur l&rsquo;arriv\u00e9e des joueurs du MHR, le spectacle de danse ainsi que le tramway de la ligne 5.<\/p>\n<p>        <img decoding=\"async\" class=\"std-img__img responsive-img\" src=\"https:\/\/www.europesays.com\/fr\/wp-content\/uploads\/2025\/12\/1766291908_224_image.jpg\" alt=\"La danse contemporaine devant le stade du MHR.\"\/><\/p>\n<p>                La danse contemporaine devant le stade du MHR.<br \/>\n                                    Midi Libre<\/p>\n<p>        <img decoding=\"async\" class=\"std-img__img responsive-img\" src=\"https:\/\/www.europesays.com\/fr\/wp-content\/uploads\/2025\/12\/1766291910_757_image.jpg\" alt=\"Le tramway de la ligne 5.\"\/><\/p>\n<p>                Le tramway de la ligne 5.<br \/>\n                                    Midi Libre &#8211; JEAN MICHEL MART<\/p>\n<p>        <img decoding=\"async\" class=\"std-img__img responsive-img\" src=\"https:\/\/www.europesays.com\/fr\/wp-content\/uploads\/2025\/12\/1766291911_646_image.jpg\" alt=\"Les joueurs du MHR\"\/><\/p>\n<p>                Les joueurs du MHR<br \/>\n                                    Midi Libre<\/p>\n<p>16h16.Roller, skate et v\u00e9lo \u00e0 Cit\u00e9 Cr\u00e9ative<\/p>\n<p class=\"live-post__amorce\">L&rsquo;ancien quartier de l&rsquo;EAI est desservi par la ligne 5. Ses habitants ainsi que les \u00e9tudiants de l&rsquo;ESMA ou de l&rsquo;ESJ peuvent d\u00e9sormais circuler librement.<\/p>\n<p>15h38.La f\u00eate sur le parvis de l&rsquo;universit\u00e9 Paul-Val\u00e9ry<\/p>\n<p class=\"live-post__amorce\">En attendant l&rsquo;arriv\u00e9e des cyclistes de la V\u00e9lorution, les curieux profitent des acrobaties de certains cyclistes. <\/p>\n<p> 15h26.Les joueurs du MHR arrivent au Septeo Stadium<\/p>\n<p class=\"live-post__amorce\">Avant le match face \u00e0 Castres, les joueurs saluent le public dont une partie a emprunt\u00e9 la ligne 5 de tramway pour applaudir leurs idoles.<\/p>\n<blockquote data-class=\"twitter-tweet\">\n<p lang=\"fr\" dir=\"ltr\">Les joueurs du MHR arrivent au Septeo stadium pour leur match face \u00e0 Castres, ce samedi, jour d\u2019inauguration de la ligne 5 de tramway <a href=\"https:\/\/t.co\/KIsoixJrf4\">pic.twitter.com\/KIsoixJrf4<\/a><\/p>\n<p>\u2014 Midi Libre Montpellier (@MLMontpellier) <a href=\"https:\/\/twitter.com\/MLMontpellier\/status\/2002383570162065431?ref_src=twsrc%5Etfw\" target=\"_blank\" rel=\"noopener\">December 20, 2025<\/a><\/p><\/blockquote>\n<p>15h04.Point Bart au Septeo stadium<\/p>\n<p class=\"live-post__amorce\">Avant l&rsquo;arriv\u00e9e des joueurs du MHR, les danseurs de de la Cie Point Bart entrent en sc\u00e8ne.<\/p>\n<blockquote data-class=\"twitter-tweet\">\n<p lang=\"fr\" dir=\"ltr\">Spectacle de danse contemporaine de la compagnie Point Bart devant le Septeo Stadium \u00e0 l\u2019occasion de l\u2019inauguration de la ligne 5 de tramway \u00e0 Montpellier <a href=\"https:\/\/t.co\/irTIQ0xoLI\">pic.twitter.com\/irTIQ0xoLI<\/a><\/p>\n<p>\u2014 Midi Libre Montpellier (@MLMontpellier) <a href=\"https:\/\/twitter.com\/MLMontpellier\/status\/2002377029858009102?ref_src=twsrc%5Etfw\" target=\"_blank\" rel=\"noopener\">December 20, 2025<\/a><\/p><\/blockquote>\n<p>14h24.La Com\u00e9die s&rsquo;anime<\/p>\n<p class=\"live-post__amorce\">Un avant-go\u00fbt du spectacle vertigineux donn\u00e9 ce soir sur la place de la Com\u00e9die<\/p>\n<p>        <img decoding=\"async\" class=\"std-img__img responsive-img\" src=\"https:\/\/www.europesays.com\/fr\/wp-content\/uploads\/2025\/12\/1766291912_936_image.jpg\" alt=\"R\u00e9p\u00e9titions sur la place de la Com\u00e9die d\u2019un spectacle tr\u00e8s vertical\u2026\"\/><\/p>\n<p>                R\u00e9p\u00e9titions sur la place de la Com\u00e9die d\u2019un spectacle tr\u00e8s vertical\u2026<br \/>\n                                    Midi Libre<\/p>\n<p>14h04.Au nord, Clapiers applaudit l&rsquo;arriv\u00e9e de la ligne 5<\/p>\n<p class=\"live-post__amorce\">Apr\u00e8s l&rsquo;inauguration officielle au parc Clemenceau, les \u00e9lus sont remont\u00e9s \u00e0 bord de la ligne 5 jusqu&rsquo;\u00e0 son terminus c\u00f4t\u00e9 nord \u00e0 Clapiers. Le maire Eric Penso a pris la parole pour se f\u00e9liciter de son arriv\u00e9e. <\/p>\n<p>        <img decoding=\"async\" class=\"std-img__img responsive-img\" src=\"https:\/\/www.europesays.com\/fr\/wp-content\/uploads\/2025\/12\/1766291912_171_image.jpg\" alt=\"Eric Penso a prononc\u00e9 un discours \u00e0 l\u2019arr\u00eat Clapiers.\"\/><\/p>\n<p>                Eric Penso a prononc\u00e9 un discours \u00e0 l\u2019arr\u00eat Clapiers.<br \/>\n                                    Midi Libre<\/p>\n<p>13h37.Clapiers s&rsquo;active \u00e9galement<\/p>\n<p class=\"live-post__amorce\">Les festivit\u00e9s vont commencer un peu partout dans la M\u00e9tropole. <\/p>\n<p>        <img decoding=\"async\" class=\"std-img__img responsive-img\" src=\"https:\/\/www.europesays.com\/fr\/wp-content\/uploads\/2025\/12\/1766291913_212_image.jpg\" alt=\"Clapiers en musique\"\/><\/p>\n<p>                Clapiers en musique<br \/>\n                                    Midi Libre<\/p>\n<p>12h10.Une animation annul\u00e9e<\/p>\n<p class=\"live-post__amorce\">Le spectacle Enfin, pr\u00e9vu \u00e0 15 h \u00e0 Agropolis, est finalement annul\u00e9 en raison des conditions m\u00e9t\u00e9orologiques.<\/p>\n<p>12h09.C&rsquo;est l&rsquo;heure du d\u00e9jeuner<\/p>\n<p class=\"live-post__amorce\">Fin de l&rsquo;inauguration et place \u00e0 la Grande d\u00eenette, une disco soup populaire, dans le parc Clemenceau. <\/p>\n<p>        <img decoding=\"async\" class=\"std-img__img responsive-img\" src=\"https:\/\/www.europesays.com\/fr\/wp-content\/uploads\/2025\/12\/1766291914_943_image.jpg\" alt=\"Le parc Clemenceau.\"\/><\/p>\n<p>                Le parc Clemenceau.<br \/>\n                                    Midi Libre<\/p>\n<p>11h34.Une inauguration sans pluie ?<\/p>\n<p class=\"live-post__amorce\">Alors que le mauvais temps \u00e9tait annonc\u00e9 ce samedi, la pluie ne pointe pour le moment pas le bout de son nez. En esp\u00e9rant que \u00e7a continue ainsi.<\/p>\n<p>11h25.Place maintenant aux discours<\/p>\n<p class=\"live-post__amorce\">L&rsquo;artiste Barth\u00e9l\u00e9my Toguo prend la parole et exprime sa fiert\u00e9 d&rsquo;avoir r\u00e9alis\u00e9 le design de cette ligne 5.<\/p>\n<blockquote data-class=\"twitter-tweet\">\n<p lang=\"fr\" dir=\"ltr\">Inauguration ligne 5 de tramway : l&rsquo;artiste Barthelemy Toguo lance un appel \u00e0 la solidarit\u00e9 \u00e0 travers son dessin de la rame pour hommes et femmes se rencontrent <a href=\"https:\/\/t.co\/Ta3k6NBIE4\">pic.twitter.com\/Ta3k6NBIE4<\/a><\/p>\n<p>\u2014 Midi Libre Montpellier (@MLMontpellier) <a href=\"https:\/\/twitter.com\/MLMontpellier\/status\/2002325672241361232?ref_src=twsrc%5Etfw\" target=\"_blank\" rel=\"noopener\">December 20, 2025<\/a><\/p><\/blockquote>\n<p>09h59.Midi Libre a r\u00e9pondu \u00e0 vos questions<\/p>\n<p class=\"live-post__amorce\">\u00c0 l\u2019occasion de l\u2019inauguration de la ligne 5 du tramway ce samedi 20 d\u00e9cembre 2025 \u00e0 Montpellier, Midi Libre a r\u00e9pondu chaque jour \u00e0 une question que vous vous posez sur cette ligne tant attendue. Retrouvez ici l\u2019ensemble de nos \u00e9pisodes.<\/p>\n<p class=\"std-elt__inline\">\n        <strong>\u00c0 lire aussi :<\/strong><br \/>\n        <a href=\"https:\/\/www.midilibre.fr\/2025\/12\/17\/ligne-5-de-tramway-a-montpellier-confort-design-frequences-on-repond-chaque-semaine-a-vos-questions-13110272.php\" target=\"_blank\" rel=\"noopener\">Ligne 5 de tramway \u00e0 Montpellier\u00a0: confort, design, fr\u00e9quences\u2026 Midi Libre r\u00e9pond \u00e0 vos questions<\/a>\n    <\/p>\n<p>09h45.\u00a0\u00bbTr\u00e8s heureux de r\u00e9aliser ce dessin\u00a0\u00bb<\/p>\n<p class=\"live-post__amorce\">Barthelemy Toguo partage son bonheur de voir ce dessin qui vient du c\u0153ur parcourir Montpellier avec la linge 5 de tramway.<\/p>\n<p>09h14.Une journ\u00e9e remplie d&rsquo;animations<\/p>\n<p class=\"live-post__amorce\">L\u2019inauguration de la ligne 5, qui a lieu aujourd\u2019hui, est marqu\u00e9e par des \u00e9v\u00e9nements culturels tout au long du parcours. Une invitation \u00e0 la f\u00eate pour les habitants des diff\u00e9rents quartiers. La liste des animations compl\u00e8te ici.<\/p>\n<p class=\"std-elt__inline\">\n        <strong>\u00c0 lire aussi :<\/strong><br \/>\n        <a href=\"https:\/\/www.midilibre.fr\/2025\/12\/19\/ce-samedi-une-journee-de-spectacles-dans-toute-la-ville-pour-feter-la-ligne-5-de-tramway-a-montpellier-13119626.php\" target=\"_blank\" rel=\"noopener\">Ce samedi, une journ\u00e9e de spectacles dans toute la ville pour f\u00eater la ligne 5 de tramway \u00e0 Montpellier<\/a>\n    <\/p>\n<p>09h03.Une photo de famille<\/p>\n<p class=\"live-post__amorce\">Les diff\u00e9rentes g\u00e9n\u00e9rations de tramway sont gar\u00e9es au niveau de l\u2019arr\u00eat du terminus de la ligne 5, Gr\u00e8s de Montpellier.<\/p>\n<p>        <img decoding=\"async\" class=\"std-img__img responsive-img\" src=\"https:\/\/www.europesays.com\/fr\/wp-content\/uploads\/2025\/12\/1766291915_360_image.jpg\" alt=\"Les tramways au terminus.\"\/><\/p>\n<p>                Les tramways au terminus.<br \/>\n                                    Midi Libre<\/p>\n<p>08h57.Ces cinq infos insolites que vous ignorez peut-\u00eatre sur l&rsquo;histoire du projet<\/p>\n<p class=\"live-post__amorce\">Imagin\u00e9 il y a 25 ans, le r\u00e9seau de tramway \u00e0 Montpellier a travers\u00e9 bien des p\u00e9rip\u00e9ties avant de devenir r\u00e9alit\u00e9. La ligne 5 n\u2019a pas \u00e9t\u00e9 \u00e9pargn\u00e9e. En t\u00e9moignent ces cinq histoires que Midi Libre sort de l\u2019oubli\u2026<\/p>\n<p class=\"std-elt__inline\">\n        <strong>\u00c0 lire aussi :<\/strong><br \/>\n        <a href=\"https:\/\/www.midilibre.fr\/2025\/12\/20\/ligne-5-de-tramway-a-montpellier-ces-cinq-infos-insolites-que-vous-ignorez-peut-etre-sur-lhistoire-du-projet-13112285.php\" target=\"_blank\" rel=\"noopener\">Ligne 5 de tramway \u00e0 Montpellier\u00a0: ces cinq infos insolites que vous ignorez peut-\u00eatre sur l\u2019histoire du projet<\/a>\n    <\/p>\n<p>08h00.Savez-vous pourquoi la ligne 5 ne ressemble pas aux autres lignes de tramway \u00e0 Montpellier ?<\/p>\n<p class=\"live-post__amorce\">La r\u00e9ponse est toute simple. Le mat\u00e9riel roulant n\u2019est pas le m\u00eame puisque le fabricant a chang\u00e9. C\u2019est CAF qui a d\u00e9croch\u00e9 en 2022 l\u2019appel d\u2019offres lanc\u00e9 par la M\u00e9tropole pour un total de 77 rames et un montant de 275 M\u20ac. Une des principales diff\u00e9rences avec les autres lignes montpelli\u00e9raines concerne\u00a0la cabine de pilotage qui pr\u00e9sente un nez beaucoup moins allong\u00e9. Pour en savoir plus, cliquer  <a href=\"https:\/\/www.midilibre.fr\/2025\/12\/12\/ligne-5-du-tramway-pourquoi-ce-modele-ne-ressemble-pas-aux-quatre-lignes-deja-en-service-a-montpellier-13104954.php\" target=\"_blank\" rel=\"noopener noreferrer nofollow\" class=\"\">ici.<\/a> <\/p>\n<p>07h30.Aviez-vous vu les visages humains diss\u00e9min\u00e9s sur les rames de la ligne 5 ?<\/p>\n<p class=\"live-post__amorce\">Il y a bien des visages plus ou moins cach\u00e9s dans le design imagin\u00e9 par Barth\u00e9l\u00e9my Toguo qui recouvre les rames. Car si l\u2019\u0153uvre repr\u00e9sente le monde v\u00e9g\u00e9tal, elle int\u00e8gre \u00e9galement l\u2019humain. Pour en savoir plus, cliquer  <a href=\"https:\/\/www.midilibre.fr\/2025\/12\/15\/ligne-5-de-tramway-a-montpellier-aviez-vous-vu-les-visages-humains-dissemines-sur-les-rames-par-barthelemy-toguo-13110004.php\" target=\"_blank\" rel=\"noopener noreferrer nofollow\" class=\"\">ici.<\/a> <\/p>\n<p>07h00.Une plaque de 1 200 noms<\/p>\n<p class=\"live-post__amorce\">Montpellier a rendu hommage \u00e0 celles et ceux qui ont contribu\u00e9 \u00e0 ce chantier d\u2019envergure en d\u00e9voilant une plaque portant les noms  <a href=\"https:\/\/www.midilibre.fr\/2025\/12\/18\/ligne-5-de-tramway-a-montpellier-cest-grace-a-vous-la-ville-reunit-ceux-qui-ont-fait-la-nouvelle-rame-et-devoile-une-plaque-de-1-200-noms-13119409.php\" target=\"_blank\" rel=\"noopener noreferrer nofollow\" class=\"\">de pr\u00e8s de 1\u00a0200 personnes<\/a> \u00a0: ouvriers, techniciens, ing\u00e9nieurs, architectes, mais aussi les services supports \u2013 juridique, finances, communication, ressources humaines \u2013 qui ont contribu\u00e9 au projet de cette ligne 5.<\/p>\n<p>        <img decoding=\"async\" class=\"std-img__img responsive-img\" src=\"https:\/\/www.europesays.com\/fr\/wp-content\/uploads\/2025\/12\/1766291916_374_image.jpg\" alt=\"Une plaque avec 1\u00a0200 noms.\"\/><\/p>\n<p>                Une plaque avec 1\u00a0200 noms.<br \/>\n                                    Midi Libre<\/p>\n<p>06h45.La ligne 5 dessert \u00e9galement plus de 10 parcs et jardins<\/p>\n<p class=\"live-post__amorce\">La ligne 5 repr\u00e9sente le v\u00e9g\u00e9tal. Alors forc\u00e9ment elle devait desservir les parcs et jardins de Montpellier. Ainsi elle permet de se rendre au Parc de Lunaret, au Bois de Montmaur, au Parc de l&rsquo;Aiguelongue, au Jardin des Plantes, \u00e0 la Promenade du Peyrou, au Parc Clemenceau, au Parc Montcalm, au Parc du Belv\u00e9d\u00e8re, au Parc de Bagatelle, au Parc du Mas Prunet, au Parc Font-Colombe, et \u00e0 l&rsquo;Agriparc des Bouisses.<\/p>\n<p>06h30.Les stations desservies<\/p>\n<p class=\"live-post__amorce\">La ligne 5 dessert  <strong>27 stations<\/strong>  reliant Lav\u00e9rune \u00e0 Clapiers sur  <strong>16 km<\/strong>  en  <strong>45 minutes<\/strong> . Les voici :  <strong>Gr\u00e9s de Montpellier, <\/strong> Parc des Bouisses, Parc Font-Colombe, Parc Bagatelle, Ovalie, Yves-du-Manoir, Estanove, Chamberte- Les Roses, Cit\u00e9 Cr\u00e9ative-Parc Montcalm, Place du 8 mai 1945, Parc Clemenceau, Gambetta-Saint-Denis, Gambetta, Saint-Guilhem-Courreau, Peyrou-Arc de Triomphe, Albert 1er-Jardin des Plantes, Place Albert 1er-Saint-Charles, Stade Philippid\u00e8s, Boutonnet-Cit\u00e9 des Arts, Saint-Eloi-Docteur Pezet, Universit\u00e9 Paul-Val\u00e9ry, P\u00f4le Chimie Balard, CNRS-Zoo de Lunaret, Plan des 4 Seigneurs, Agropolis, Montferrier-sur-Lez,  <strong>Clapiers<\/strong> .<\/p>\n<p>        <img decoding=\"async\" class=\"std-img__img responsive-img\" src=\"https:\/\/www.europesays.com\/fr\/wp-content\/uploads\/2025\/12\/1766291918_629_image.png\" alt=\"Le trac\u00e9 de la ligne 5.\"\/><\/p>\n<p>                Le trac\u00e9 de la ligne 5.<br \/>\n                                    Midi Libre<\/p>\n<p>06h02.La ligne 5 est en service depuis 4 heures du matin<\/p>\n<p class=\"live-post__amorce\">La premi\u00e8re rame de la ligne 5 s&rsquo;est \u00e9lanc\u00e9e d\u00e8s 4 heures du matin ce samedi 20 d\u00e9cembre avec une mise en service avec les douze rames que Tam a d\u00e9j\u00e0 r\u00e9ceptionn\u00e9es de Caf (le fabricant).<\/p>\n<p>06h00.Bonjour et bienvenue dans ce direct<\/p>\n<p class=\"live-post__amorce\">Ce samedi 20 d\u00e9cembre marque le jour tant attendu de l&rsquo;inauguration de la ligne 5 du tramway de Montpellier.  Durant ce direct, vous pourrez suivre en temps r\u00e9el l&rsquo;\u00e9v\u00e9nement et les festivit\u00e9s.<\/p>\n<p><script async src=\"https:\/\/platform.twitter.com\/widgets.js\" charset=\"utf-8\"><\/script><\/p>\n","protected":false},"excerpt":{"rendered":"06h15.Spectacles, festivit\u00e9s&#8230; tout un programme\u00a0 Voici les temps forts de l&rsquo;inauguration : \u00c0 10 h, voyage inaugural au&hellip;\n","protected":false},"author":2,"featured_media":613094,"comment_status":"","ping_status":"","sticky":false,"template":"","format":"standard","meta":{"footnotes":""},"categories":[9599],"tags":[1111,11,68902,1777,674,1011,27,7089,71111,2208,12,2680,25,4109,71110,4063],"class_list":{"0":"post-613093","1":"post","2":"type-post","3":"status-publish","4":"format-standard","5":"has-post-thumbnail","7":"category-montpellier","8":"tag-actu","9":"tag-actualites","10":"tag-circulation-du00e9placements","11":"tag-eu","12":"tag-europe","13":"tag-fr","14":"tag-france","15":"tag-herault","16":"tag-ligne-5-du-tramway","17":"tag-montpellier","18":"tag-news","19":"tag-occitanie","20":"tag-republique-francaise","21":"tag-tramway","22":"tag-voiture-u00e0-montpellier-ou00f9-en-sont-les-travaux","23":"tag-vu00e9lo"},"share_on_mastodon":{"url":"https:\/\/pubeurope.com\/@fr\/115755714829901644","error":""},"_links":{"self":[{"href":"https:\/\/www.europesays.com\/fr\/wp-json\/wp\/v2\/posts\/613093","targetHints":{"allow":["GET"]}}],"collection":[{"href":"https:\/\/www.europesays.com\/fr\/wp-json\/wp\/v2\/posts"}],"about":[{"href":"https:\/\/www.europesays.com\/fr\/wp-json\/wp\/v2\/types\/post"}],"author":[{"embeddable":true,"href":"https:\/\/www.europesays.com\/fr\/wp-json\/wp\/v2\/users\/2"}],"replies":[{"embeddable":true,"href":"https:\/\/www.europesays.com\/fr\/wp-json\/wp\/v2\/comments?post=613093"}],"version-history":[{"count":0,"href":"https:\/\/www.europesays.com\/fr\/wp-json\/wp\/v2\/posts\/613093\/revisions"}],"wp:featuredmedia":[{"embeddable":true,"href":"https:\/\/www.europesays.com\/fr\/wp-json\/wp\/v2\/media\/613094"}],"wp:attachment":[{"href":"https:\/\/www.europesays.com\/fr\/wp-json\/wp\/v2\/media?parent=613093"}],"wp:term":[{"taxonomy":"category","embeddable":true,"href":"https:\/\/www.europesays.com\/fr\/wp-json\/wp\/v2\/categories?post=613093"},{"taxonomy":"post_tag","embeddable":true,"href":"https:\/\/www.europesays.com\/fr\/wp-json\/wp\/v2\/tags?post=613093"}],"curies":[{"name":"wp","href":"https:\/\/api.w.org\/{rel}","templated":true}]}}