{"id":613097,"date":"2025-12-21T04:44:21","date_gmt":"2025-12-21T04:44:21","guid":{"rendered":"https:\/\/www.europesays.com\/fr\/613097\/"},"modified":"2025-12-21T04:44:21","modified_gmt":"2025-12-21T04:44:21","slug":"chartres-de-bretagne-lascenseur-operationnel-pour-la-fete-des-chandelles-dimanche","status":"publish","type":"post","link":"https:\/\/www.europesays.com\/fr\/613097\/","title":{"rendered":"Chartres-de-Bretagne. L\u2019ascenseur op\u00e9rationnel pour la F\u00eate des chandelles, dimanche"},"content":{"rendered":"<p>Les travaux de l\u2019ascenseur \u00e0 vitesse lente, dans l\u2019ancienne \u00e9table de la ferme-manoir de la Marionnais, se sont achev\u00e9s mercredi. Le co\u00fbt total de l\u2019installation est de 32\u00a0000\u00a0\u20ac, comprenant la ma\u00e7onnerie, la menuiserie, l\u2019\u00e9lectricit\u00e9, le mat\u00e9riel et la main-d\u2019\u0153uvre.<\/p>\n<p>Il a \u00e9t\u00e9 financ\u00e9 par une subvention exceptionnelle de la commune. \u00a0Ce dispositif va permettre un acc\u00e8s au grenier, o\u00f9 sera am\u00e9nag\u00e9 en 2026 le petit mus\u00e9e chartrain, mais aussi \u00e0 l\u2019\u00e9tage du b\u00e2timent principal\u00a0\u00bb, explique Jean-Pierre Primault, le pr\u00e9sident de l\u2019association Le cadeau de la Marionnais.<\/p>\n<p>Cet ascenseur sera en fonctionnement dimanche, lors de la F\u00eate des chandelles. Les b\u00e9n\u00e9voles ont pr\u00e9vu des animations au coin du feu avec contes, histoires, chansons&#8230; Le public pourra d\u00e9guster vin chaud, g\u00e2teaux et rapporter des cadeaux.<\/p>\n<p>Dimanche 21\u00a0d\u00e9cembre, \u00e0 14\u00a0h, au 4, rue Anatole-Le-Braz. Gratuit. Pour r\u00e9aliser cette maison-m\u00e9moire, il est possible de faire un don d\u00e9fiscalis\u00e9 par HelloAsso ou par ch\u00e8que.<\/p>\n<p>\u00a0<\/p>\n","protected":false},"excerpt":{"rendered":"Les travaux de l\u2019ascenseur \u00e0 vitesse lente, dans l\u2019ancienne \u00e9table de la ferme-manoir de la Marionnais, se sont&hellip;\n","protected":false},"author":2,"featured_media":613098,"comment_status":"","ping_status":"","sticky":false,"template":"","format":"standard","meta":{"footnotes":""},"categories":[2821],"tags":[1111,11,23099,829,72401,19962,6664,1777,674,4768,1011,27,12,72400,3086,584,25],"class_list":{"0":"post-613097","1":"post","2":"type-post","3":"status-publish","4":"format-standard","5":"has-post-thumbnail","7":"category-rennes","8":"tag-actu","9":"tag-actualites","10":"tag-ascenseur","11":"tag-bretagne","12":"tag-chandelles","13":"tag-chartres-de-bretagne","14":"tag-dimanche","15":"tag-eu","16":"tag-europe","17":"tag-fete","18":"tag-fr","19":"tag-france","20":"tag-news","21":"tag-operationnel","22":"tag-redon","23":"tag-rennes","24":"tag-republique-francaise"},"share_on_mastodon":{"url":"https:\/\/pubeurope.com\/@fr\/115755736419501064","error":""},"_links":{"self":[{"href":"https:\/\/www.europesays.com\/fr\/wp-json\/wp\/v2\/posts\/613097","targetHints":{"allow":["GET"]}}],"collection":[{"href":"https:\/\/www.europesays.com\/fr\/wp-json\/wp\/v2\/posts"}],"about":[{"href":"https:\/\/www.europesays.com\/fr\/wp-json\/wp\/v2\/types\/post"}],"author":[{"embeddable":true,"href":"https:\/\/www.europesays.com\/fr\/wp-json\/wp\/v2\/users\/2"}],"replies":[{"embeddable":true,"href":"https:\/\/www.europesays.com\/fr\/wp-json\/wp\/v2\/comments?post=613097"}],"version-history":[{"count":0,"href":"https:\/\/www.europesays.com\/fr\/wp-json\/wp\/v2\/posts\/613097\/revisions"}],"wp:featuredmedia":[{"embeddable":true,"href":"https:\/\/www.europesays.com\/fr\/wp-json\/wp\/v2\/media\/613098"}],"wp:attachment":[{"href":"https:\/\/www.europesays.com\/fr\/wp-json\/wp\/v2\/media?parent=613097"}],"wp:term":[{"taxonomy":"category","embeddable":true,"href":"https:\/\/www.europesays.com\/fr\/wp-json\/wp\/v2\/categories?post=613097"},{"taxonomy":"post_tag","embeddable":true,"href":"https:\/\/www.europesays.com\/fr\/wp-json\/wp\/v2\/tags?post=613097"}],"curies":[{"name":"wp","href":"https:\/\/api.w.org\/{rel}","templated":true}]}}