{"id":613139,"date":"2025-12-21T05:14:15","date_gmt":"2025-12-21T05:14:15","guid":{"rendered":"https:\/\/www.europesays.com\/fr\/613139\/"},"modified":"2025-12-21T05:14:15","modified_gmt":"2025-12-21T05:14:15","slug":"poutine-pret-a-engager-le-dialogue-avec-macron","status":"publish","type":"post","link":"https:\/\/www.europesays.com\/fr\/613139\/","title":{"rendered":"Poutine \u00ab\u00a0pr\u00eat \u00e0 engager le dialogue avec Macron\u00a0\u00bb"},"content":{"rendered":"<p>Alors que la communication fonctionne entre Washington et Moscou, un appel va-t-il prochainement avoir lieu entre l\u2019\u00c9lys\u00e9e et le Kremlin pour parler de la <a href=\"https:\/\/www.20minutes.fr\/monde\/ukraine\/4192571-20251220-guerre-ukraine-russes-ukrainiens-retrouvent-miami-parler-paix\" target=\"_blank\" class=\"c-link c-link--is-underlined\" rel=\"noopener\">guerre en Ukraine<\/a>\u00a0? Si rien n\u2019est encore pr\u00e9vu dans les agendas, la pr\u00e9sidence russe a envoy\u00e9 des signaux positifs dans la nuit de samedi \u00e0 ce dimanche.<\/p>\n<p>\u00ab\u00a0Il (Emmanuel Macron) a dit qu\u2019il \u00e9tait pr\u00eat \u00e0 parler avec Poutine. Il est probablement tr\u00e8s important de rappeler ce que le pr\u00e9sident (russe) a dit lors de Ligne directe (sa grande conf\u00e9rence de presse annuelle vendredi). Il a \u00e9galement exprim\u00e9 le fait qu\u2019il \u00e9tait pr\u00eat \u00e0 engager le dialogue avec Macron\u00a0\u00bb, a expliqu\u00e9 le porte-parole du Kremlin, Dmitri Peskov, \u00e0 l\u2019agence russe RIA Novosti.<\/p>\n<p>L\u2019UE trouve des milliards pour l\u2019Ukraine<\/p>\n<p>Le porte-parole de la pr\u00e9sidence russe faisait r\u00e9f\u00e9rence \u00e0 une d\u00e9claration d\u2019Emmanuel Macron vendredi matin \u00e0 Bruxelles, \u00e0 l\u2019issue d\u2019un sommet o\u00f9 l\u2019Union europ\u00e9enne a trouv\u00e9 un accord pour d\u00e9bloquer <a href=\"https:\/\/www.20minutes.fr\/monde\/ukraine\/4192312-20251219-guerre-ukraine-union-europeenne-trouve-90-milliards-euros-kiev-toucher-avoirs-russes\" target=\"_blank\" class=\"c-link c-link--is-underlined\" rel=\"noopener\">un pr\u00eat de 90\u00a0milliards d\u2019euros pour soutenir l\u2019Ukraine<\/a>.<\/p>\n<p>\u00ab\u00a0Je pense qu\u2019il va redevenir utile de parler \u00e0 Vladimir Poutine\u00a0\u00bb, avait dit le pr\u00e9sident fran\u00e7ais devant la presse. \u00ab\u00a0Je constate qu\u2019il y a des gens qui parlent \u00e0 Vladimir Poutine\u00a0\u00bb, avait-il ajout\u00e9, en allusion au pr\u00e9sident am\u00e9ricain Donald Trump, qui a renou\u00e9 le dialogue avec son homologue russe. \u00ab\u00a0Donc je pense que nous, Europ\u00e9ens et Ukrainiens, on a int\u00e9r\u00eat \u00e0 trouver le cadre pour r\u00e9engager cette discussion en bonne et due forme. Sinon, on discute entre nous avec des n\u00e9gociateurs qui vont seuls discuter avec les Russes, ce qui n\u2019est pas optimal\u00a0\u00bb, avait insist\u00e9 Emmanuel Macron.<\/p>\n<p>Trump \u00e0 la man\u0153uvre pour obtenir la paix<\/p>\n<p>De fait, des \u00e9missaires de Donald Trump m\u00e8nent une s\u00e9rie de pourparlers s\u00e9par\u00e9s, avec Moscou d\u2019une part, et avec les Ukrainiens et les Europ\u00e9ens d\u2019autre part, dans l\u2019espoir d\u2019aboutir \u00e0 un accord sur le conflit en Ukraine.<\/p>\n<p><a href=\"https:\/\/www.20minutes.fr\/monde\/ukraine\/\" target=\"_blank\" class=\"c-link c-btn c-btn--primary\" rel=\"noopener\">Notre dossier sur la Guerre en Ukraine<\/a><\/p>\n<p>Des n\u00e9gociateurs ukrainiens, europ\u00e9ens et am\u00e9ricains se trouvent ainsi ce week-end \u00e0 Miami, en Floride, pour ces discussions men\u00e9es par <a href=\"https:\/\/www.20minutes.fr\/monde\/ukraine\/4189203-20251202-guerre-ukraine-roule-steve-witkoff-emissaire-americain-donald-trump-russie\" target=\"_blank\" class=\"c-link c-link--is-underlined\" rel=\"noopener\">Steve Witkoff, l\u2019envoy\u00e9 sp\u00e9cial de Donald Trump<\/a>, et Jared Kushner, le gendre du pr\u00e9sident des Etats-Unis. L\u2019\u00e9missaire russe Kirill Dmitriev est \u00e9galement \u00e0 Miami depuis samedi.<\/p>\n<p>Le pr\u00e9sident ukrainien Volodymyr Zelensky a en outre appel\u00e9 samedi Washington \u00e0 accentuer la pression sur Moscou, en vue d\u2019un accord pour mettre fin au conflit d\u00e9clench\u00e9 par l\u2019offensive russe de f\u00e9vrier\u00a02022.<\/p>\n","protected":false},"excerpt":{"rendered":"Alors que la communication fonctionne entre Washington et Moscou, un appel va-t-il prochainement avoir lieu entre l\u2019\u00c9lys\u00e9e et&hellip;\n","protected":false},"author":2,"featured_media":613140,"comment_status":"","ping_status":"","sticky":false,"template":"","format":"standard","meta":{"footnotes":""},"categories":[1590],"tags":[47,11,75,1073,73,1777,674,131,74,12,132,220,133,135,134],"class_list":{"0":"post-613139","1":"post","2":"type-post","3":"status-publish","4":"format-standard","5":"has-post-thumbnail","7":"category-ukraine","8":"tag-actualite","9":"tag-actualites","10":"tag-donald-trump","11":"tag-emmanuel-macron","12":"tag-etats-unis","13":"tag-eu","14":"tag-europe","15":"tag-guerre-en-ukraine","16":"tag-monde","17":"tag-news","18":"tag-russie","19":"tag-ukraine","20":"tag-video","21":"tag-vladimir-poutine","22":"tag-volodymyr-zelensky"},"share_on_mastodon":{"url":"https:\/\/pubeurope.com\/@fr\/115755854338190564","error":""},"_links":{"self":[{"href":"https:\/\/www.europesays.com\/fr\/wp-json\/wp\/v2\/posts\/613139","targetHints":{"allow":["GET"]}}],"collection":[{"href":"https:\/\/www.europesays.com\/fr\/wp-json\/wp\/v2\/posts"}],"about":[{"href":"https:\/\/www.europesays.com\/fr\/wp-json\/wp\/v2\/types\/post"}],"author":[{"embeddable":true,"href":"https:\/\/www.europesays.com\/fr\/wp-json\/wp\/v2\/users\/2"}],"replies":[{"embeddable":true,"href":"https:\/\/www.europesays.com\/fr\/wp-json\/wp\/v2\/comments?post=613139"}],"version-history":[{"count":0,"href":"https:\/\/www.europesays.com\/fr\/wp-json\/wp\/v2\/posts\/613139\/revisions"}],"wp:featuredmedia":[{"embeddable":true,"href":"https:\/\/www.europesays.com\/fr\/wp-json\/wp\/v2\/media\/613140"}],"wp:attachment":[{"href":"https:\/\/www.europesays.com\/fr\/wp-json\/wp\/v2\/media?parent=613139"}],"wp:term":[{"taxonomy":"category","embeddable":true,"href":"https:\/\/www.europesays.com\/fr\/wp-json\/wp\/v2\/categories?post=613139"},{"taxonomy":"post_tag","embeddable":true,"href":"https:\/\/www.europesays.com\/fr\/wp-json\/wp\/v2\/tags?post=613139"}],"curies":[{"name":"wp","href":"https:\/\/api.w.org\/{rel}","templated":true}]}}