{"id":613211,"date":"2025-12-21T06:06:28","date_gmt":"2025-12-21T06:06:28","guid":{"rendered":"https:\/\/www.europesays.com\/fr\/613211\/"},"modified":"2025-12-21T06:06:28","modified_gmt":"2025-12-21T06:06:28","slug":"des-buches-de-noel-a-faire-rever-et-a-deguster-a-nice","status":"publish","type":"post","link":"https:\/\/www.europesays.com\/fr\/613211\/","title":{"rendered":"des b\u00fbches de No\u00ebl \u00e0 faire r\u00eaver et \u00e0 d\u00e9guster \u00e0 Nice"},"content":{"rendered":"<p class=\"article__intro\">Nombreux sont ceux qui se pourl\u00e8chent d\u00e9j\u00e0 les babines \u00e0 la seule id\u00e9e du dessert phare du r\u00e9veillon de No\u00ebl. Inspir\u00e9e de la c\u00e9l\u00e9bration du solstice d&rsquo;hiver, la b\u00fbche est un g\u00e2teau incontournable. P\u00e2tissi\u00e8re, glac\u00e9e, au chocolat ou fruit\u00e9e elle tr\u00f4ne sur les meilleures tables.<\/p>\n<p>\n      La Quotidienne Soci\u00e9t\u00e9\n    <\/p>\n<p>\n      De la vie quotidienne aux grands enjeux, recevez tous les jours les sujets qui font la soci\u00e9t\u00e9 locale, comme la justice, l\u2019\u00e9ducation, la sant\u00e9 et la famille.\n    <\/p>\n<p>    France T\u00e9l\u00e9visions utilise votre adresse e-mail afin de vous envoyer la newsletter \u00ab\u00a0La Quotidienne Soci\u00e9t\u00e9\u00a0\u00bb. Vous pouvez vous d\u00e9sinscrire \u00e0 tout moment via le lien en bas de cette newsletter. <a target=\"_blank\" href=\"https:\/\/www.francetelevisions.fr\/groupe\/confidentialite\/politique-de-confidentialite\/politique-de-confidentialite-de-france-televisions-6503\" rel=\"noopener\">Notre politique de confidentialit\u00e9<\/a><\/p>\n<p>C&rsquo;est la saison de la b\u00fbche. Pas celle qu&rsquo;on se ramasse en glissant sur la neige glac\u00e9e. Celle qu&rsquo;on savoure m\u00eame quand on n&rsquo;a plus faim.<\/p>\n<p>Et dans cette cat\u00e9gorie tr\u00e8s pris\u00e9e, il y a les traditionnelles et les exceptionnelles, les tendances, les originales, les exotiques, les revisit\u00e9es mais, toutes sont cr\u00e9\u00e9s pour le plaisir des yeux avant celui des papilles.<\/p>\n<p><a data-article-figure=\"\" href=\"https:\/\/france3-regions.franceinfo.fr\/image\/96d4mEeSaiGijsEY7w0HzjqUFl8\/1170x1240\/regions\/2025\/12\/08\/rob-693707160ae59288885079.jpg\" data-pswp-width=\"1170\" data-pswp-height=\"1240\" target=\"_blank\" rel=\"noopener\"><\/p>\n<p>          <img width=\"600\" height=\"400\" class=\"article-image lazy\" data-src=\"https:\/\/www.europesays.com\/fr\/wp-content\/uploads\/2025\/12\/rob-693707160ae59288885079.jpg\" alt=\"Roberto Francia, l'artisan glacier qui a remport\u00e9 deux fois le prix du meilleur glacier de France sur Trip Advisor.\" fetchpriority=\"high\" as=\"image\"\/><\/p>\n<p>\n            Roberto Francia, l&rsquo;artisan glacier qui a remport\u00e9 deux fois le prix du meilleur glacier de France sur Trip Advisor.<br \/>\n                           \u2022<br \/>\n                                      \u00a9 FTV\n                      <\/p>\n<p><\/a><\/p>\n<p>Parmi toutes ces b\u00fbches enchanteresses, celles, glac\u00e9es, d\u2019Arlequin rivalisent avec le sublime. Roberto Francia, authentique artisan glacier originaire de Bologne, ach\u00e8te le lait puis fabrique ses glaces avec les fruits du march\u00e9 de la Lib\u00e9 ou d&rsquo;Italie. Parce que la glace, au pays de Dante Alighieri, est incontournable 365 jours par an. \u00ab\u00a0On en mange toute l&rsquo;ann\u00e9e et, parce que c&rsquo;est digestif et l\u00e9ger, on termine souvent le repas avec. Donc pour les f\u00eates de fin d&rsquo;ann\u00e9e, on a 18 vari\u00e9t\u00e9s de b\u00fbches glac\u00e9es. Dans les nouveaut\u00e9s cette ann\u00e9e, la b\u00fbche Duba\u00ef chocolat et la Duba\u00ef blanche, avec du choco blanc. C\u00f4t\u00e9 sorbet, on a la coco\/p\u00eache avec des fruits frais qu&rsquo;on a pr\u00e9par\u00e9s, confits et surgel\u00e9s en ao\u00fbt et septembre et la poire\/chocolat en sorbet c&rsquo;est-\u00e0-dire que le chocolat est travaill\u00e9 sans lait ni cr\u00e8me fra\u00eeche. \u00ab\u00a0<\/p>\n<p><a data-article-figure=\"\" href=\"https:\/\/france3-regions.franceinfo.fr\/image\/Zqm-nSmCTlUFZaVWqDmbZMam8a4\/1179x785\/regions\/2025\/12\/08\/vert-6936dced78f4b781209230.jpg\" data-pswp-width=\"1179\" data-pswp-height=\"785\" target=\"_blank\" rel=\"noopener\"><\/p>\n<p>          <img width=\"600\" height=\"400\" class=\"article-image lazy\" data-src=\"https:\/\/www.europesays.com\/fr\/wp-content\/uploads\/2025\/12\/vert-6936dced78f4b781209230.jpg\" alt=\"Les buches glac\u00e9es Divine d'Arlequin avec sa ganache de pistaches de Sicile\" fetchpriority=\"high\" as=\"image\"\/><\/p>\n<p>\n            Les buches glac\u00e9es Divine d&rsquo;Arlequin avec sa ganache de pistaches de Sicile<br \/>\n                           \u2022<br \/>\n                                      \u00a9 Enzo Salvo\n                      <\/p>\n<p><\/a><\/p>\n<p>Pour cet Italien pur jus, inconcevable d&rsquo;imaginer un repas de No\u00ebl et jour de l&rsquo;an sans le traditionnel panettone. Roberto Francia a donc imagin\u00e9 il y a 8 ans, un panettone glac\u00e9 pour ceux qui, pour le plaisir, le pr\u00e9f\u00e8rent \u00e0 la b\u00fbche : \u00ab\u00a0L&rsquo;an pass\u00e9, entre b\u00fbches et panettone, avec mon bras droit Enzo qui a pr\u00e8s de 40 ans de m\u00e9tier, nous en avons fabriqu\u00e9 et vendu presque 1000 pi\u00e8ces !\u00a0\u00bb dit-il.<\/p>\n<p><a data-article-figure=\"\" href=\"https:\/\/france3-regions.franceinfo.fr\/image\/2KDt03j8f1BX0bnSll86KqyKFaY\/1170x857\/regions\/2025\/12\/08\/pan-693706a16d279868032440.jpg\" data-pswp-width=\"1170\" data-pswp-height=\"857\" target=\"_blank\" rel=\"noopener\"><\/p>\n<p>          <img width=\"600\" height=\"400\" class=\"article-image lazy\" data-src=\"https:\/\/www.europesays.com\/fr\/wp-content\/uploads\/2025\/12\/pan-693706a16d279868032440.jpg\" alt=\"Les mini panettones glac\u00e9s qui sont, \u00e0 Nice, aussi demand\u00e9s que leurs cousines les buches \" fetchpriority=\"high\" as=\"image\"\/><\/p>\n<p>\n            Les mini panettones glac\u00e9s qui sont, \u00e0 Nice, aussi demand\u00e9s que leurs cousines les buches<br \/>\n                           \u2022<br \/>\n                                      \u00a9 Enzo Salvo\n                      <\/p>\n<p><\/a><\/p>\n<p>Sa gamme de prix va de 28 euros pour un mini-panettone pour 4 personnes \u00e0 55 euros pour la b\u00fbche de 6 \u00e0 8 personnes : \u00ab\u00a0C&rsquo;est beaucoup de travail de finitions et des ingr\u00e9dients de 1\u02b3\u1d49 qualit\u00e9 comme le m\u00e9lange de trois chocolats diff\u00e9rents, le Saint-Domingue, le Vietnam et le Sao Tom\u00e9 qui provient d&rsquo;une \u00eele volcanique d\u2019Afrique centrale.\u00a0\u00bb<\/p>\n<p><a data-article-figure=\"\" href=\"https:\/\/france3-regions.franceinfo.fr\/image\/uO9w7IoNjfDuUPLYl81MPde_TLY\/800x800\/regions\/2025\/12\/08\/lac-noir-6937091d266f6383237504.jpg\" data-pswp-width=\"800\" data-pswp-height=\"800\" target=\"_blank\" rel=\"noopener\"><\/p>\n<p>          <img width=\"600\" height=\"400\" class=\"article-image lazy\" data-src=\"https:\/\/www.europesays.com\/fr\/wp-content\/uploads\/2025\/12\/lac-noir-6937091d266f6383237504.jpg\" alt=\"La derni\u00e8re cr\u00e9ation de Lac, la b\u00fbche Mantaro qui se compose d'une dacquoise aux amandes, pralin\u00e9 croustillant, noix de p\u00e9can, sabl\u00e9 breton et cr\u00e9meux chocolat noir P\u00e9rou\u00a070\u00a0%.\" fetchpriority=\"high\" as=\"image\"\/><\/p>\n<p>\n            La derni\u00e8re cr\u00e9ation de Lac, la b\u00fbche Mantaro qui se compose d&rsquo;une dacquoise aux amandes, pralin\u00e9 croustillant, noix de p\u00e9can, sabl\u00e9 breton et cr\u00e9meux chocolat noir P\u00e9rou\u00a070\u00a0%.<br \/>\n                           \u2022<br \/>\n                                      \u00a9 Marc Laurin\n                      <\/p>\n<p><\/a><\/p>\n<p>Autre grand nom du chocolat et de la p\u00e2tisserie, la famille Lac. Julien est comme son p\u00e8re Pascal, artisan-chocolatier. Pour f\u00eater No\u00ebl, ils proposent une collection de gourmandises hivernales qui ont largement particip\u00e9 au renom de cette maison ni\u00e7oise. \u00ab\u00a0On a toujours un noyau classique historique comme la b\u00fbche D\u00e9sir, La Perle, blanche et l\u00e9g\u00e8re, cr\u00e9\u00e9e il y a longtemps par mon p\u00e8re. On y retrouve de vanille, fraise et framboise et la Marron avec, comme son nom l&rsquo;indique, des brisures de marrons.\u00a0\u00bb<\/p>\n<p>La maison travaille aussi sur des bases plus fruit\u00e9es.<\/p>\n<p><a data-article-figure=\"\" href=\"https:\/\/france3-regions.franceinfo.fr\/image\/k6Nbfs3MV-CPHU-0uww-ettZqzc\/800x800\/regions\/2025\/12\/08\/lac-or-69370851d024f015287915.jpg\" data-pswp-width=\"800\" data-pswp-height=\"800\" target=\"_blank\" rel=\"noopener\"><\/p>\n<p>          <img width=\"600\" height=\"400\" class=\"article-image lazy\" data-src=\"https:\/\/www.europesays.com\/fr\/wp-content\/uploads\/2025\/12\/lac-or-69370851d024f015287915.jpg\" alt=\"La buche Mandarine de la Maison Lac ne se d\u00e9cline qu'a la p\u00e9riode de No\u00ebl\" fetchpriority=\"high\" as=\"image\"\/><\/p>\n<p>\n            La buche Mandarine de la Maison Lac ne se d\u00e9cline qu&rsquo;a la p\u00e9riode de No\u00ebl<br \/>\n                           \u2022<br \/>\n                                      \u00a9 Marc Laurin\n                      <\/p>\n<p><\/a><\/p>\n<p>Enfin, un peu plus originales, deux cr\u00e9ations sont venues s&rsquo;adjoindre \u00e0 la gamme cette ann\u00e9e : \u00ab\u00a0Pour 2025, explique Julien Lac, nous avons imagin\u00e9 la Tahaa Poto. On est plus vers le P\u00e9rou avec des f\u00e8ves de cacao qui viennent du pays des Incas, berceau du chocolat. Et, aussi la Mantaro qui puise son inspiration dans le m\u00eame pays pour le chocolat avec un croustillant noix de p\u00e9can et sabl\u00e9 breton. Mon p\u00e8re a fait un grand voyage au P\u00e9rou en avril dernier pour aller \u00e0 la rencontre des planteurs et du terroir. Il en est revenu impressionn\u00e9 par les cacaos d\u2019altitude qui poussent loin du tumulte de la ville et qui sont toujours \u00e9norm\u00e9ment consomm\u00e9s l\u00e0-bas. On travaille de 15 \u00e0 20 f\u00e8ves de chocolats diff\u00e9rents mais, rien que pour le P\u00e9rou, on en a cinq actuellement.\u00a0\u00bb<\/p>\n<p>Pour une b\u00fbche de 6 personnes, il vous en co\u00fbtera 47 euros.<\/p>\n<p>Pos\u00e9 sur son assiette de pr\u00e9sentation dor\u00e9e, un coussin immacul\u00e9 bord\u00e9 d\u2019un \u00e9l\u00e9gant passepoil ouvrag\u00e9. Au-dessus, repose une clef.<\/p>\n<p>Pour sa 1\u02b3\u1d49 cr\u00e9ation au sein du Negresco, le chef p\u00e2tissier Yann Le Douaron, s\u2019est inspir\u00e9 de la v\u00e9ritable clef de l\u2019ascenseur qui menait aux anciens appartements de Madame Jeanne Augier, dans la c\u00e9l\u00e8bre coupole du l\u00e9gendaire h\u00f4tel de la Promenade des Anglais. Le lieu est aujourd\u2019hui devenu une suite d\u2019exception de 400\u00a0m\u00b2 offrant depuis trois terrasses une vue \u00e0 180\u00b0 sur la baie des Anges.<\/p>\n<p>Le palace garde une part de myst\u00e8re qui prolonge le voyage au travers de cette b\u00fbche vraiment pas comme les autres : \u00ab Mon intention, explique le Chef des douceurs, est de raconter \u00e0 travers cette cr\u00e9ation p\u00e2tissi\u00e8re un moment unique, celui de l\u2019inauguration d\u2019un lieu qui est embl\u00e9matique du Negresco \u00bb.<\/p>\n<p>Un croustillant pistache agr\u00e9ment\u00e9 d\u2019un trocadero pistache compos\u00e9 d&rsquo;une marmelade de cl\u00e9mentines, de pralin\u00e9 coulant \u00e0 la pistache, le tout compl\u00e9t\u00e9 d\u2019une mousse \u00e0 la fleur d\u2019oranger. Une b\u00fbche qui se traduit par un coussin et une clef charg\u00e9e d\u2019histoire, il fallait y penser. Cela fait de cet entremets un des plus originaux. Il sera propos\u00e9, en \u00e9dition limit\u00e9e, jusqu&rsquo;au 31 d\u00e9cembre, pour 6 \u00e0 8 personnes au prix de 80 euros.<\/p>\n<p><a data-article-figure=\"\" href=\"https:\/\/france3-regions.franceinfo.fr\/image\/jro88QNhEtPhTbRAqIqQBNXaqZk\/3558x5337\/regions\/2025\/12\/09\/neg-6938494837f9a811934225.jpg\" data-pswp-width=\"3558\" data-pswp-height=\"5337\" target=\"_blank\" rel=\"noopener\"><\/p>\n<p>          <img width=\"600\" height=\"400\" class=\"article-image lazy\" data-src=\"https:\/\/www.europesays.com\/fr\/wp-content\/uploads\/2025\/12\/neg-6938494837f9a811934225.jpg\" alt=\"Tout se savoure dans cette b\u00fbche exceptionnelle imagin\u00e9e par le nouveau Chef p\u00e2tissier du mythique h\u00f4tel \u00e0 la coupole rose \" fetchpriority=\"high\" as=\"image\"\/><\/p>\n<p>\n            Tout se savoure dans cette b\u00fbche exceptionnelle imagin\u00e9e par le nouveau Chef p\u00e2tissier du mythique h\u00f4tel \u00e0 la coupole rose<br \/>\n                           \u2022<br \/>\n                                      \u00a9 Le Negresco\n                      <\/p>\n<p><\/a><\/p>\n<p>Parce que No\u00ebl c&rsquo;est aussi le temps du partage et d&rsquo;un autre regard sur autrui, on ne pourrait pas terminer ce tour d&rsquo;horizon sans parler de l&rsquo;\u0153uvre du <a href=\"https:\/\/www.forumjorgefrancois.fr\/\" target=\"_blank\" rel=\"noopener noreferrer nofollow\" data-tooltip-url=\"https:\/\/www.forumjorgefrancois.fr\/\">Forum Jorge Fran\u00e7ois, un espace solidaire. <\/a>Philippe Bouchet en est le directeur : \u00ab\u00a0b\u00fbches ?  C&rsquo;est g\u00e9noise et cr\u00e8me au beurre l\u00e9g\u00e8re, voire all\u00e9g\u00e9e\u00a0\u00bb, attaque-t-il. \u00ab\u00a0On en propose trois sortes diff\u00e9rentes, celle traditionnelle au pralin\u00e9, celle fa\u00e7on For\u00eat noire et la poire chocolat. On peut d\u00e9j\u00e0 les commander et les retirer pour les plus gourmands qui veulent commencer \u00e0 les manger, sinon on peut respecter la tradition et les commander pour le 24 d\u00e9cembre.\u00a0\u00bb On les retire au 9 rue Cronstadt sous l\u2019\u00e9glise Saint-Pierre d\u2019Ar\u00e8ne. Pour 4-6\u00a0personnes, il faut compter 18\u2009euros et 24 euros pour les 6-8 personnes. <\/p>\n<p>\u00ab\u00a0C\u2019est notre chef et nos apprenants qui les fabriquent. Ils sont sept actuellement en insertion. L\u2019an pass\u00e9, nous en avons vendu une centaine dans le mois de d\u00e9cembre, ce qui nous a permis de soutenir notre action sociale et solidaire car c\u2019est avec ce genre d\u2019action qu\u2019on peut former nos apprenants et leur donner les comp\u00e9tences pour un retour \u00e0 l\u2019emploi r\u00e9ussi.<\/p>\n<p><a data-article-figure=\"\" href=\"https:\/\/france3-regions.franceinfo.fr\/image\/vn_Wzcv2MOOiq1vK-Rr-rbdSiaE\/1600x1200\/regions\/2025\/12\/08\/forum-693707b2c15f2770225281.jpg\" data-pswp-width=\"1600\" data-pswp-height=\"1200\" target=\"_blank\" rel=\"noopener\"><\/p>\n<p>          <img width=\"600\" height=\"400\" class=\"article-image lazy\" data-src=\"https:\/\/www.europesays.com\/fr\/wp-content\/uploads\/2025\/12\/forum-693707b2c15f2770225281.jpg\" alt=\"Les buches du Forum Jorge Fran\u00e7ois sont \u00e0 la fois un d\u00e9lice pour les gourmands et un geste pour ceux qui en ont le plus besoin. \" fetchpriority=\"high\" as=\"image\"\/><\/p>\n<p>\n            Les buches du Forum Jorge Fran\u00e7ois sont \u00e0 la fois un d\u00e9lice pour les gourmands et un geste pour ceux qui en ont le plus besoin.<br \/>\n                           \u2022<br \/>\n                                      \u00a9 Forum Jorge Fran\u00e7ois\n                      <\/p>\n<p><\/a><\/p>\n<p>De quoi se r\u00e9galer pour un prix raisonnable tout en faisant une bonne action !<\/p>\n","protected":false},"excerpt":{"rendered":"Nombreux sont ceux qui se pourl\u00e8chent d\u00e9j\u00e0 les babines \u00e0 la seule id\u00e9e du dessert phare du r\u00e9veillon&hellip;\n","protected":false},"author":2,"featured_media":613212,"comment_status":"","ping_status":"","sticky":false,"template":"","format":"standard","meta":{"footnotes":""},"categories":[2819],"tags":[1111,11,1777,674,1011,27,12,2401,882,25],"class_list":{"0":"post-613211","1":"post","2":"type-post","3":"status-publish","4":"format-standard","5":"has-post-thumbnail","7":"category-nice","8":"tag-actu","9":"tag-actualites","10":"tag-eu","11":"tag-europe","12":"tag-fr","13":"tag-france","14":"tag-news","15":"tag-nice","16":"tag-provence-alpes-cote-dazur","17":"tag-republique-francaise"},"share_on_mastodon":{"url":"https:\/\/pubeurope.com\/@fr\/115756058744322352","error":""},"_links":{"self":[{"href":"https:\/\/www.europesays.com\/fr\/wp-json\/wp\/v2\/posts\/613211","targetHints":{"allow":["GET"]}}],"collection":[{"href":"https:\/\/www.europesays.com\/fr\/wp-json\/wp\/v2\/posts"}],"about":[{"href":"https:\/\/www.europesays.com\/fr\/wp-json\/wp\/v2\/types\/post"}],"author":[{"embeddable":true,"href":"https:\/\/www.europesays.com\/fr\/wp-json\/wp\/v2\/users\/2"}],"replies":[{"embeddable":true,"href":"https:\/\/www.europesays.com\/fr\/wp-json\/wp\/v2\/comments?post=613211"}],"version-history":[{"count":0,"href":"https:\/\/www.europesays.com\/fr\/wp-json\/wp\/v2\/posts\/613211\/revisions"}],"wp:featuredmedia":[{"embeddable":true,"href":"https:\/\/www.europesays.com\/fr\/wp-json\/wp\/v2\/media\/613212"}],"wp:attachment":[{"href":"https:\/\/www.europesays.com\/fr\/wp-json\/wp\/v2\/media?parent=613211"}],"wp:term":[{"taxonomy":"category","embeddable":true,"href":"https:\/\/www.europesays.com\/fr\/wp-json\/wp\/v2\/categories?post=613211"},{"taxonomy":"post_tag","embeddable":true,"href":"https:\/\/www.europesays.com\/fr\/wp-json\/wp\/v2\/tags?post=613211"}],"curies":[{"name":"wp","href":"https:\/\/api.w.org\/{rel}","templated":true}]}}