{"id":6133,"date":"2025-04-06T20:09:17","date_gmt":"2025-04-06T20:09:17","guid":{"rendered":"https:\/\/www.europesays.com\/fr\/6133\/"},"modified":"2025-04-06T20:09:17","modified_gmt":"2025-04-06T20:09:17","slug":"des-soignants-agresses-dans-une-clinique","status":"publish","type":"post","link":"https:\/\/www.europesays.com\/fr\/6133\/","title":{"rendered":"Des soignants agress\u00e9s dans une clinique"},"content":{"rendered":"<p>Des soignants d\u2019une clinique de <a href=\"https:\/\/www.20minutes.fr\/societe\/4140603-20250226-villeurbanne-agent-soupconne-agressions-sexuelles-enfants-reaffecte-autre-ecole-maternelle\" class=\"color-ultramarine c-link\" rel=\"nofollow noopener\" target=\"_blank\">Villeurbanne<\/a>, en banlieue <a href=\"https:\/\/www.20minutes.fr\/magazine\/foire-de-lyon-mag\/\" class=\"color-ultramarine c-link\" rel=\"nofollow noopener\" target=\"_blank\">lyonnaise<\/a>, ont \u00e9t\u00e9 agress\u00e9s, a indiqu\u00e9 samedi la pr\u00e9fecture du Rh\u00f4ne. Les suspects sont les membres de la famille d\u2019un patient. Deux personnes ont \u00e9t\u00e9 arr\u00eat\u00e9es et plac\u00e9es en garde \u00e0 vue par la <a href=\"https:\/\/www.20minutes.fr\/dossier\/police\" class=\"color-ultramarine c-link\" rel=\"nofollow noopener\" target=\"_blank\">police<\/a>.<\/p>\n<p>Les faits se sont produits jeudi soir peu avant 21 heures aux urgences de la clinique M\u00e9dip\u00f4le de Villeurbanne, lorsque les membres de la famille d\u2019un patient s\u2019en sont pris \u00e0 des soignants, a pr\u00e9cis\u00e9 la pr\u00e9fecture, confirmant une information de <a href=\"https:\/\/www.bfmtv.com\/lyon\/info-bfm-lyon-des-soignants-et-policiers-agresses-par-la-famille-d-un-patient-dans-une-clinique-de-villeurbanne_AN-202504050158.html\" rel=\"nofollow noopener\" target=\"_blank\" class=\"color-ultramarine c-link\">BFMTV Lyon<\/a>.<\/p>\n<p>Insultes, menaces et coups<\/p>\n<p>Les agresseurs reprochaient aux soignants le temps d\u2019attente pour la prise en charge de leur proche. Des membres du personnel ont re\u00e7u des insultes, des menaces et des coups, selon une source proche du dossier. Au moins trois soignants ont \u00e9t\u00e9 bless\u00e9s, dont certains se sont vus prescrire dans un premier temps une ITT (incapacit\u00e9 totale de travail) de 10 jours.<\/p>\n<p>Une patrouille de police pr\u00e9sente sur les lieux est intervenue pour ma\u00eetriser les agresseurs et deux personnes ont \u00e9t\u00e9 plac\u00e9es en garde \u00e0 vue. Cinq plaintes ont \u00e9t\u00e9 d\u00e9pos\u00e9es, trois par les soignants, deux par les policiers, a pr\u00e9cis\u00e9 la pr\u00e9fecture.<\/p>\n<p>Renforts de police<\/p>\n<p>Sur le r\u00e9seau social X, la pr\u00e9f\u00e8te Fabienne Buccio a exprim\u00e9 son \u00ab\u00a0soutien total aux soignants victimes\u00a0\u00bb et remerci\u00e9 \u00ab\u00a0les policiers pour leur intervention rapide qui a permis l\u2019interpellation de deux personnes\u00a0\u00bb. La police a renforc\u00e9 ses patrouilles aupr\u00e8s de l\u2019\u00e9tablissement en plus des agents de s\u00e9curit\u00e9 priv\u00e9e suppl\u00e9mentaires mobilis\u00e9s, pr\u00e9cise-t-elle.<\/p>\n<p>Le directeur de l\u2019ARS (agence r\u00e9gionale de sant\u00e9) se d\u00e9placera aujourd\u2019hui aupr\u00e8s des soignants pour leur apporter le soutien de l\u2019Etat, selon la pr\u00e9f\u00e8te.<\/p>\n","protected":false},"excerpt":{"rendered":"Des soignants d\u2019une clinique de Villeurbanne, en banlieue lyonnaise, ont \u00e9t\u00e9 agress\u00e9s, a indiqu\u00e9 samedi la pr\u00e9fecture du&hellip;\n","protected":false},"author":2,"featured_media":6134,"comment_status":"","ping_status":"","sticky":false,"template":"","format":"standard","meta":{"footnotes":""},"categories":[2],"tags":[47,11,1120,2430,3562,1067,118,3561,1011,27,2428,12,1072,25,2429,2431,809],"class_list":{"0":"post-6133","1":"post","2":"type-post","3":"status-publish","4":"format-standard","5":"has-post-thumbnail","7":"category-actualites","8":"tag-actualite","9":"tag-actualites","10":"tag-agression","11":"tag-auvergne-rhone-alpes","12":"tag-clinique","13":"tag-enquete","14":"tag-faits-divers","15":"tag-faits-divers-lyon","16":"tag-fr","17":"tag-france","18":"tag-lyon","19":"tag-news","20":"tag-police","21":"tag-republique-francaise","22":"tag-rhone","23":"tag-rhone-alpes","24":"tag-violence"},"share_on_mastodon":{"url":"https:\/\/pubeurope.com\/@fr\/114292835189436457","error":""},"_links":{"self":[{"href":"https:\/\/www.europesays.com\/fr\/wp-json\/wp\/v2\/posts\/6133","targetHints":{"allow":["GET"]}}],"collection":[{"href":"https:\/\/www.europesays.com\/fr\/wp-json\/wp\/v2\/posts"}],"about":[{"href":"https:\/\/www.europesays.com\/fr\/wp-json\/wp\/v2\/types\/post"}],"author":[{"embeddable":true,"href":"https:\/\/www.europesays.com\/fr\/wp-json\/wp\/v2\/users\/2"}],"replies":[{"embeddable":true,"href":"https:\/\/www.europesays.com\/fr\/wp-json\/wp\/v2\/comments?post=6133"}],"version-history":[{"count":0,"href":"https:\/\/www.europesays.com\/fr\/wp-json\/wp\/v2\/posts\/6133\/revisions"}],"wp:featuredmedia":[{"embeddable":true,"href":"https:\/\/www.europesays.com\/fr\/wp-json\/wp\/v2\/media\/6134"}],"wp:attachment":[{"href":"https:\/\/www.europesays.com\/fr\/wp-json\/wp\/v2\/media?parent=6133"}],"wp:term":[{"taxonomy":"category","embeddable":true,"href":"https:\/\/www.europesays.com\/fr\/wp-json\/wp\/v2\/categories?post=6133"},{"taxonomy":"post_tag","embeddable":true,"href":"https:\/\/www.europesays.com\/fr\/wp-json\/wp\/v2\/tags?post=6133"}],"curies":[{"name":"wp","href":"https:\/\/api.w.org\/{rel}","templated":true}]}}