{"id":613310,"date":"2025-12-21T07:22:19","date_gmt":"2025-12-21T07:22:19","guid":{"rendered":"https:\/\/www.europesays.com\/fr\/613310\/"},"modified":"2025-12-21T07:22:19","modified_gmt":"2025-12-21T07:22:19","slug":"les-sables-rennes-on-nest-pas-la-pour-faire-des-tests-beye-maintient-son-groupe-sous-pression-pour-la-coupe-de-france","status":"publish","type":"post","link":"https:\/\/www.europesays.com\/fr\/613310\/","title":{"rendered":"Les Sables &#8211; Rennes\u00a0: \u00ab\u00a0On n\u2019est pas l\u00e0 pour faire des tests\u00a0\u00bb, Beye maintient son groupe sous pression pour la Coupe de France"},"content":{"rendered":"<p>Coupe de France (32es de finale). Les Sables (N3) &#8211; Rennes, ce dimanche (17\u00a0h\u00a030)<\/p>\n<p>Cela n\u2019est pas nouveau. Au Stade Rennais, les jeunes ont toujours eu voix au chapitre. Avec des r\u00e9ussites flamboyantes pour certains. Ces derni\u00e8res semaines, Jacquet, A\u00eft-Boudlal, Me\u00eft\u00e9 et Djaoui Ciss\u00e9 ont particip\u00e9, par leurs qualit\u00e9s, \u00e0 redresser un navire rennais qui d\u00e9rivait dangereusement.<\/p>\n<p>Pour l\u2019entr\u00e9e en lice en Coupe de France, comp\u00e9tition si ch\u00e8re au c\u0153ur des actionnaires notamment, Habib Beye ne fera pas appel plus que \u00e7a au r\u00e9servoir des jeunes talents de la Piverdi\u00e8re. <a href=\"https:\/\/www.letelegramme.fr\/sports\/football\/stade-rennais\/les-sables-rennes-un-changement-dans-les-buts-rennais-brice-samba-laisse-sur-le-banc-6951560.php\" title=\"www.letelegramme.fr\" target=\"_blank\" rel=\"noopener\">Seul Mathys Silistrie, le portier de 20 ans, aura droit \u00e0 ses grands d\u00e9buts chez les pros<\/a>, lui qui a \u00e9t\u00e9 install\u00e9 doublure de Brice Samba durant l\u2019\u00e9t\u00e9 et cumule 14 bancs depuis ao\u00fbt.<\/p>\n<p>\u00ab\u00a0C\u2019est important qu\u2019il valide de par sa progression et son investissement \u00e0 l\u2019entra\u00eenement un match au Roazhon Park dans un bon contexte. Il a \u00e9norm\u00e9ment progress\u00e9 dans sa personnalit\u00e9, dans son ampleur \u00e0 \u00eatre performant. Ce n\u2019est pas un cadeau que je lui fais, j\u2019estime qu\u2019il est pr\u00eat, pr\u00eat aussi \u00e0 jouer son r\u00f4le de n\u00b01 en cas de souci pour Brice\u00a0\u00bb, a simplement gliss\u00e9 l\u2019entra\u00eeneur rennais, qui aurait pu \u00eatre tent\u00e9 de lancer, en attaque, le duo Me\u00eft\u00e9 &#8211; Legendre-Quinonez d\u2019entr\u00e9e.<\/p>\n<p>Avec les N3 \u00e0 l\u2019entra\u00eenement<\/p>\n<p>Mais sa logique est ailleurs. \u00ab\u00a0Il faut qu\u2019on d\u00e9gage un maximum d\u2019exp\u00e9rience. On n\u2019est pas l\u00e0 pour faire des tests\u2026 Il y aura tr\u00e8s peu de rotations\u00a0: on joue le 3 janvier (en Ligue 1). Il faut une continuit\u00e9 dans le temps de jeu. On n\u2019aura qu\u2019une semaine pour pr\u00e9parer le d\u00e9placement \u00e0 Lille. Les opportunit\u00e9s peuvent arriver en cours de match, plut\u00f4t qu\u2019au coup d\u2019envoi\u00a0\u00bb, a simplement ajout\u00e9 le technicien, qui devra composer sans Jacquet, m\u00e9nag\u00e9, et Frankowski.<\/p>\n<p>Avec une \u00e9pid\u00e9mie de grippe qui a touch\u00e9 son vestiaire, Beye a fait, cette semaine, appel aux \u00e9l\u00e9ments de la N3, notamment Lomet et Chibuike Ugochukwu. \u00ab\u00a0Les entra\u00eenements ont \u00e9t\u00e9 de haut niveau. \u00c7a m\u2019a permis de montrer au groupe que l\u2019adversit\u00e9 des jeunes joueurs qui pr\u00e9tendent \u00e0 venir avec nous en L1 serait la m\u00eame dimanche\u00a0\u00bb, a pr\u00e9cis\u00e9 le coach.<\/p>\n<p class=\"titre-tech\">La fiche technique<\/p>\n<p class=\"tech\"><strong class=\"tech\">Arbitre\u00a0:<\/strong> M. Perreau-Niel.<\/p>\n<p class=\"tech\"><strong class=\"tech\">LES SABLES :<\/strong> Adiceam (cap.) &#8211; Sarr, Mancal, Robin, Bald\u00e9 &#8211; Charlec, Guerlus &#8211; Bochereau, Menuet, Coulibaly &#8211; Samb. Entra\u00eeneur\u00a0: Julien Fradet.<\/p>\n<p class=\"tech\"><strong class=\"tech\">RENNES : <\/strong>Silistrie &#8211; Merlin, Seidu, Rouault, Brassier, Al-Tamari &#8211; Ma. Camara, Rongier (cap.), Dj. Ciss\u00e9 &#8211; Lepaul, Embolo. Entra\u00eeneur\u00a0: Habib Beye.<\/p>\n","protected":false},"excerpt":{"rendered":"Coupe de France (32es de finale). Les Sables (N3) &#8211; Rennes, ce dimanche (17\u00a0h\u00a030) Cela n\u2019est pas nouveau.&hellip;\n","protected":false},"author":2,"featured_media":613311,"comment_status":"","ping_status":"","sticky":false,"template":"","format":"standard","meta":{"footnotes":""},"categories":[2821],"tags":[1111,11,829,1777,674,63,1011,27,12,584,25,60,3087],"class_list":{"0":"post-613310","1":"post","2":"type-post","3":"status-publish","4":"format-standard","5":"has-post-thumbnail","7":"category-rennes","8":"tag-actu","9":"tag-actualites","10":"tag-bretagne","11":"tag-eu","12":"tag-europe","13":"tag-football","14":"tag-fr","15":"tag-france","16":"tag-news","17":"tag-rennes","18":"tag-republique-francaise","19":"tag-sports","20":"tag-stade-rennais"},"share_on_mastodon":{"url":"https:\/\/pubeurope.com\/@fr\/115756357585899899","error":""},"_links":{"self":[{"href":"https:\/\/www.europesays.com\/fr\/wp-json\/wp\/v2\/posts\/613310","targetHints":{"allow":["GET"]}}],"collection":[{"href":"https:\/\/www.europesays.com\/fr\/wp-json\/wp\/v2\/posts"}],"about":[{"href":"https:\/\/www.europesays.com\/fr\/wp-json\/wp\/v2\/types\/post"}],"author":[{"embeddable":true,"href":"https:\/\/www.europesays.com\/fr\/wp-json\/wp\/v2\/users\/2"}],"replies":[{"embeddable":true,"href":"https:\/\/www.europesays.com\/fr\/wp-json\/wp\/v2\/comments?post=613310"}],"version-history":[{"count":0,"href":"https:\/\/www.europesays.com\/fr\/wp-json\/wp\/v2\/posts\/613310\/revisions"}],"wp:featuredmedia":[{"embeddable":true,"href":"https:\/\/www.europesays.com\/fr\/wp-json\/wp\/v2\/media\/613311"}],"wp:attachment":[{"href":"https:\/\/www.europesays.com\/fr\/wp-json\/wp\/v2\/media?parent=613310"}],"wp:term":[{"taxonomy":"category","embeddable":true,"href":"https:\/\/www.europesays.com\/fr\/wp-json\/wp\/v2\/categories?post=613310"},{"taxonomy":"post_tag","embeddable":true,"href":"https:\/\/www.europesays.com\/fr\/wp-json\/wp\/v2\/tags?post=613310"}],"curies":[{"name":"wp","href":"https:\/\/api.w.org\/{rel}","templated":true}]}}