{"id":613318,"date":"2025-12-21T07:27:24","date_gmt":"2025-12-21T07:27:24","guid":{"rendered":"https:\/\/www.europesays.com\/fr\/613318\/"},"modified":"2025-12-21T07:27:24","modified_gmt":"2025-12-21T07:27:24","slug":"nice-trois-nouvelles-boutiques-ouvrent-dans-ce-centre-commercial-avant-noel-voici-lesquelles","status":"publish","type":"post","link":"https:\/\/www.europesays.com\/fr\/613318\/","title":{"rendered":"Nice. Trois nouvelles boutiques ouvrent dans ce centre commercial avant No\u00ebl, voici lesquelles"},"content":{"rendered":"<p>                    Par<br \/>\n        <strong><br \/>\n            <a href=\"https:\/\/actu.fr\/auteur\/arthur-frand\" title=\"Consulter tous les articles de Arthur Frand\" target=\"_blank\" rel=\"noopener\">Arthur Frand<\/a><br \/>\n                    <\/strong><\/p>\n<p>        Publi\u00e9 le<\/p>\n<p>            21 d\u00e9c. 2025 \u00e0 8h14        <\/p>\n<p>Le centre Nic\u00e9toile, situ\u00e9 avenue Jean-M\u00e9decin \u00e0 <a href=\"https:\/\/actu.fr\/nice\/\" target=\"_blank\" rel=\"noopener\">Nice<\/a> (<a href=\"https:\/\/actu.fr\/provence-alpes-cote-d-azur\/alpes-maritimes_06\" target=\"_blank\" rel=\"noopener\">Alpes-Maritimes<\/a>), poursuit sa mue. Depuis le d\u00e9but du mois de d\u00e9cembre, il s\u2019est mis en mode No\u00ebl et accueille des <strong>milliers de clients<\/strong> venant faire leurs achats et cadeaux en derni\u00e8re minute\u2026 ou presque.<\/p>\n<p>    <a href=\"https:\/\/www.google.com\/maps\/embed?pb=!1m18!1m12!1m3!1d2884.4237082234104!2d7.265265077085946!3d43.70174297109993!2m3!1f0!2f0!3f0!3m2!1i1024!2i768!4f13.1!3m3!1m2!1s0x12cddaa6fe426b87%3A0x2b229b5611a95513!2sCentre%20Commercial%20NICETOILE!5e0!3m2!1sfr!2sfr!4v1765977587157!5m2!1sfr!2sfr\" title=\"Ouvrie le lien\" target=\"_blank\" rel=\"noopener\">Cliquez ici pour visualiser le contenu<\/a><\/p>\n<p class=\" wall-content\">Dans le cadre de sa modernisation, \u00e9voqu\u00e9e pr\u00e9c\u00e9demment sur <a href=\"https:\/\/actu.fr\/provence-alpes-cote-d-azur\/nice_06088\/le-centre-commercial-nicetoile-se-transforme-ces-nouveaux-concepts-et-boutiques-qui-ouvrent_63359596.html\" target=\"_blank\" rel=\"noopener\">actu Nice<\/a>, le centre commercial de l\u2019avenue Jean-M\u00e9decin accueille de <strong>nouveaux concepts<\/strong>. Trois boutiques y ont pris place r\u00e9cemment. Voici lesquelles.<\/p>\n<p>Une sandwicherie \u00ab\u2009haut de gamme\u2009\u00bb<\/p>\n<p class=\" wall-content\">Au niveau -1, le kiosque \u00ab\u2009Maison \u00c9douard\u2009\u00bb vient de s\u2019installer. \u00ab\u2009Ce dernier retravaille la sandwicherie haut de gamme \u00e0 la fran\u00e7aise dont le jambon-beurre\u2009\u00bb, explique Patrick Nolier, directeur du centre commercial.<\/p>\n<p class=\" wall-content\">Une arriv\u00e9e qui s\u2019ajoute \u00e0 celle de la taverne grecque Fira en octobre et pr\u00e9c\u00e8de la <strong>cr\u00e9ation d\u2019un food-court m\u00e9diterran\u00e9en<\/strong> d\u00e9but 2026. En janvier, Nic\u00e9toile accueillera aussi un nouveau concept italien de pizzas romaines \u00ab\u2009RomAntica\u2009\u00bb.<\/p>\n<p>    <img   decoding=\"async\" loading=\"lazy\" src=\"https:\/\/www.europesays.com\/fr\/wp-content\/uploads\/2025\/12\/whatsapp-image-2025-12-17-at-114922-2-960x640.jpeg\" alt=\"Wycon Cosm\u00e9tics Nice\" width=\"960\" height=\"640\"\/><br \/>\n    L\u2019enseigne italienne Wycon Cosmetics est une nouvelle venue au centre commercial Nic\u00e9toile. (\u00a9Arthur Frand \/ actu Nice)Une enseigne italienne<\/p>\n<p class=\" wall-content\">Niveau beaut\u00e9, deux nouvelles boutiques <strong>viennent d\u2019ouvrir<\/strong> \u00e0 Nic\u00e9toile. Apr\u00e8s Nocib\u00e9, l\u2019enseigne italienne Wycon Cosmetics, toute rose, est pr\u00e9sente depuis fin novembre au niveau 0. Il s\u2019agit de la premi\u00e8re boutique dans le sud est de la France.<\/p>\n<p>Votre r\u00e9gion, votre actu !<\/p>\n<p>Recevez chaque jour les infos qui comptent pour vous.<\/p>\n<p>\t<a href=\"https:\/\/actu.fr\/newsletter\" class=\"ac-btn ac-btn--corner ac-btn--medium ac-btn--blue800\" target=\"_blank\" rel=\"noopener\">S&rsquo;incrire<\/a><\/p>\n<p class=\" wall-content\">De son c\u00f4t\u00e9, l\u2019enseigne d\u2019ongleries Mademoiselle Vernis, bien connue, accueille d\u00e9sormais le public au 1er \u00e9tage.<\/p>\n<p>Nike tr\u00e8s bient\u00f4t<\/p>\n<p class=\" wall-content\">L\u2019\u00e9v\u00e9nement de ce d\u00e9but d\u2019ann\u00e9e \u00e0 Nic\u00e9toile sera l\u2019arriv\u00e9e du <strong>flagship Nike<\/strong> d\u00e9but 2026. La marque \u00e0 la virgule b\u00e9n\u00e9ficiera d\u2019un espace de plus de 1\u2009200 m\u00b2, sur deux \u00e9tages (niveau 0 et +\u00a01). La date d\u2019ouverture n\u2019est pas encore connue.<\/p>\n<p class=\" wall-content\">Personnalisez votre actualit\u00e9 en ajoutant vos villes et m\u00e9dias en favori avec <a href=\"https:\/\/moncompte.actu.fr\" title=\"D\u00e9couvez Mon Actu\" rel=\"nofollow noopener\" data-trk=\"{&quot;cta&quot;:{&quot;action&quot;:&quot;https:\\\/\\\/moncompte.actu.fr&quot;,&quot;category&quot;:&quot;mon compte&quot;,&quot;from&quot;:&quot;article footer&quot;,&quot;name&quot;:&quot;Mon actu&quot;,&quot;type&quot;:&quot;cta&quot;}}\" target=\"_blank\">Mon Actu<\/a>.<\/p>\n","protected":false},"excerpt":{"rendered":"Par Arthur Frand Publi\u00e9 le 21 d\u00e9c. 2025 \u00e0 8h14 Le centre Nic\u00e9toile, situ\u00e9 avenue Jean-M\u00e9decin \u00e0 Nice&hellip;\n","protected":false},"author":2,"featured_media":613319,"comment_status":"","ping_status":"","sticky":false,"template":"","format":"standard","meta":{"footnotes":""},"categories":[2819],"tags":[1111,11,1777,674,1011,27,12,2401,3147,882,25,104],"class_list":{"0":"post-613318","1":"post","2":"type-post","3":"status-publish","4":"format-standard","5":"has-post-thumbnail","7":"category-nice","8":"tag-actu","9":"tag-actualites","10":"tag-eu","11":"tag-europe","12":"tag-fr","13":"tag-france","14":"tag-news","15":"tag-nice","16":"tag-nouveaux-commerces","17":"tag-provence-alpes-cote-dazur","18":"tag-republique-francaise","19":"tag-societe"},"share_on_mastodon":{"url":"https:\/\/pubeurope.com\/@fr\/115756377978986643","error":""},"_links":{"self":[{"href":"https:\/\/www.europesays.com\/fr\/wp-json\/wp\/v2\/posts\/613318","targetHints":{"allow":["GET"]}}],"collection":[{"href":"https:\/\/www.europesays.com\/fr\/wp-json\/wp\/v2\/posts"}],"about":[{"href":"https:\/\/www.europesays.com\/fr\/wp-json\/wp\/v2\/types\/post"}],"author":[{"embeddable":true,"href":"https:\/\/www.europesays.com\/fr\/wp-json\/wp\/v2\/users\/2"}],"replies":[{"embeddable":true,"href":"https:\/\/www.europesays.com\/fr\/wp-json\/wp\/v2\/comments?post=613318"}],"version-history":[{"count":0,"href":"https:\/\/www.europesays.com\/fr\/wp-json\/wp\/v2\/posts\/613318\/revisions"}],"wp:featuredmedia":[{"embeddable":true,"href":"https:\/\/www.europesays.com\/fr\/wp-json\/wp\/v2\/media\/613319"}],"wp:attachment":[{"href":"https:\/\/www.europesays.com\/fr\/wp-json\/wp\/v2\/media?parent=613318"}],"wp:term":[{"taxonomy":"category","embeddable":true,"href":"https:\/\/www.europesays.com\/fr\/wp-json\/wp\/v2\/categories?post=613318"},{"taxonomy":"post_tag","embeddable":true,"href":"https:\/\/www.europesays.com\/fr\/wp-json\/wp\/v2\/tags?post=613318"}],"curies":[{"name":"wp","href":"https:\/\/api.w.org\/{rel}","templated":true}]}}