{"id":613320,"date":"2025-12-21T07:28:32","date_gmt":"2025-12-21T07:28:32","guid":{"rendered":"https:\/\/www.europesays.com\/fr\/613320\/"},"modified":"2025-12-21T07:28:32","modified_gmt":"2025-12-21T07:28:32","slug":"vertou-une-initiative-solidaire-et-gourmande","status":"publish","type":"post","link":"https:\/\/www.europesays.com\/fr\/613320\/","title":{"rendered":"Vertou. Une initiative solidaire et gourmande"},"content":{"rendered":"<p>Pour No\u00ebl, Le Bar aux fromages propose une initiative solidaire\u00a0: le soutien \u00e0 Toit \u00e0 moi, une association nantaise qui accompagne des personnes sans-abri dans leur changement de vie. <strong>\u00ab\u00a0Faites un don, \u00e0 la boutique ou via notre page Instagram<\/strong>, clame l\u2019\u00e9quipe de Fr\u00e9d\u00e9ric Barreau, g\u00e9rant et fondateur du Bar aux fromages. <strong>La cagnotte sera vers\u00e9e int\u00e9gralement \u00e0 Toit \u00e0 moi.\u00a0\u00bb<\/strong><\/p>\n<p>Le 31\u00a0d\u00e9cembre, les membres b\u00e9n\u00e9voles de l\u2019association et des personnes sans-abri, soit une trentaine de personnes, se verront offrir par Fr\u00e9d\u00e9ric Barreau plusieurs lots de fromages pour pr\u00e9parer une grande raclette\u00a0! Un 1er\u00a0de l\u2019an dans l\u2019esprit du partage.<\/p>\n<p>Contact\u00a0: t\u00e9l. 09\u00a081\u00a076\u00a079\u00a016. Instagram\u00a0: https:\/\/www.instagram.com\/lebarauxfromages\/<\/p>\n<p>\u00a0<\/p>\n<p>\t\t<script async src=\"\/\/www.instagram.com\/embed.js\"><\/script><\/p>\n","protected":false},"excerpt":{"rendered":"Pour No\u00ebl, Le Bar aux fromages propose une initiative solidaire\u00a0: le soutien \u00e0 Toit \u00e0 moi, une association&hellip;\n","protected":false},"author":2,"featured_media":613321,"comment_status":"","ping_status":"","sticky":false,"template":"","format":"standard","meta":{"footnotes":""},"categories":[2818],"tags":[1111,11,1777,674,1011,27,34698,20625,766,12,2636,25,12280,14532],"class_list":{"0":"post-613320","1":"post","2":"type-post","3":"status-publish","4":"format-standard","5":"has-post-thumbnail","7":"category-nantes","8":"tag-actu","9":"tag-actualites","10":"tag-eu","11":"tag-europe","12":"tag-fr","13":"tag-france","14":"tag-gourmande","15":"tag-initiative","16":"tag-nantes","17":"tag-news","18":"tag-pays-de-la-loire","19":"tag-republique-francaise","20":"tag-solidaire","21":"tag-vertou"},"share_on_mastodon":{"url":"https:\/\/pubeurope.com\/@fr\/115756381224433382","error":""},"_links":{"self":[{"href":"https:\/\/www.europesays.com\/fr\/wp-json\/wp\/v2\/posts\/613320","targetHints":{"allow":["GET"]}}],"collection":[{"href":"https:\/\/www.europesays.com\/fr\/wp-json\/wp\/v2\/posts"}],"about":[{"href":"https:\/\/www.europesays.com\/fr\/wp-json\/wp\/v2\/types\/post"}],"author":[{"embeddable":true,"href":"https:\/\/www.europesays.com\/fr\/wp-json\/wp\/v2\/users\/2"}],"replies":[{"embeddable":true,"href":"https:\/\/www.europesays.com\/fr\/wp-json\/wp\/v2\/comments?post=613320"}],"version-history":[{"count":0,"href":"https:\/\/www.europesays.com\/fr\/wp-json\/wp\/v2\/posts\/613320\/revisions"}],"wp:featuredmedia":[{"embeddable":true,"href":"https:\/\/www.europesays.com\/fr\/wp-json\/wp\/v2\/media\/613321"}],"wp:attachment":[{"href":"https:\/\/www.europesays.com\/fr\/wp-json\/wp\/v2\/media?parent=613320"}],"wp:term":[{"taxonomy":"category","embeddable":true,"href":"https:\/\/www.europesays.com\/fr\/wp-json\/wp\/v2\/categories?post=613320"},{"taxonomy":"post_tag","embeddable":true,"href":"https:\/\/www.europesays.com\/fr\/wp-json\/wp\/v2\/tags?post=613320"}],"curies":[{"name":"wp","href":"https:\/\/api.w.org\/{rel}","templated":true}]}}