{"id":613322,"date":"2025-12-21T07:29:27","date_gmt":"2025-12-21T07:29:27","guid":{"rendered":"https:\/\/www.europesays.com\/fr\/613322\/"},"modified":"2025-12-21T07:29:27","modified_gmt":"2025-12-21T07:29:27","slug":"il-faut-reussir-a-les-faire-douter-cest-ce-quon-avait-fait-en-2009-guillaume-jannez-a-la-recette-pour-que-concarneau-elimine-encore-le-fc-nantes-en-co","status":"publish","type":"post","link":"https:\/\/www.europesays.com\/fr\/613322\/","title":{"rendered":"\u00ab\u00a0Il faut r\u00e9ussir \u00e0 les faire douter, c\u2019est ce qu\u2019on avait fait en 2009\u00a0\u00bb\u00a0: Guillaume Jannez a la recette pour que Concarneau \u00e9limine encore le FC Nantes en Coupe de France"},"content":{"rendered":"<p>Coupe de France (32es de finale). US Concarneau (N) &#8211; FC Nantes (L1), ce dimanche (14 h 45)Le fait de retrouver Nantes 16 ans apr\u00e8s, \u00e7a fait quoi ?<\/p>\n<p>C\u2019est un beau clin d\u2019\u0153il pour moi et pour le club. \u00c7a veut dire aussi que le club a bien \u00e9volu\u00e9 et que j\u2019ai dur\u00e9 dans le temps. \u00c9videmment, apr\u00e8s notre victoire 3 \u00e0 0 en 2009, je ne m\u2019imaginais pas retrouver Nantes en Coupe de France bien des ann\u00e9es plus tard, m\u00eame si on ne sait jamais ce qu\u2019il peut se passer. On a par exemple affront\u00e9 Guingamp deux saisons de suite (1).<\/p>\n<p>Cet exploit contre Nantes suivait un 32e de finale jou\u00e9 contre Lyon la m\u00eame ann\u00e9e en janvier 2009 (2), mais pas la m\u00eame saison\u2026<\/p>\n<p>Quand on joue Lyon, il y avait Serge Le Dizet comme coach et beaucoup de contrats f\u00e9d\u00e9raux, des joueurs confirm\u00e9s. C\u2019\u00e9taient d\u2019autres ambitions. Quelques mois plus tard, Nico (Cloarec) est arriv\u00e9 comme coach avec un recrutement plus local et beaucoup plus de jeunes. Ce n\u2019est pas du tout le m\u00eame contexte. Et ce match contre Nantes a r\u00e9v\u00e9l\u00e9 une nouvelle g\u00e9n\u00e9ration et marqu\u00e9 notre public. \u00c7a a \u00e9t\u00e9 le d\u00e9but de tr\u00e8s belles histoires avec la Coupe de France, un succ\u00e8s fondateur.<\/p>\n<p>Comment aviez-vous abord\u00e9 ce match contre Nantes ?<\/p>\n<p>On a tous une vingtaine d\u2019ann\u00e9es, entre copains, et on ne se pose pas trop de questions. On aborde le match normalement. Quand on arrive au stade, il y a un petit crachin. Le terrain est boueux, pas comme l\u2019hybride d\u2019aujourd\u2019hui. On sent un peu l\u2019odeur du traquenard qui arrive. On veut juste en d\u00e9coudre et\u2026 \u00e7a se passe tr\u00e8s bien.<\/p>\n<p>Lors de ce match, vous \u00eates d\u00e9j\u00e0 capitaine, \u00e0 20 ans et milieu de terrain\u2026<\/p>\n<p>C\u2019est Nico (Cloarec) qui m\u2019avait donn\u00e9 le brassard en d\u00e9but de saison. Et au milieu dans ma zone, il y avait Shereni qui mettait beaucoup d\u2019impact. Quand on a vu la vid\u00e9o sur lui et ses interventions un peu muscl\u00e9es, tous mes co\u00e9quipiers se sont retourn\u00e9s vers moi en disant : \u00ab Bon, celui-l\u00e0, tu l\u2019as pour toi. \u00bb \u00c7a a \u00e9t\u00e9 un beau duel. Je crois que ce jour-l\u00e0, tout le monde avait fait un grand match.<\/p>\n<p>Cette saison aussi Nantes est en difficult\u00e9\u2026<\/p>\n<p>J\u2019ai eu la chance de jouer en Ligue 2 il y a deux ans. Et quand je vois le foss\u00e9 qu\u2019il y a entre la Ligue 2 et le National, je n\u2019ose m\u00eame pas imaginer le foss\u00e9 qu\u2019il peut y avoir avec la Ligue 1. Donc aujourd\u2019hui, oui, Nantes est mal class\u00e9 et pas dans une bonne phase. Mais \u00e7a reste quand m\u00eame une \u00e9quipe de Ligue 1.<\/p>\n<p>Qu\u2019est-ce qu\u2019il y a de plus \u00e0 craindre chez cette \u00e9quipe ?<\/p>\n<p>Qu\u2019ils se r\u00e9veillent, qu\u2019ils viennent l\u00e0 pour vraiment jouer et qu\u2019ils nous roulent dessus. Si les Nantais jouent tous \u00e0 leur niveau et que nous, on n\u2019est pas \u00e0 110 % de nos capacit\u00e9s, ils seront forc\u00e9ment plus forts que nous. Mais avant de savoir si on va perdre ou gagner un match, il faut d\u2019abord le jouer. Donc on verra \u00e7a sur le terrain.<\/p>\n<p>Quel est le pi\u00e8ge que vous pourriez tendre aux Nantais ?<\/p>\n<p>R\u00e9ussir \u00e0 les faire douter justement, essayer de ne pas leur redonner confiance. C\u2019est ce qu\u2019on avait fait en 2009. On ne voulait pas leur laisser l\u2019opportunit\u00e9 de se remettre en confiance, de nous faire courir, de prendre le ballon, de jouer, de trouver des d\u00e9calages. L\u00e0, ce sera un peu le m\u00eame principe.<\/p>\n<p>Un beau parcours en Coupe de France, \u00e7a vous a manqu\u00e9 ?<\/p>\n<p>C\u2019est s\u00fbr que quand on a connu autant de gros matchs, autant d\u2019effervescence, \u00e7a a manqu\u00e9 un petit peu. C\u2019est aussi d\u00fb \u00e0 l\u2019\u00e9volution de l\u2019US Concarneau. Avant, quand on \u00e9tait en CFA ou CFA2, on nous craignait peut-\u00eatre un petit peu moins. Aujourd\u2019hui, ce n\u2019est plus le cas. Et en plus, il n\u2019y a plus les prolongations. Mais l\u2019ambiance de f\u00eate propre \u00e0 la coupe, la bonne humeur et l\u2019esprit de f\u00eate, on les a retrouv\u00e9s d\u00e8s notre sixi\u00e8me tour \u00e0 Vitr\u00e9 contre Le Pertre (R3). L\u00e0, on va recevoir \u00e0 Nantes. J\u2019esp\u00e8re que ce sera une f\u00eate et qu\u2019il y aura du respect envers ce club. C\u2019est \u00e7a le plus important. Et jouer dimanche, franchement, c\u2019est mieux qu\u2019un vendredi soir. \u00c7a montre que c\u2019est un match diff\u00e9rent des autres.<\/p>\n<p class=\"note\">(1) En 16es de finale le 21 janvier 2014 (d\u00e9faite 3 \u00e0 2 apr\u00e8s prolongations), puis en quarts de finale le 5 mars 2015 \u00e0 Lorient (d\u00e9faite 2 \u00e0 1).<\/p>\n<p class=\"note\">(2) D\u00e9faite 6 \u00e0 0 \u00e0 Guingamp contre une \u00e9quipe de Lyon o\u00f9 Lloris et Benzema \u00e9taient titulaires.<\/p>\n","protected":false},"excerpt":{"rendered":"Coupe de France (32es de finale). US Concarneau (N) &#8211; FC Nantes (L1), ce dimanche (14 h 45)Le&hellip;\n","protected":false},"author":2,"featured_media":613323,"comment_status":"","ping_status":"","sticky":false,"template":"","format":"standard","meta":{"footnotes":""},"categories":[2818],"tags":[1111,11,3322,1777,674,462,63,1011,27,766,12,2636,25,60,14656],"class_list":{"0":"post-613322","1":"post","2":"type-post","3":"status-publish","4":"format-standard","5":"has-post-thumbnail","7":"category-nantes","8":"tag-actu","9":"tag-actualites","10":"tag-concarneau","11":"tag-eu","12":"tag-europe","13":"tag-fc-nantes","14":"tag-football","15":"tag-fr","16":"tag-france","17":"tag-nantes","18":"tag-news","19":"tag-pays-de-la-loire","20":"tag-republique-francaise","21":"tag-sports","22":"tag-us-concarneau"},"share_on_mastodon":{"url":"https:\/\/pubeurope.com\/@fr\/115756385111279429","error":""},"_links":{"self":[{"href":"https:\/\/www.europesays.com\/fr\/wp-json\/wp\/v2\/posts\/613322","targetHints":{"allow":["GET"]}}],"collection":[{"href":"https:\/\/www.europesays.com\/fr\/wp-json\/wp\/v2\/posts"}],"about":[{"href":"https:\/\/www.europesays.com\/fr\/wp-json\/wp\/v2\/types\/post"}],"author":[{"embeddable":true,"href":"https:\/\/www.europesays.com\/fr\/wp-json\/wp\/v2\/users\/2"}],"replies":[{"embeddable":true,"href":"https:\/\/www.europesays.com\/fr\/wp-json\/wp\/v2\/comments?post=613322"}],"version-history":[{"count":0,"href":"https:\/\/www.europesays.com\/fr\/wp-json\/wp\/v2\/posts\/613322\/revisions"}],"wp:featuredmedia":[{"embeddable":true,"href":"https:\/\/www.europesays.com\/fr\/wp-json\/wp\/v2\/media\/613323"}],"wp:attachment":[{"href":"https:\/\/www.europesays.com\/fr\/wp-json\/wp\/v2\/media?parent=613322"}],"wp:term":[{"taxonomy":"category","embeddable":true,"href":"https:\/\/www.europesays.com\/fr\/wp-json\/wp\/v2\/categories?post=613322"},{"taxonomy":"post_tag","embeddable":true,"href":"https:\/\/www.europesays.com\/fr\/wp-json\/wp\/v2\/tags?post=613322"}],"curies":[{"name":"wp","href":"https:\/\/api.w.org\/{rel}","templated":true}]}}