{"id":613324,"date":"2025-12-21T07:31:01","date_gmt":"2025-12-21T07:31:01","guid":{"rendered":"https:\/\/www.europesays.com\/fr\/613324\/"},"modified":"2025-12-21T07:31:01","modified_gmt":"2025-12-21T07:31:01","slug":"bordeaux-metropole-en-quete-dintelligences-artificielles-ethiques-et-frugales","status":"publish","type":"post","link":"https:\/\/www.europesays.com\/fr\/613324\/","title":{"rendered":"Bordeaux M\u00e9tropole en qu\u00eate d&rsquo;intelligences artificielles \u00e9thiques et frugales"},"content":{"rendered":"<p class=\"wp-block-post-excerpt__excerpt\">La M\u00e9tropole de Bordeaux a vot\u00e9 lors de son dernier conseil un \u00ab\u00a0cadre \u00e9thique et responsable pour l\u2019usage de l\u2019intelligence artificielle\u00a0\u00bb. Elle veut ainsi fixer des garde fous, alors que de nombreux agents la collectivit\u00e9 utilisent ChatGPT malgr\u00e9 les consignes, et pr\u00e9parer le d\u00e9ploiement de nouveaux outils d\u2019IA jug\u00e9s plus s\u00fbrs. Premier volet de notre dossier \u00ab\u00a0IA sauce bordelaise\u00a0\u00bb. <\/p>\n<p><a href=\"https:\/\/rue89bordeaux.com\/category\/actualite\/\" rel=\"tag noopener\" target=\"_blank\">Actualit\u00e9<\/a>, <a href=\"https:\/\/rue89bordeaux.com\/category\/kiosque-abonne\/\" rel=\"tag noopener\" target=\"_blank\">\u00c9dition abonn\u00e9s<\/a><\/p>\n<p>Simon Barth\u00e9l\u00e9my<\/p>\n<p>Publi\u00e9 le 18 d\u00e9cembre 2025\u00a0\u00a0\u00b7\u00a0\u00a0<\/p>\n<p>Imprim\u00e9 le 21 d\u00e9cembre 2025 \u00e0 08h30\u00a0\u00a0\u00b7\u00a0\u00a0<\/p>\n<p>\t\t\t\t\t7\u00a0minutes\n<\/p>\n<p>\u00ab\u00a0Comme dans beaucoup d\u2019entreprises on sait que l\u2019intelligence artificielle g\u00e9n\u00e9rative (IA) est pr\u00e9sente dans le quotidien de nos salari\u00e9s, il \u00e9tait donc urgent d\u2019encadrer son usage\u00a0\u00bb, affirme Jean-No\u00ebl Olivier. Selon le directeur g\u00e9n\u00e9ral du num\u00e9rique et des syst\u00e8mes d\u2019information de Bordeaux M\u00e9tropole, une grande partie des effectifs utilisent l\u2019IA r\u00e9guli\u00e8rement, \u00ab\u00a0sans que l\u2019on sache pour quoi ni pour quel besoin\u00a0\u00bb. <\/p>\n<p>\u00ab\u00a030% de nos agents utilisent ChatGPT alors qu\u2019on leur a demand\u00e9 de ne pas le faire, car ils y int\u00e8grent des documents administratifs pas forc\u00e9ment valid\u00e9s pour les r\u00e9sumer, les amender, les am\u00e9liorer\u00a0\u00bb, indique Delphine Jamet, conseill\u00e8re m\u00e9tropolitaine d\u00e9l\u00e9gu\u00e9e au num\u00e9rique :<\/p>\n<blockquote class=\"wp-block-quote is-layout-flow wp-block-quote-is-layout-flow\">\n<p>\u00ab\u00a0Quand on met ces donn\u00e9es, qui sont des archives publiques, dans ChatGPT ou autre logiciel des Gafam, on leur donne toute notre connaissance et nos biens communs, dont ils se servent pour rendre leurs algorithmes encore plus performants. Donc aujourd\u2019hui nous avions besoin de ce cadre \u00e9thique.\u00a0\u00bb<\/p>\n<\/blockquote>\n<p><img loading=\"lazy\" decoding=\"async\" width=\"480\" height=\"480\" src=\"https:\/\/www.europesays.com\/fr\/wp-content\/uploads\/2025\/12\/23-paywall.png\" alt=\"Abonnez-vous\" class=\"wp-image-128439\" style=\"aspect-ratio:1;width:210px;height:auto\"  \/><\/p>\n<p>Cet article fait partie de l\u2019\u00e9dition abonn\u00e9s. Pour lire la suite, profitez d\u2019une offre d\u00e9couverte \u00e0 1\u20ac.<\/p>\n<p class=\"has-gray-700-color has-text-color has-medium-font-size\">Contribuez \u00e0 consolider un m\u00e9dia ind\u00e9pendant \u00e0 Bordeaux, en capacit\u00e9 d\u2019enqu\u00eater sur les enjeux locaux.<\/p>\n<p>\t\t\t<a href=\"https:\/\/rue89bordeaux.com\/\" class=\"custom-logo-link\" rel=\"home noopener\" target=\"_blank\"><img loading=\"lazy\" decoding=\"async\" width=\"290\" height=\"49\" src=\"https:\/\/www.europesays.com\/fr\/wp-content\/uploads\/2025\/04\/logo.png\" class=\"custom-logo\" alt=\"Rue89Bordeaux Enqu\u00eates et informations de proximit\u00e9\"  \/><\/a><\/p>\n<p>\n\t\t\t\tAbonnez-vous maintenant pour suivre l\u2019actualit\u00e9 locale.\t\t\t<\/p>\n<p class=\"font-bold font-serif-heading mb-2 text-4xl\">\n\t\t\t\t\t\tL\u2019investigation locale \u00e0 port\u00e9e de main.\n\t\t\t\t\t<\/p>\n<p>\n\t\t\t\t\t\tAbonnez-vous et profitez d\u2019un acc\u00e8s illimit\u00e9 \u00e0 Rue89Bordeaux. Annulez quand vous voulez.\n\t\t\t\t\t<\/p>\n<p class=\"xl:text-sm\">\n\t\t\t\t\tD\u00e9j\u00e0 abonn\u00e9\u00a0?<br \/>\n\t\t\t\t\t<a class=\"border border-transparent text-center transition-colors duration-instant focus:border-info focus:rounded focus:shadow-focus cursor-pointer text-black hover:text-gray-700 active:bg-black-700 font-semibold inline-block\" href=\"https:\/\/rue89bordeaux.com\/user\/login\/?redirect=\/2025\/12\/bordeaux-metropole-en-quete-dintelligences-artificielles-ethiques-et-frugales\/\" target=\"_blank\" rel=\"noopener\">Connectez-vous<\/a>\t\t\t\t<\/p>\n<p>\n\t\t\t\tChoisissez votre formule\u00a0:\n\t\t\t<\/p>\n<p>\t\t\t\tFermer<\/p>\n","protected":false},"excerpt":{"rendered":"La M\u00e9tropole de Bordeaux a vot\u00e9 lors de son dernier conseil un \u00ab\u00a0cadre \u00e9thique et responsable pour l\u2019usage&hellip;\n","protected":false},"author":2,"featured_media":613325,"comment_status":"","ping_status":"","sticky":false,"template":"","format":"standard","meta":{"footnotes":""},"categories":[2817],"tags":[1111,11,1997,2904,54029,1777,674,1011,27,223,12,2219,25],"class_list":{"0":"post-613324","1":"post","2":"type-post","3":"status-publish","4":"format-standard","5":"has-post-thumbnail","7":"category-bordeaux","8":"tag-actu","9":"tag-actualites","10":"tag-bordeaux","11":"tag-bordeaux-metropole","12":"tag-domofrance","13":"tag-eu","14":"tag-europe","15":"tag-fr","16":"tag-france","17":"tag-intelligence-artificielle","18":"tag-news","19":"tag-nouvelle-aquitaine","20":"tag-republique-francaise"},"share_on_mastodon":{"url":"https:\/\/pubeurope.com\/@fr\/115756393752618867","error":""},"_links":{"self":[{"href":"https:\/\/www.europesays.com\/fr\/wp-json\/wp\/v2\/posts\/613324","targetHints":{"allow":["GET"]}}],"collection":[{"href":"https:\/\/www.europesays.com\/fr\/wp-json\/wp\/v2\/posts"}],"about":[{"href":"https:\/\/www.europesays.com\/fr\/wp-json\/wp\/v2\/types\/post"}],"author":[{"embeddable":true,"href":"https:\/\/www.europesays.com\/fr\/wp-json\/wp\/v2\/users\/2"}],"replies":[{"embeddable":true,"href":"https:\/\/www.europesays.com\/fr\/wp-json\/wp\/v2\/comments?post=613324"}],"version-history":[{"count":0,"href":"https:\/\/www.europesays.com\/fr\/wp-json\/wp\/v2\/posts\/613324\/revisions"}],"wp:featuredmedia":[{"embeddable":true,"href":"https:\/\/www.europesays.com\/fr\/wp-json\/wp\/v2\/media\/613325"}],"wp:attachment":[{"href":"https:\/\/www.europesays.com\/fr\/wp-json\/wp\/v2\/media?parent=613324"}],"wp:term":[{"taxonomy":"category","embeddable":true,"href":"https:\/\/www.europesays.com\/fr\/wp-json\/wp\/v2\/categories?post=613324"},{"taxonomy":"post_tag","embeddable":true,"href":"https:\/\/www.europesays.com\/fr\/wp-json\/wp\/v2\/tags?post=613324"}],"curies":[{"name":"wp","href":"https:\/\/api.w.org\/{rel}","templated":true}]}}