{"id":613344,"date":"2025-12-21T07:45:14","date_gmt":"2025-12-21T07:45:14","guid":{"rendered":"https:\/\/www.europesays.com\/fr\/613344\/"},"modified":"2025-12-21T07:45:14","modified_gmt":"2025-12-21T07:45:14","slug":"un-vol-paris-ajaccio-deroute-en-urgence-apres-un-incident-technique","status":"publish","type":"post","link":"https:\/\/www.europesays.com\/fr\/613344\/","title":{"rendered":"un vol Paris-Ajaccio d\u00e9rout\u00e9 en urgence apr\u00e8s un incident technique"},"content":{"rendered":"<p class=\"article-p mdl\">Un voyage cauchemardesque pour les passagers du Paris-Ajaccio. Un vol Air France a d\u00fb \u00eatre d\u00e9rout\u00e9 et atterrir en urgence \u00e0 Lyon samedi 20 d\u00e9cembre apr\u00e8s un incident technique. Aux alentours de 18h, les passagers ont entendu un bruit sourd.<\/p>\n<p>Steven, passager du vol, se rappelle \u00eatre pass\u00e9 au-dessus de Clermont-Ferrand lorsqu&rsquo;il a entendu <strong>\u00ab\u00a0un gros boum\u00a0\u00bb<\/strong> et ressenti <strong>\u00ab\u00a0beaucoup de vibrations\u00a0\u00bb<\/strong>. \u00ab\u00a0J&rsquo;ai cru \u00e0 une blague au d\u00e9but, puis on a bien vu que c&rsquo;\u00e9tait s\u00e9rieux,\u00a0\u00bb raconte-t-il au micro de RTL.\u00a0<\/p>\n<p class=\"article-p mdl\">Plusieurs d&rsquo;entre eux ont constat\u00e9 par le hublot\u00a0<a class=\"link\" href=\"https:\/\/www.rtl.fr\/actu\/justice-faits-divers\/un-mort-et-deux-blesses-dans-le-crash-d-un-avion-de-tourisme-pres-de-marseille-potentiellement-a-cause-des-conditions-meteorologiques-7900562535\" title=\"Un mort et deux bless\u00e9s dans le crash d&#039;un avion de tourisme pr\u00e8s de Marseille &quot;potentiellement \u00e0 cause des conditions m\u00e9t\u00e9orologiques&quot;\" rel=\"nofollow noopener\" target=\"_blank\">l&rsquo;aile de l&rsquo;avion en feu<\/a>, dont la fille de Christelle.<strong> \u00ab\u00a0C&rsquo;\u00e9tait en flammes\u00a0\u00bb,<\/strong> relate cette derni\u00e8re, qui n&rsquo;en a pas dormi de la nuit. Les passagers du vol commencent alors \u00e0 paniquer. \u00ab\u00a0Il y en a qui commencent \u00e0 pleurer, plus personne nous parle. Ma femme \u00e0 c\u00f4t\u00e9 a eu peur. J&rsquo;ai remis ma ceinture, et je l&rsquo;ai serr\u00e9e bien fort. On est dans une bo\u00eete de conserve, on n&rsquo;est pas ma\u00eetre, on ne sait pas ce qu&rsquo;il va se passer.\u00a0\u00bb<\/p>\n<blockquote class=\"article-quote\">\n<p class=\"article-quote-text icon icon-quote-v2\">\u00ab\u00a0Ils se sont dit &lsquo;on va se crasher'\u00a0\u00bb<\/p>\n<p>Une passag\u00e8re du vol Paris-Ajaccio<\/p>\n<\/blockquote>\n<p class=\"article-p mdl\">Selon les t\u00e9moins, c&rsquo;est \u00e0 ce moment que l&rsquo;avion pique vers le sol. <strong>\u00ab\u00a0D&rsquo;un coup, l&rsquo;avion a chut\u00e9,\u00a0\u00bb <\/strong>raconte Christelle. \u00ab\u00a0Les boutons, tout s&rsquo;allumait, tout clignotait. Il y a un monsieur qui a pris ses enfants dans les bras parce <strong>qu&rsquo;ils se sont dit &lsquo;on va se crasher&rsquo;<\/strong>.\u00a0\u00bb\u00a0<\/p>\n<p class=\"article-p mdl\">Fort heureusement, le vol n&rsquo;a pas connu une issue si dramatique. L&rsquo;appareil <strong>a atterri en urgence \u00e0 Lyon<\/strong>, avec ses passagers sous le choc. Ces derniers n&rsquo;ont d&rsquo;ailleurs eu que peu d&rsquo;information sur ce qu&rsquo;il se passait. Dans un communiqu\u00e9, Air France mentionne seulement <strong>un \u00ab\u00a0incident technique\u00a0\u00bb,<\/strong> et a ensuite affr\u00e9t\u00e9 un autre avion pour Bastia, parti \u00e0 21h45.<\/p>\n<p class=\"article-p mdl\">Ce dimanche matin, certains des passagers du vol Paris-Ajaccio viennent seulement d&rsquo;arriver chez eux en Corse, 19 heures apr\u00e8s leur d\u00e9part de la capitale.<\/p>\n<p>    La r\u00e9daction vous recommande<\/p>\n<p class=\"s-newsletter__title\">\n                L\u2019actualit\u00e9 par la r\u00e9daction de RTL dans votre bo\u00eete mail.\n            <\/p>\n<p class=\"s-newsletter__subtitle\">\n                Gr\u00e2ce \u00e0 votre compte RTL abonnez-vous \u00e0 la newsletter RTL info pour suivre toute l&rsquo;actualit\u00e9 au quotidien\n            <\/p>\n<p>\n                                    Lire la suite\n                                <\/p>\n","protected":false},"excerpt":{"rendered":"Un voyage cauchemardesque pour les passagers du Paris-Ajaccio. Un vol Air France a d\u00fb \u00eatre d\u00e9rout\u00e9 et atterrir&hellip;\n","protected":false},"author":2,"featured_media":613345,"comment_status":"","ping_status":"","sticky":false,"template":"","format":"standard","meta":{"footnotes":""},"categories":[1888],"tags":[1111,1928,11,1927,1816,13796,1777,674,118,107,1011,27,12,1926,626,1925,25],"class_list":{"0":"post-613344","1":"post","2":"type-post","3":"status-publish","4":"format-standard","5":"has-post-thumbnail","7":"category-paris","8":"tag-actu","9":"tag-actu-paris","10":"tag-actualites","11":"tag-actualites-paris","12":"tag-air-france","13":"tag-avions","14":"tag-eu","15":"tag-europe","16":"tag-faits-divers","17":"tag-fil-info","18":"tag-fr","19":"tag-france","20":"tag-news","21":"tag-news-paris","22":"tag-paris","23":"tag-paris-news","24":"tag-republique-francaise"},"share_on_mastodon":{"url":"https:\/\/pubeurope.com\/@fr\/115756448008517449","error":""},"_links":{"self":[{"href":"https:\/\/www.europesays.com\/fr\/wp-json\/wp\/v2\/posts\/613344","targetHints":{"allow":["GET"]}}],"collection":[{"href":"https:\/\/www.europesays.com\/fr\/wp-json\/wp\/v2\/posts"}],"about":[{"href":"https:\/\/www.europesays.com\/fr\/wp-json\/wp\/v2\/types\/post"}],"author":[{"embeddable":true,"href":"https:\/\/www.europesays.com\/fr\/wp-json\/wp\/v2\/users\/2"}],"replies":[{"embeddable":true,"href":"https:\/\/www.europesays.com\/fr\/wp-json\/wp\/v2\/comments?post=613344"}],"version-history":[{"count":0,"href":"https:\/\/www.europesays.com\/fr\/wp-json\/wp\/v2\/posts\/613344\/revisions"}],"wp:featuredmedia":[{"embeddable":true,"href":"https:\/\/www.europesays.com\/fr\/wp-json\/wp\/v2\/media\/613345"}],"wp:attachment":[{"href":"https:\/\/www.europesays.com\/fr\/wp-json\/wp\/v2\/media?parent=613344"}],"wp:term":[{"taxonomy":"category","embeddable":true,"href":"https:\/\/www.europesays.com\/fr\/wp-json\/wp\/v2\/categories?post=613344"},{"taxonomy":"post_tag","embeddable":true,"href":"https:\/\/www.europesays.com\/fr\/wp-json\/wp\/v2\/tags?post=613344"}],"curies":[{"name":"wp","href":"https:\/\/api.w.org\/{rel}","templated":true}]}}