{"id":613399,"date":"2025-12-21T08:21:22","date_gmt":"2025-12-21T08:21:22","guid":{"rendered":"https:\/\/www.europesays.com\/fr\/613399\/"},"modified":"2025-12-21T08:21:22","modified_gmt":"2025-12-21T08:21:22","slug":"des-victimes-de-jeffrey-epstein-et-des-elus-denoncent-la-publication-partielle-du-dossier-par-le-gouvernement-trump","status":"publish","type":"post","link":"https:\/\/www.europesays.com\/fr\/613399\/","title":{"rendered":"Des victimes de Jeffrey Epstein et des \u00e9lus d\u00e9noncent la publication partielle du dossier par le gouvernement Trump"},"content":{"rendered":"<p>                      <img loading=\"lazy\" decoding=\"async\" src=\"https:\/\/www.europesays.com\/fr\/wp-content\/uploads\/2025\/12\/7f38c5e_ftp-1-wv8atoearays-f671a32b51c2492ab3b0aa29242cb97c-0-063b11a932a847caa68dd4fc646198be.jpg\" alt=\"Exemple de documents rendus publics par le minist\u00e8re de la justice am\u00e9ricain dans l\u2019affaire Epstein, le 19\u00a0d\u00e9cembre\u00a02025.&#10;\"   width=\"664\" height=\"443\"\/>    Exemple de documents rendus publics par le minist\u00e8re de la justice am\u00e9ricain dans l\u2019affaire Epstein, le 19\u00a0d\u00e9cembre\u00a02025.  JON ELSWICK \/ AP                          <\/p>\n<p class=\"article__paragraph  \">Des victimes du criminel sexuel am\u00e9ricain d\u00e9c\u00e9d\u00e9 Jeffrey Esptein et des \u00e9lus ont vivement critiqu\u00e9 l\u2019administration Trump, samedi 20\u00a0d\u00e9cembre, pour la publication seulement partielle de l\u2019\u00e9norme dossier, dont des documents ont \u00e9t\u00e9 caviard\u00e9s et des photos supprim\u00e9es apr\u00e8s avoir \u00e9t\u00e9 divulgu\u00e9es.<\/p>\n<p class=\"article__paragraph  \">\u00ab\u00a0Nous sommes tr\u00e8s d\u00e9\u00e7ues\u00a0\u00bb, a protest\u00e9 Marina Lacerda, l\u2019une des plus de 1\u00a0000\u00a0victimes pr\u00e9sum\u00e9es de ce richissime financier mort en\u00a02019 et connu pour avoir fr\u00e9quent\u00e9 durant des d\u00e9cennies des personnalit\u00e9s de premier plan, dont l\u2019actuel pr\u00e9sident r\u00e9publicain, Donald Trump, et son lointain pr\u00e9d\u00e9cesseur d\u00e9mocrate, Bill Clinton (1993-2001). \u00ab\u00a0Pourquoi ne pouvons-nous pas simplement r\u00e9v\u00e9ler les noms qui devraient l\u2019\u00eatre\u00a0?\u00a0\u00bb, a-t-elle demand\u00e9 sur CNN, d\u00e9plorant l\u2019anonymisation de nombreux individus mentionn\u00e9s dans ces fichiers.<\/p>\n<p class=\"article__paragraph  \"><a href=\"https:\/\/www.lemonde.fr\/international\/article\/2025\/12\/20\/affaire-epstein-la-publication-partielle-de-documents-par-l-administration-trump-suscite-frustration-et-critiques_6658758_3210.html\" target=\"_blank\" rel=\"noopener\">Le gouvernement a commenc\u00e9 \u00e0 publier vendredi des milliers de photos, vid\u00e9os et textes issus de la tentaculaire enqu\u00eate Epstein<\/a>, une affaire qui pollue la pr\u00e9sidence Trump plus de six ans apr\u00e8s le d\u00e9c\u00e8s du financier new-yorkais, retrouv\u00e9 mort dans sa cellule avant d\u2019avoir \u00e9t\u00e9 jug\u00e9 pour ses crimes sexuels.<\/p>\n<p class=\"article__paragraph  \">Tout n\u2019a toutefois pas \u00e9t\u00e9 rendu public avant minuit dans la nuit de vendredi \u00e0 samedi <a href=\"https:\/\/www.lemonde.fr\/societe\/article\/2025\/12\/06\/affaire-epstein-la-justice-americaine-ordonne-la-publication-des-documents-sur-l-affaire_6656201_3224.html\" target=\"_blank\" rel=\"noopener\">comme le pr\u00e9voyait la loi \u00e0 l\u2019origine de cet effort de transparence<\/a>, et de nombreux fichiers d\u00e9voil\u00e9s ont \u00e9t\u00e9 pr\u00e9alablement caviard\u00e9s, comme un document judiciaire de la justice new-yorkaise enti\u00e8rement noirci sur 119\u00a0pages.<\/p>\n<p>                                       Lire aussi |  Article r\u00e9serv\u00e9 \u00e0 nos abonn\u00e9s  <a href=\"https:\/\/www.lemonde.fr\/international\/article\/2025\/11\/18\/face-aux-eclats-de-l-affaire-epstein-donald-trump-change-de-strategie-et-cherche-un-contre-feu_6653813_3210.html\" class=\"js-article-read-also catcher--favoris__link\" data-premium=\"1\" id=\"article-title-3447021\" target=\"_blank\" rel=\"noopener\">Face aux suites de l\u2019affaire Epstein, Donald Trump change de strat\u00e9gie et cherche un contre-feu<\/a>    <\/p>\n<p>   Lire plus tard  <\/p>\n<p>                          Hommes influents                              <img loading=\"lazy\" decoding=\"async\" src=\"https:\/\/www.europesays.com\/fr\/wp-content\/uploads\/2025\/12\/61d56d2_ftp-1-3rm6oaeqwfle-2025-12-12t172141z-1919061946-rc23fia36kwk-rtrmadp-3-usa-trump-epstein-fi.jpeg\" alt=\"Donald Trump avec Jeffrey Epstein (photo publi\u00e9e par les d\u00e9mocrates de la commission de surveillance de la Chambre des repr\u00e9sentants \u00e0 Washington, le 12\u00a0d\u00e9cembre 2025).\"   width=\"664\" height=\"443\"\/>    Donald Trump avec Jeffrey Epstein (photo publi\u00e9e par les d\u00e9mocrates de la commission de surveillance de la Chambre des repr\u00e9sentants \u00e0 Washington, le 12\u00a0d\u00e9cembre 2025).  HOUSE OVERSIGHT COMMITTEE DEMOCRATS\/VIA REUTERS                          <\/p>\n<p class=\"article__paragraph  \">Une victime pr\u00e9sum\u00e9e d\u2019Epstein, Jess Michaels, a affirm\u00e9 sur CNN qu\u2019elle ne \u00ab\u00a0pouvait pas\u00a0\u00bb retrouver trace des d\u00e9positions qu\u2019elle avait faites aupr\u00e8s de la police f\u00e9d\u00e9rale (FBI). \u00ab\u00a0Le minist\u00e8re am\u00e9ricain de la justice continue de couvrir des hommes influents qui ont agress\u00e9 ou viol\u00e9 des jeunes filles ou qui ont particip\u00e9 \u00e0 des f\u00eates o\u00f9 ces jeunes filles \u00e9taient exhib\u00e9es et maltrait\u00e9es\u00a0\u00bb, a accus\u00e9 sur X l\u2019\u00e9lu d\u00e9mocrate Ro Khanna.<\/p>\n<p class=\"article__paragraph  \">Une critique relay\u00e9e par son coll\u00e8gue r\u00e9publicain, Thomas Massie, et l\u2019\u00e9lue d\u00e9missionnaire de la droite radicale, Marjorie Taylor Greene, une ex-alli\u00e9e de Trump qui a rompu avec le dirigeant \u00e0 cause de son manque de transparence dans ce dossier. \u00ab\u00a0Le but n\u2019\u00e9tait PAS de prot\u00e9ger les personnes politiquement expos\u00e9es\u00a0\u00bb, a-t-elle fustig\u00e9 sur X.<\/p>\n<p>                                       Lire aussi |  Article r\u00e9serv\u00e9 \u00e0 nos abonn\u00e9s  <a href=\"https:\/\/www.lemonde.fr\/international\/article\/2025\/11\/13\/affaire-jeffrey-epstein-des-revelations-relancent-les-interrogations-sur-la-proximite-passee-entre-donald-trump-et-le-predateur-sexuel_6653209_3210.html\" class=\"js-article-read-also catcher--favoris__link\" data-premium=\"1\" id=\"article-title-3446275\" target=\"_blank\" rel=\"noopener\">Affaire Jeffrey Epstein\u00a0: des r\u00e9v\u00e9lations relancent les interrogations sur la proximit\u00e9 pass\u00e9e entre Donald Trump et le pr\u00e9dateur sexuel<\/a>    <\/p>\n<p>   Lire plus tard  <\/p>\n<p class=\"article__paragraph  \">Le minist\u00e8re de la justice a balay\u00e9 ces all\u00e9gations. \u00ab\u00a0Il n\u2019y a aucune volont\u00e9 de retenir quoi que ce soit simplement parce qu\u2019y figurent les noms de Donald Trump ou de quelqu\u2019un d\u2019autre, comme Bill Clinton\u00a0\u00bb, a assur\u00e9 sur ABC News le num\u00e9ro deux du minist\u00e8re, Todd Blanche. Mais des m\u00e9dias ont relev\u00e9 qu\u2019une bonne dizaine d\u2019images avaient \u00e9t\u00e9 supprim\u00e9es du dossier apr\u00e8s avoir \u00e9t\u00e9 bri\u00e8vement publi\u00e9es.<\/p>\n<p class=\"article__paragraph  \">Samedi soir, le minist\u00e8re de la justice a promis sur X que \u00ab\u00a0des photos et d\u2019autres documents vont continuer d\u2019\u00eatre analys\u00e9s et expurg\u00e9s, conform\u00e9ment \u00e0 la loi et (\u2026) en fonction de nouvelles informations que nous recevons\u00a0\u00bb.<\/p>\n<p>                               <img loading=\"lazy\" decoding=\"async\" src=\"https:\/\/www.europesays.com\/fr\/wp-content\/uploads\/2025\/12\/e2f9413_ftp-1-jdtpwyzxxykx-2025-12-20t020501z-2136498650-rc2tjiacf3zp-rtrmadp-3-usa-trump-epstein-fi.jpeg\" alt=\"L\u2019ancien pr\u00e9sident am\u00e9ricain Bill Clinton, Michael Jackson et Diana Ross apparaissent sur cette image publi\u00e9e par le minist\u00e8re de la justice am\u00e9ricain, le 19\u00a0d\u00e9cembre 2025, dans le cadre d\u2019une nouvelle s\u00e9rie de documents issus de ses investigations sur Jeffrey Epstein. \"   width=\"664\" height=\"443\"\/>    L\u2019ancien pr\u00e9sident am\u00e9ricain Bill Clinton, Michael Jackson et Diana Ross apparaissent sur cette image publi\u00e9e par le minist\u00e8re de la justice am\u00e9ricain, le 19\u00a0d\u00e9cembre 2025, dans le cadre d\u2019une nouvelle s\u00e9rie de documents issus de ses investigations sur Jeffrey Epstein.  D\u00c9PARTEMENT DE LA JUSTICE DES ETATS-UNIS\/VIA REUTERS                                    <img loading=\"lazy\" decoding=\"async\" src=\"https:\/\/www.europesays.com\/fr\/wp-content\/uploads\/2025\/12\/051e630_ftp-1-a0ydmwua03kv-5720557-01-06.jpg\" alt=\"L\u2019ancien pr\u00e9sident am\u00e9ricain Bill Clinton, le chanteur des Rolling Stones, Mick Jagger, le pr\u00e9sident du groupe Virgin, Richard Branson, et Ghislaine Maxwell, apparaissent sur des clich\u00e9s publi\u00e9s par le minist\u00e8re de la justice am\u00e9ricain le 19\u00a0d\u00e9cembre 2025, dans le cadre d\u2019une nouvelle s\u00e9rie de documents issus de ses investigations sur Jeffrey Epstein.\"   width=\"664\" height=\"443\"\/>    L\u2019ancien pr\u00e9sident am\u00e9ricain Bill Clinton, le chanteur des Rolling Stones, Mick Jagger, le pr\u00e9sident du groupe Virgin, Richard Branson, et Ghislaine Maxwell, apparaissent sur des clich\u00e9s publi\u00e9s par le minist\u00e8re de la justice am\u00e9ricain le 19\u00a0d\u00e9cembre 2025, dans le cadre d\u2019une nouvelle s\u00e9rie de documents issus de ses investigations sur Jeffrey Epstein.  MANDEL NGAN\/AFP                          <\/p>\n<p class=\"article__paragraph  \">L\u2019opposition d\u00e9mocrate s\u2019est aussi inqui\u00e9t\u00e9e de la suppression d\u2019une des rares images de Donald Trump publi\u00e9es vendredi. \u00ab\u00a0S\u2019ils suppriment cette information, imaginez tout ce qu\u2019ils essaient de cacher\u2026 Il pourrait s\u2019agir de l\u2019une des plus grandes affaires de dissimulation de l\u2019histoire am\u00e9ricaine\u00a0\u00bb, a tonn\u00e9 le chef des s\u00e9nateurs d\u00e9mocrates, Chuck Schumer. Ce clich\u00e9 montrant diverses photos dispos\u00e9es sur un meuble et dans un tiroir, dont l\u2019une de l\u2019actuel pr\u00e9sident, \u00e9tait inaccessible samedi.<\/p>\n<p>                    Th\u00e9ories du complot                    <\/p>\n<p class=\"article__paragraph  \">Donald Trump et Bill Clinton ont tous les deux c\u00f4toy\u00e9 Jeffrey Epstein mais jurent n\u2019avoir jamais rien su de ses crimes et avoir coup\u00e9 les ponts avant qu\u2019il ne soit inqui\u00e9t\u00e9 par la justice.<\/p>\n<p> Le Monde M\u00e9morable  <\/p>\n<p> <a href=\"https:\/\/www.lemonde.fr\/memorable\/?rfextension=inread\" class=\"inread__link js-services-inread-link\" target=\"_blank\" rel=\"noopener\">  <\/p>\n<p>Testez votre culture g\u00e9n\u00e9rale avec la r\u00e9daction du \u00ab Monde \u00bb<\/p>\n<p>Testez votre culture g\u00e9n\u00e9rale avec la r\u00e9daction du \u00ab Monde \u00bb<\/p>\n<p>D\u00e9couvrir<\/p>\n<p> <\/a>      <\/p>\n<p> Newsletter  <\/p>\n<p> <a href=\"https:\/\/www.lemonde.fr\/newsletters\/a-la-une\/\" class=\"inread__link js-services-inread-link\" target=\"_blank\" rel=\"noopener\">  <\/p>\n<p>\u00ab A la une \u00bb<\/p>\n<p>Chaque matin, parcourez l&rsquo;essentiel de l&rsquo;actualit\u00e9 du jour avec les derniers titres du \u00ab Monde \u00bb<\/p>\n<p>S&rsquo;inscrire<\/p>\n<p> <\/a>          <\/p>\n<p> Le Monde Application  <\/p>\n<p> <a href=\"https:\/\/lamatinale.onelink.me\/gKMy\/ahw2ubr3\" class=\"inread__link js-services-inread-link\" target=\"_blank\" rel=\"noopener\">  <\/p>\n<p>La Matinale du Monde<\/p>\n<p>Chaque matin, retrouvez notre s\u00e9lection de 20 articles \u00e0 ne pas manquer <\/p>\n<p>T\u00e9l\u00e9charger l&rsquo;application<\/p>\n<p> <\/a>      <\/p>\n<p> Newsletter abonn\u00e9s  <\/p>\n<p> <a href=\"https:\/\/www.lemonde.fr\/newsletters\/international\/\" class=\"inread__link js-services-inread-link\" target=\"_blank\" rel=\"noopener\">  <\/p>\n<p>\u00ab International \u00bb<\/p>\n<p>L\u2019essentiel de l\u2019actualit\u00e9 internationale de la semaine<\/p>\n<p>S&rsquo;inscrire<\/p>\n<p> <\/a>             <\/p>\n<p class=\"article__paragraph  \">Une photo d\u00e9voil\u00e9e vendredi et montrant Bill Clinton dans ce qui semble \u00eatre un jacuzzi, avec une partie occult\u00e9e par un rectangle noir, a \u00e9t\u00e9 rapidement relay\u00e9e par l\u2019entourage de Donald Trump. D\u2019autres personnalit\u00e9s de la politique, des affaires ou du cin\u00e9ma et de la musique, dont les stars Michael Jackson, Mick Jagger, Woody Allen, apparaissaient sur des clich\u00e9s.<\/p>\n<p>                               <img loading=\"lazy\" decoding=\"async\" src=\"https:\/\/www.europesays.com\/fr\/wp-content\/uploads\/2025\/12\/885f592_ftp-1-2nz9to6iylef-3beb982192744295a18fad5137a6f9ef-0-999ffe5ecb6746589f31f879aa325554.jpg\" alt=\"Cette photo fournie par le minist\u00e8re de la justice am\u00e9ricain le 19\u00a0d\u00e9cembre 2025, montre une image non dat\u00e9e de l\u2019ancien pr\u00e9sident Bill Clinton dans un jacuzzi dans un lieu tenu secret.\"   width=\"664\" height=\"443\"\/>    Cette photo fournie par le minist\u00e8re de la justice am\u00e9ricain le 19\u00a0d\u00e9cembre 2025, montre une image non dat\u00e9e de l\u2019ancien pr\u00e9sident Bill Clinton dans un jacuzzi dans un lieu tenu secret.  AP                          <\/p>\n<p class=\"article__paragraph  \">L\u2019affaire Epstein, r\u00e9v\u00e9l\u00e9e en\u00a02019, a \u00e9clabouss\u00e9 nombre de c\u00e9l\u00e9brit\u00e9s am\u00e9ricaines et \u00e9trang\u00e8res, dont Andrew, fr\u00e8re du roi Charles III, incrimin\u00e9 par l\u2019une des victimes, mais qui clame son innocence. Ont \u00e9t\u00e9 publi\u00e9es vendredi des photos in\u00e9dites du prince britannique d\u00e9chu allong\u00e9 sur les jambes de cinq jeunes femmes.<\/p>\n<p>                                       Lire aussi |  Article r\u00e9serv\u00e9 \u00e0 nos abonn\u00e9s  <a href=\"https:\/\/www.lemonde.fr\/international\/article\/2025\/11\/14\/andrew-le-mouton-noir-des-windsor_6653357_3210.html\" class=\"js-article-read-also catcher--favoris__link\" data-premium=\"1\" id=\"article-title-3444724\" target=\"_blank\" rel=\"noopener\">Andrew, la d\u00e9ch\u00e9ance princi\u00e8re du mouton noir des Windsor<\/a>    <\/p>\n<p>   Lire plus tard  <\/p>\n<p class=\"article__paragraph  \">Le d\u00e9c\u00e8s constat\u00e9 d\u2019Epstein en prison \u00e0 New York en ao\u00fbt\u00a02019, attribu\u00e9 officiellement \u00e0 un suicide, continue d\u2019alimenter d\u2019innombrables th\u00e9ories du complot selon lesquelles il aurait \u00e9t\u00e9 assassin\u00e9 pour l\u2019emp\u00eacher de mettre en cause des personnalit\u00e9s.<\/p>\n<p class=\"article__paragraph  \">Apr\u00e8s avoir promis durant sa campagne \u00e9lectorale de publier l\u2019int\u00e9gralit\u00e9 du dossier, Donald Trump avait fait volte-face, parlant d\u2019un \u00ab\u00a0canular\u00a0\u00bb instrumentalis\u00e9 par les d\u00e9mocrates. Mais il a fini par c\u00e9der \u00e0 la pression du Congr\u00e8s et de sa base \u00e9lectorale et a promulgu\u00e9 en novembre une loi sur la transparence. Interrog\u00e9 vendredi, le milliardaire new-yorkais de 79\u00a0ans, dont le nom appara\u00eet peu dans les fichiers publi\u00e9s, s\u2019est abstenu de tout commentaire.<\/p>\n<p class=\"author__detail\">  Le Monde avec AFP  <\/p>\n<p>                <a href=\"https:\/\/www.lemonde.fr\/syndication\/\" class=\"reuse__content\" title=\"R\u00e9utiliser ce contenu\" target=\"_blank\" rel=\"noopener\">R\u00e9utiliser ce contenu<\/a>      <\/p>\n","protected":false},"excerpt":{"rendered":"Exemple de documents rendus publics par le minist\u00e8re de la justice am\u00e9ricain dans l\u2019affaire Epstein, le 19\u00a0d\u00e9cembre\u00a02025. JON&hellip;\n","protected":false},"author":2,"featured_media":613400,"comment_status":"","ping_status":"","sticky":false,"template":"","format":"standard","meta":{"footnotes":""},"categories":[5],"tags":[11,1011,27,14,12,28],"class_list":{"0":"post-613399","1":"post","2":"type-post","3":"status-publish","4":"format-standard","5":"has-post-thumbnail","7":"category-international","8":"tag-actualites","9":"tag-fr","10":"tag-france","11":"tag-international","12":"tag-news","13":"tag-world"},"share_on_mastodon":{"url":"https:\/\/pubeurope.com\/@fr\/115756590694291217","error":""},"_links":{"self":[{"href":"https:\/\/www.europesays.com\/fr\/wp-json\/wp\/v2\/posts\/613399","targetHints":{"allow":["GET"]}}],"collection":[{"href":"https:\/\/www.europesays.com\/fr\/wp-json\/wp\/v2\/posts"}],"about":[{"href":"https:\/\/www.europesays.com\/fr\/wp-json\/wp\/v2\/types\/post"}],"author":[{"embeddable":true,"href":"https:\/\/www.europesays.com\/fr\/wp-json\/wp\/v2\/users\/2"}],"replies":[{"embeddable":true,"href":"https:\/\/www.europesays.com\/fr\/wp-json\/wp\/v2\/comments?post=613399"}],"version-history":[{"count":0,"href":"https:\/\/www.europesays.com\/fr\/wp-json\/wp\/v2\/posts\/613399\/revisions"}],"wp:featuredmedia":[{"embeddable":true,"href":"https:\/\/www.europesays.com\/fr\/wp-json\/wp\/v2\/media\/613400"}],"wp:attachment":[{"href":"https:\/\/www.europesays.com\/fr\/wp-json\/wp\/v2\/media?parent=613399"}],"wp:term":[{"taxonomy":"category","embeddable":true,"href":"https:\/\/www.europesays.com\/fr\/wp-json\/wp\/v2\/categories?post=613399"},{"taxonomy":"post_tag","embeddable":true,"href":"https:\/\/www.europesays.com\/fr\/wp-json\/wp\/v2\/tags?post=613399"}],"curies":[{"name":"wp","href":"https:\/\/api.w.org\/{rel}","templated":true}]}}