{"id":613413,"date":"2025-12-21T08:31:30","date_gmt":"2025-12-21T08:31:30","guid":{"rendered":"https:\/\/www.europesays.com\/fr\/613413\/"},"modified":"2025-12-21T08:31:30","modified_gmt":"2025-12-21T08:31:30","slug":"des-permanences-pour-les-ecouter-et-les-guider","status":"publish","type":"post","link":"https:\/\/www.europesays.com\/fr\/613413\/","title":{"rendered":"des permanences pour les \u00e9couter et les guider"},"content":{"rendered":"<p class=\"insetTitle\">Toulon-sur-Arroux &#8211; Au fil du conseil<\/p>\n<p>            Ehpad des Marronniers<\/p>\n<p>Le maire a fait part d\u2019un \u00e9tat des lieux de l\u2019Ehpad Les Marronniers qui, ayant un taux d\u2019occupation \u00ab exceptionnel de plus de 100\u00a0%, et une participation positive du personnel encadrant, conna\u00eet des difficult\u00e9s financi\u00e8res importantes avec un d\u00e9ficit de 700\u00a0000\u00a0\u00a0\u20ac combl\u00e9 en partie par l\u2019ARS (Agence r\u00e9gionale de sant\u00e9). La solution pr\u00e9conis\u00e9e, refus\u00e9e par le Conseil d\u00e9partemental, \u00e9tant de fixer une hausse de 20\u00a0% sur le tarif journalier. Une situation qui pourrait se tourner \u00e0 l\u2019avenir par une participation solidaire des r\u00e9sidents.<\/p>\n<p>Hausse pour l\u2019eau et l\u2019assainissement<\/p>\n<p>Les \u00e9lus ont vot\u00e9 le budget en r\u00e9gie de l\u2019eau subissant une l\u00e9g\u00e8re hausse de 10 centimes d\u2019euros passant ainsi le m\u00e8tre cube \u00e0 1, 70\u00a0\u20ac et de 15 centimes pour l\u2019assainissement fix\u00e9 pour 2026 \u00e0 1,85\u00a0\u20ac le m\u00e8tre cube. Une l\u00e9g\u00e8re augmentation qui permet de garder l\u2019\u00e9quilibre du budget. \u00ab\u00a0Il n\u2019y a pas de marge de man\u0153uvre. Si, un jour, on a un gros p\u00e9pin sur un r\u00e9seau de plus de 60 ans, qu\u2019arrivera-t-il\u00a0?\u00a0\u00bb souligne un \u00e9lu. \u00ab\u00a0Il faudra bien que l\u2019\u00c9tat r\u00e9agisse, les r\u00e9seaux sont vieillissants dans de nombreuses communes. Le sch\u00e9ma directeur pr\u00e9voit plus d\u2019un million d\u2019euros pour renouveler le n\u00f4tre. La solution propos\u00e9e par les instances concern\u00e9es \u00e9tait de doubler la redevance des consommateurs\u00a0\u00bb, s\u2019insurge le maire Bernard Labrosse.<\/p>\n","protected":false},"excerpt":{"rendered":"Toulon-sur-Arroux &#8211; Au fil du conseil Ehpad des Marronniers Le maire a fait part d\u2019un \u00e9tat des lieux&hellip;\n","protected":false},"author":2,"featured_media":613414,"comment_status":"","ping_status":"","sticky":false,"template":"","format":"standard","meta":{"footnotes":""},"categories":[9619],"tags":[1111,11,1984,12568,1777,674,107,1011,27,14000,12,316,882,25,273,2310,13999],"class_list":{"0":"post-613413","1":"post","2":"type-post","3":"status-publish","4":"format-standard","5":"has-post-thumbnail","7":"category-toulon","8":"tag-actu","9":"tag-actualites","10":"tag-conseil-municipal","11":"tag-edition-montceau-les-mines","12":"tag-eu","13":"tag-europe","14":"tag-fil-info","15":"tag-fr","16":"tag-france","17":"tag-montceau-les-mines-bassin","18":"tag-news","19":"tag-politique","20":"tag-provence-alpes-cote-dazur","21":"tag-republique-francaise","22":"tag-selection-de-la-redaction","23":"tag-toulon","24":"tag-toulon-sur-arroux"},"share_on_mastodon":{"url":"https:\/\/pubeurope.com\/@fr\/115756629129858442","error":""},"_links":{"self":[{"href":"https:\/\/www.europesays.com\/fr\/wp-json\/wp\/v2\/posts\/613413","targetHints":{"allow":["GET"]}}],"collection":[{"href":"https:\/\/www.europesays.com\/fr\/wp-json\/wp\/v2\/posts"}],"about":[{"href":"https:\/\/www.europesays.com\/fr\/wp-json\/wp\/v2\/types\/post"}],"author":[{"embeddable":true,"href":"https:\/\/www.europesays.com\/fr\/wp-json\/wp\/v2\/users\/2"}],"replies":[{"embeddable":true,"href":"https:\/\/www.europesays.com\/fr\/wp-json\/wp\/v2\/comments?post=613413"}],"version-history":[{"count":0,"href":"https:\/\/www.europesays.com\/fr\/wp-json\/wp\/v2\/posts\/613413\/revisions"}],"wp:featuredmedia":[{"embeddable":true,"href":"https:\/\/www.europesays.com\/fr\/wp-json\/wp\/v2\/media\/613414"}],"wp:attachment":[{"href":"https:\/\/www.europesays.com\/fr\/wp-json\/wp\/v2\/media?parent=613413"}],"wp:term":[{"taxonomy":"category","embeddable":true,"href":"https:\/\/www.europesays.com\/fr\/wp-json\/wp\/v2\/categories?post=613413"},{"taxonomy":"post_tag","embeddable":true,"href":"https:\/\/www.europesays.com\/fr\/wp-json\/wp\/v2\/tags?post=613413"}],"curies":[{"name":"wp","href":"https:\/\/api.w.org\/{rel}","templated":true}]}}