{"id":613419,"date":"2025-12-21T08:34:15","date_gmt":"2025-12-21T08:34:15","guid":{"rendered":"https:\/\/www.europesays.com\/fr\/613419\/"},"modified":"2025-12-21T08:34:15","modified_gmt":"2025-12-21T08:34:15","slug":"pourquoi-y-a-t-il-un-quartier-des-antiquaires-si-developpe-a-rouen","status":"publish","type":"post","link":"https:\/\/www.europesays.com\/fr\/613419\/","title":{"rendered":"Pourquoi y a-t-il un quartier des antiquaires si d\u00e9velopp\u00e9 \u00e0 Rouen\u00a0?"},"content":{"rendered":"<p>                    Par<br \/>\n        <strong><br \/>\n            <a href=\"https:\/\/actu.fr\/auteur\/fmass\" title=\"Consulter tous les articles de Fabien Massin\" target=\"_blank\" rel=\"noopener\">Fabien Massin<\/a><br \/>\n                    <\/strong><\/p>\n<p>        Publi\u00e9 le<\/p>\n<p>            21 d\u00e9c. 2025 \u00e0 9h02        <\/p>\n<p>C\u2019est une des particularit\u00e9s et incontestablement une des richesses de la capitale normande :<a href=\"https:\/\/actu.fr\/normandie\/rouen_76540\/clou-de-la-sainte-croix-encrier-chien-decouvrez-les-pepites-insolites-des-antiquaires-de-rouen_60795306.html\" target=\"_blank\" rel=\"noopener\"> la pr\u00e9sence importante d\u2019antiquaires<\/a> \u2014 mais aussi de<a href=\"https:\/\/actu.fr\/normandie\/rouen_76540\/decouvrez-des-pepites-et-tresors-de-la-rue-aux-ours-nouveau-quartier-des-brocanteurs-de-rouen_62948788.html\" target=\"_blank\" rel=\"noopener\"> brocanteurs<\/a> \u2014 \u00e0 <a href=\"https:\/\/actu.fr\/normandie\/rouen_76540\" target=\"_blank\" rel=\"noopener\">Rouen (Seine-Maritime)<\/a>, dont bon nombre sont rassembl\u00e9s dans le quartier dit des antiquaires, justement, avec la rue Damiette pour \u00e9picentre. <strong>Mais quelle est l\u2019origine de cette tradition ?<\/strong> Pourquoi et comment perdure-t-elle aujourd\u2019hui, \u00e0 l\u2019heure des achats faciles et pratiques sur internet ? C\u2019est la question pas si b\u00eate de la semaine de 76actu.\u00a0<\/p>\n<p>Un quartier pr\u00e9serv\u00e9, un terreau culturel favorable<\/p>\n<p class=\" wall-content\">\u00ab\u00a0Il n\u2019y a pas de certitudes \u00e0 cette pr\u00e9sence mais des pistes, indique Aur\u00e9lie Daniel, animatrice culturelle ind\u00e9pendante, cr\u00e9atrice des <a href=\"https:\/\/www.youtube.com\/watch?v=G4VZC466KZY\" target=\"_blank\" rel=\"noopener\">Balades rouennaises<\/a>. Notons d\u00e9j\u00e0 qu\u2019au XIXe si\u00e8cle, <strong>des brocanteurs s\u2019installent rue Eau-de-Robec<\/strong>. Ils pratiquaient alors leur activit\u00e9 \u00e0 m\u00eame la rue, sur des planches. Puis peu \u00e0 peu on voit ce quartier se gentrifier : il est pr\u00e9serv\u00e9 des bombardements de la Guerre et \u00e0 partir des ann\u00e9es 1970 il est pi\u00e9tonnis\u00e9.\u00a0<\/p>\n<blockquote class=\"ac-article-quote wall-content\">\n<p>Il faut prendre en compte par ailleurs l&rsquo;histoire de Rouen, notamment l&rsquo;importance de sa fa\u00efence, l&rsquo;apparition de l&rsquo;impressionnisme et de l&rsquo;\u00e9cole de Rouen. Tout un terreau propice \u00e0 la pr\u00e9sence d&rsquo;antiquaires dans un quartier historique, qui remplacent peu \u00e0 peu les brocanteurs, sauf ceux de la place Saint-Marc qui eux sont rest\u00e9s.\u00a0<\/p>\n<p>    <strong>Aur\u00e9lie Daniel<\/strong><br \/>\n        Animatrice culturelle ind\u00e9pendante    <\/p><\/blockquote>\n<p class=\" wall-content\">Christine M\u00e9tais, troisi\u00e8me g\u00e9n\u00e9ration d\u2019antiquaires, tient depuis 2006 la <a href=\"https:\/\/actu.fr\/normandie\/rouen_76540\/la-derniere-galerie-d-antiquites-de-la-place-barthelemy-a-rouen-se-refait-une-beaute-et-rouvre-au-public_62789559.html\" target=\"_blank\" rel=\"noopener\">derni\u00e8re galerie d\u2019antiquaires de la place Barth\u00e9l\u00e9my<\/a>. Elle avance \u00e9galement quelques pistes. \u00ab\u00a0Je ne sais pas de quand date exactement cette concentration mais quand mon grand-p\u00e8re a ouvert la galerie en 1925 on parlait d\u00e9j\u00e0 de quartier des antiquaires. Un quartier qui a toujours \u00e9t\u00e9 commer\u00e7ant, avec la pr\u00e9sence d\u2019artisans, <strong>et qui a gard\u00e9 son \u00e9crin et ses rues rest\u00e9es m\u00e9di\u00e9vales<\/strong>. Les conditions sont r\u00e9unies pour accueillir une activit\u00e9 comme celle des antiquaires.\u00a0\u00bb<\/p>\n<blockquote class=\"ac-article-quote wall-content\">\n<p>Il y a \u00e9galement des \u00e9l\u00e9ments d&rsquo;explication plus r\u00e9cents, comme la pr\u00e9sence de r\u00e9sidence secondaires, qui apportent une client\u00e8le suppl\u00e9mentaire. Par rapport \u00e0 d&rsquo;autres villes Rouen, profite de la proximit\u00e9 de Paris. L&rsquo;existence d&rsquo;un tissu important de mus\u00e9es \u00e0 c\u00f4t\u00e9 est \u00e9galement un atout important. Il y a une client\u00e8le qui par exemple, sortant du mus\u00e9e des beaux-arts, veut ramener chez elle un tableau proche de ce qu&rsquo;elle a vu au mus\u00e9e.\u00a0<\/p>\n<p>    <strong>Christine M\u00e9tais<\/strong><br \/>\n        Galeriste    <\/p><\/blockquote>\n<p class=\" wall-content\">Christine M\u00e9tais souligne \u00e9galement un autre fait qui conforte la vivacit\u00e9 du quartier, la pr\u00e9sence, outre de nombreux galeristes, <strong>de professionnels qui font vivre les \u0153uvres d\u2019art<\/strong> : \u00e9b\u00e9niste, restaurateur\/encadreur de tableaux, graveur, etc.<\/p>\n<p>    <img   decoding=\"async\" loading=\"lazy\" src=\"https:\/\/www.europesays.com\/fr\/wp-content\/uploads\/2025\/12\/christine-metais-rouen-960x640.jpg\" alt=\"Christine M\u00e9tais, galeriste place Barth\u00e9l\u00e9my.\" width=\"960\" height=\"640\"\/><br \/>\n    Christine M\u00e9tais, galeriste place Barth\u00e9l\u00e9my. (\u00a9FM\/76actu)<\/p>\n<p class=\" wall-content\">Et ce tissu s\u2019est aujourd\u2019hui constitu\u00e9 en association, la RAR (r\u00e9union des antiquaires rouennais), qui porte un \u00e9v\u00e9nement majeur annuel depuis cinq ans, le RAR week-end. Son pr\u00e9sident est <strong>Guillaume Fouquet<\/strong>, marchand d\u2019art depuis 25 ans \u00e0 Rouen (install\u00e9 depuis 10 ans rue Martainville), dans le domaine des arts d\u00e9coratifs du XXe si\u00e8cle et la c\u00e9ramique.<\/p>\n<p>Votre r\u00e9gion, votre actu !<\/p>\n<p>Recevez chaque jour les infos qui comptent pour vous.<\/p>\n<p>\t<a href=\"https:\/\/actu.fr\/newsletter\" class=\"ac-btn ac-btn--corner ac-btn--medium ac-btn--blue800\" target=\"_blank\" rel=\"noopener\">S&rsquo;incrire<\/a><br \/>\nUn \u00e9v\u00e9nement phare et f\u00e9d\u00e9rateur<\/p>\n<p class=\" wall-content\">\u00ab\u00a0La question des origines du quartier est une question qui est r\u00e9guli\u00e8rement pos\u00e9e, mais \u00e9tonnamment il n\u2019y jamais de r\u00e9ponse claire, constate-t-il. On peut \u00e9voquer le contexte r\u00e9gional, la Normandie est une r\u00e9gion riche en patrimoine, et Rouen est historiquement une ville portuaire. Mais dans beaucoup de villes comparables \u00e0 Rouen, il y avait de nombreux antiquaires : <strong>la v\u00e9ritable \u00e9nigme est de savoir pourquoi elles les ont perdus et pas Rouen.\u00a0\u00bb<\/strong><\/p>\n<blockquote class=\"ac-article-quote wall-content\">\n<p>L&rsquo;arriv\u00e9e du web a \u00e9videmment fait \u00e9voluer nos m\u00e9tiers mais \u00e0 Rouen la proposition boutiqui\u00e8re est rest\u00e9e. Personnellement j&rsquo;y reste tr\u00e8s attach\u00e9e, une vitrine, c&rsquo;est \u00e7a qui fait r\u00eaver. Et on a assist\u00e9 \u00e0 l&rsquo;arriv\u00e9e d&rsquo;une g\u00e9n\u00e9ration d&rsquo;antiquaires qui partage cette vision, il y a eu une forme de r\u00e9g\u00e9n\u00e9rescence. Avec \u00e9galement une tendance \u00e0 une belle diversification, on trouve ici un bouquiniste, un sp\u00e9cialiste de l&rsquo;\u00e9cole de Rouen, du design du XXe si\u00e8cle, des choses qui s&rsquo;apparentent plus \u00e0 la brocante, etc.<\/p>\n<p>    <strong>Guillaume Fouquet<\/strong><br \/>\n        Galeriste, pr\u00e9sident de la RAR    <\/p><\/blockquote>\n<p class=\" wall-content\">Il y a donc \u00e9galement la renaissance d\u2019une association, autour d\u2019un \u00e9v\u00e9nement phare, une journ\u00e9e portes ouvertes au cours de laquelle les visiteurs sont invit\u00e9s \u00e0 d\u00e9ambuler d\u2019une galerie \u00e0 l\u2019autre en suivant un circuit.<strong> 25 professionnels ont particip\u00e9 au dernier RAR week-end<\/strong>, chacun \u00e0 sa mani\u00e8re, un tel r\u00e9organisant sa vitrine, un autre pr\u00e9sentant une perle rare ou une exposition temporaire, etc.<\/p>\n<p class=\" wall-content\">\u00ab\u00a0Cela am\u00e8ne incontestablement du monde lors des vernissages, se r\u00e9jouit Guillaume Fouquet. C\u2019est un challenge de motiver les troupes, mais c\u2019est\u00a0aussi \u00e9galement extr\u00eamement f\u00e9d\u00e9rateur.<strong> \u00c0 nous de faire rayonner notre m\u00e9tier !<\/strong>\u00ab\u00a0<\/p>\n<p>    <img   decoding=\"async\" loading=\"lazy\" src=\"https:\/\/www.europesays.com\/fr\/wp-content\/uploads\/2025\/12\/guillaume-fouquet-rouen-antiquaire-960x640.jpg\" alt=\"Guillaume Fouquet, rue Martainville, pr\u00e9sident de la RAR (r\u00e9union des antiquaires rouennais). \" width=\"960\" height=\"640\"\/><br \/>\n    Guillaume Fouquet, rue Martainville, pr\u00e9sident de la RAR (r\u00e9union des antiquaires rouennais). (\u00a9FM\/76actu)Suivez l\u2019actualit\u00e9 de Rouen sur notre <a href=\"https:\/\/www.whatsapp.com\/channel\/0029VaKfnf99hXF2ddApFB1D\" target=\"_blank\" rel=\"noopener\">cha\u00eene WhatsApp<\/a> et sur notre <a href=\"https:\/\/www.tiktok.com\/@76actu.fr?lang=fr\" target=\"_blank\" rel=\"noopener\">compte TikTok<\/a><\/p>\n<p class=\" wall-content\">Personnalisez votre actualit\u00e9 en ajoutant vos villes et m\u00e9dias en favori avec <a href=\"https:\/\/moncompte.actu.fr\" title=\"D\u00e9couvez Mon Actu\" rel=\"nofollow noopener\" data-trk=\"{&quot;cta&quot;:{&quot;action&quot;:&quot;https:\\\/\\\/moncompte.actu.fr&quot;,&quot;category&quot;:&quot;mon compte&quot;,&quot;from&quot;:&quot;article footer&quot;,&quot;name&quot;:&quot;Mon actu&quot;,&quot;type&quot;:&quot;cta&quot;}}\" target=\"_blank\">Mon Actu<\/a>.<\/p>\n<p>                    <script async src=\"\/\/www.tiktok.com\/embed.js\"><\/script><\/p>\n","protected":false},"excerpt":{"rendered":"Par Fabien Massin Publi\u00e9 le 21 d\u00e9c. 2025 \u00e0 9h02 C\u2019est une des particularit\u00e9s et incontestablement une des&hellip;\n","protected":false},"author":2,"featured_media":613420,"comment_status":"","ping_status":"","sticky":false,"template":"","format":"standard","meta":{"footnotes":""},"categories":[9587],"tags":[1111,11,6961,1777,674,1011,27,58904,12,5161,2551,25,9590],"class_list":{"0":"post-613419","1":"post","2":"type-post","3":"status-publish","4":"format-standard","5":"has-post-thumbnail","7":"category-rouen","8":"tag-actu","9":"tag-actualites","10":"tag-brocante","11":"tag-eu","12":"tag-europe","13":"tag-fr","14":"tag-france","15":"tag-histoire-patrimoine","16":"tag-news","17":"tag-normandie","18":"tag-patrimoine","19":"tag-republique-francaise","20":"tag-rouen"},"share_on_mastodon":{"url":"https:\/\/pubeurope.com\/@fr\/115756641742635261","error":""},"_links":{"self":[{"href":"https:\/\/www.europesays.com\/fr\/wp-json\/wp\/v2\/posts\/613419","targetHints":{"allow":["GET"]}}],"collection":[{"href":"https:\/\/www.europesays.com\/fr\/wp-json\/wp\/v2\/posts"}],"about":[{"href":"https:\/\/www.europesays.com\/fr\/wp-json\/wp\/v2\/types\/post"}],"author":[{"embeddable":true,"href":"https:\/\/www.europesays.com\/fr\/wp-json\/wp\/v2\/users\/2"}],"replies":[{"embeddable":true,"href":"https:\/\/www.europesays.com\/fr\/wp-json\/wp\/v2\/comments?post=613419"}],"version-history":[{"count":0,"href":"https:\/\/www.europesays.com\/fr\/wp-json\/wp\/v2\/posts\/613419\/revisions"}],"wp:featuredmedia":[{"embeddable":true,"href":"https:\/\/www.europesays.com\/fr\/wp-json\/wp\/v2\/media\/613420"}],"wp:attachment":[{"href":"https:\/\/www.europesays.com\/fr\/wp-json\/wp\/v2\/media?parent=613419"}],"wp:term":[{"taxonomy":"category","embeddable":true,"href":"https:\/\/www.europesays.com\/fr\/wp-json\/wp\/v2\/categories?post=613419"},{"taxonomy":"post_tag","embeddable":true,"href":"https:\/\/www.europesays.com\/fr\/wp-json\/wp\/v2\/tags?post=613419"}],"curies":[{"name":"wp","href":"https:\/\/api.w.org\/{rel}","templated":true}]}}