{"id":613421,"date":"2025-12-21T08:35:16","date_gmt":"2025-12-21T08:35:16","guid":{"rendered":"https:\/\/www.europesays.com\/fr\/613421\/"},"modified":"2025-12-21T08:35:16","modified_gmt":"2025-12-21T08:35:16","slug":"pres-de-rouen-ou-en-est-la-maison-dautresme","status":"publish","type":"post","link":"https:\/\/www.europesays.com\/fr\/613421\/","title":{"rendered":"pr\u00e8s de Rouen, o\u00f9 en est la Maison Dautresme\u00a0?"},"content":{"rendered":"<p>                    Par<br \/>\n        <strong><br \/>\n            <a href=\"https:\/\/actu.fr\/auteur\/aurelien-delavaud\" title=\"Consulter tous les articles de Aur\u00e9lien Delavaud\" target=\"_blank\" rel=\"noopener\">Aur\u00e9lien Delavaud<\/a><br \/>\n                    <\/strong><\/p>\n<p>        Publi\u00e9 le<\/p>\n<p>            21 d\u00e9c. 2025 \u00e0 9h33        <\/p>\n<p>Sa fa\u00e7ade remarquable n\u2019a pas boug\u00e9, depuis deux ans. Ni pour le pire, alors que la <b>b\u00e2tisse<\/b> est inhabit\u00e9e et laiss\u00e9e en l\u2019\u00e9tat depuis longtemps, ni pour le mieux. Et pour cause : deux ans apr\u00e8s <a href=\"https:\/\/actu.fr\/normandie\/elbeuf_76231\/elbeuf-qui-veut-redonner-son-lustre-dantan-a-la-maison-dautresme_60300302.html\" target=\"_blank\" rel=\"noopener\">la consultation lanc\u00e9e par la M\u00e9tropole Rouen Normandie<\/a>, la <b>Maison Dautresme<\/b>, cette demeure situ\u00e9e \u00e0 la limite entre <a href=\"https:\/\/actu.fr\/normandie\/elbeuf_76231\" target=\"_blank\" rel=\"noopener\">Elbeuf (Seine-Maritime)<\/a> et Caudebec, n\u2019a toujours pas trouv\u00e9 preneur. Et son avenir semble encore bien flou.<\/p>\n<p>\u00ab Diff\u00e9rentes hypoth\u00e8ses \u00bb \u00e0 l\u2019\u00e9tude<\/p>\n<p class=\" wall-content\">Petit retour en arri\u00e8re. \u00c0 l\u2019automne 2023, la M\u00e9tropole d\u00e9cide de mettre cette maison \u00e0 l\u2019<b>architecture<\/b> qui sort de l\u2019ordinaire en vente, pour essayer de trouver un <b>porteur de projet<\/b> \u00e0 m\u00eame de la <b>r\u00e9nover<\/b> et de lui donner une seconde vie. \u00c0 l\u2019\u00e9poque, une seule personne s\u2019\u00e9tait montr\u00e9e int\u00e9ress\u00e9e, mais son offre, jug\u00e9e trop basse, n\u2019avait pas \u00e9t\u00e9 retenue.<\/p>\n<p>    <img   decoding=\"async\" loading=\"lazy\" class=\"size-large\" src=\"https:\/\/www.europesays.com\/fr\/wp-content\/uploads\/2025\/12\/72057ed8f8456c6057ed8f8459a057v-960x640.jpg\" alt=\"Maison Dautresme Elbeuf\" width=\"960\" height=\"640\"\/><br \/>\n    La fa\u00e7ade et ses \u00e9l\u00e9ments d\u00e9coratifs sont l\u2019un des symboles de la Maison Dautresme. \u00a9Archives \/ Le Journal d\u2019Elbeuf<\/p>\n<p class=\" wall-content\">Un an plus tard, en novembre\u00a02024, <a href=\"https:\/\/actu.fr\/normandie\/elbeuf_76231\/pres-de-rouen-pour-cette-maison-remarquable-et-abandonnee-lavenir-reste-flou_61887358.html\" target=\"_blank\" rel=\"noopener\">le projet \u00e9tait toujours \u00e0 l\u2019arr\u00eat<\/a>. Consult\u00e9e, la collectivit\u00e9 r\u00e9pondait qu\u2019elle r\u00e9fl\u00e9chissait \u00e0 \u00ab red\u00e9finir le p\u00e9rim\u00e8tre et les orientations du projet, pour aboutir, peut-\u00eatre, \u00e0 une nouvelle consultation en 2025 \u00bb.<\/p>\n<p class=\" wall-content\">Alors, qu\u2019en est-il finalement, \u00e0 la fin de cette ann\u00e9e 2025 ? Selon nos informations, ce n\u2019est pas le statu quo, mais ce n\u2019est pas loin.<\/p>\n<blockquote class=\"ac-article-quote wall-content\">\n<p>\u00c0 ce stade aucune nouvelle consultation pour cession de la maison n\u2019est programm\u00e9e.<\/p>\n<p>La M\u00e9tropole<\/p><\/blockquote>\n<p class=\" wall-content\">En revanche, elle assure que le dossier n\u2019a pas \u00e9t\u00e9 enterr\u00e9 et qu\u2019il fait toujours l\u2019objet de <b>discussions<\/b> entre la M\u00e9tropole et la ville d\u2019Elbeuf.<\/p>\n<p>Votre r\u00e9gion, votre actu !<\/p>\n<p>Recevez chaque jour les infos qui comptent pour vous.<\/p>\n<p>\t<a href=\"https:\/\/actu.fr\/newsletter\" class=\"ac-btn ac-btn--corner ac-btn--medium ac-btn--blue800\" target=\"_blank\" rel=\"noopener\">S&rsquo;incrire<\/a><\/p>\n<p class=\" wall-content\">\u00ab Diff\u00e9rentes hypoth\u00e8ses afin de trouver une solution \u00e9conomiquement viable pour ce bien et qui puisse r\u00e9pondre \u00e0 des besoins identifi\u00e9s en mati\u00e8re d\u2019habitat sur la commune \u00bb sont m\u00eame \u00e0 l\u2019\u00e9tude, toujours selon la M\u00e9tropole.<\/p>\n<p class=\" wall-content\">En attendant, la Maison Dautresme, elle, attend toujours de conna\u00eetre l\u2019avenir qui lui sera r\u00e9serv\u00e9. Apr\u00e8s tout, la b\u00e2tisse du d\u00e9but du XXe si\u00e8cle n\u2019est plus \u00e0 quelques mois ou ann\u00e9es pr\u00e8s.<\/p>\n<p class=\" wall-content\">Personnalisez votre actualit\u00e9 en ajoutant vos villes et m\u00e9dias en favori avec <a href=\"https:\/\/moncompte.actu.fr\" title=\"D\u00e9couvez Mon Actu\" rel=\"nofollow noopener\" data-trk=\"{&quot;cta&quot;:{&quot;action&quot;:&quot;https:\\\/\\\/moncompte.actu.fr&quot;,&quot;category&quot;:&quot;mon compte&quot;,&quot;from&quot;:&quot;article footer&quot;,&quot;name&quot;:&quot;Mon actu&quot;,&quot;type&quot;:&quot;cta&quot;}}\" target=\"_blank\">Mon Actu<\/a>.<\/p>\n","protected":false},"excerpt":{"rendered":"Par Aur\u00e9lien Delavaud Publi\u00e9 le 21 d\u00e9c. 2025 \u00e0 9h33 Sa fa\u00e7ade remarquable n\u2019a pas boug\u00e9, depuis deux&hellip;\n","protected":false},"author":2,"featured_media":613422,"comment_status":"","ping_status":"","sticky":false,"template":"","format":"standard","meta":{"footnotes":""},"categories":[9587],"tags":[1111,11,1777,674,1011,27,12,5161,2551,25,9590,104,1352],"class_list":{"0":"post-613421","1":"post","2":"type-post","3":"status-publish","4":"format-standard","5":"has-post-thumbnail","7":"category-rouen","8":"tag-actu","9":"tag-actualites","10":"tag-eu","11":"tag-europe","12":"tag-fr","13":"tag-france","14":"tag-news","15":"tag-normandie","16":"tag-patrimoine","17":"tag-republique-francaise","18":"tag-rouen","19":"tag-societe","20":"tag-urbanisme"},"share_on_mastodon":{"url":"https:\/\/pubeurope.com\/@fr\/115756645119525591","error":""},"_links":{"self":[{"href":"https:\/\/www.europesays.com\/fr\/wp-json\/wp\/v2\/posts\/613421","targetHints":{"allow":["GET"]}}],"collection":[{"href":"https:\/\/www.europesays.com\/fr\/wp-json\/wp\/v2\/posts"}],"about":[{"href":"https:\/\/www.europesays.com\/fr\/wp-json\/wp\/v2\/types\/post"}],"author":[{"embeddable":true,"href":"https:\/\/www.europesays.com\/fr\/wp-json\/wp\/v2\/users\/2"}],"replies":[{"embeddable":true,"href":"https:\/\/www.europesays.com\/fr\/wp-json\/wp\/v2\/comments?post=613421"}],"version-history":[{"count":0,"href":"https:\/\/www.europesays.com\/fr\/wp-json\/wp\/v2\/posts\/613421\/revisions"}],"wp:featuredmedia":[{"embeddable":true,"href":"https:\/\/www.europesays.com\/fr\/wp-json\/wp\/v2\/media\/613422"}],"wp:attachment":[{"href":"https:\/\/www.europesays.com\/fr\/wp-json\/wp\/v2\/media?parent=613421"}],"wp:term":[{"taxonomy":"category","embeddable":true,"href":"https:\/\/www.europesays.com\/fr\/wp-json\/wp\/v2\/categories?post=613421"},{"taxonomy":"post_tag","embeddable":true,"href":"https:\/\/www.europesays.com\/fr\/wp-json\/wp\/v2\/tags?post=613421"}],"curies":[{"name":"wp","href":"https:\/\/api.w.org\/{rel}","templated":true}]}}