{"id":613423,"date":"2025-12-21T08:40:05","date_gmt":"2025-12-21T08:40:05","guid":{"rendered":"https:\/\/www.europesays.com\/fr\/613423\/"},"modified":"2025-12-21T08:40:05","modified_gmt":"2025-12-21T08:40:05","slug":"une-femme-condamnee-pour-agressions-sexuelles-sur-un-adolescent-de-14-ans-2","status":"publish","type":"post","link":"https:\/\/www.europesays.com\/fr\/613423\/","title":{"rendered":"une femme condamn\u00e9e pour agressions sexuelles sur un adolescent de 14 ans"},"content":{"rendered":"<p itemprop=\"description\"><strong>La cour criminelle de l\u2019Is\u00e8re a condamn\u00e9 ce vendredi une femme \u00e0 8 ans de prison pour avoir abus\u00e9 sexuellement d\u2019un adolescent de 14 ans, membre de la famille qui l&rsquo;h\u00e9bergeait.<\/strong><\/p>\n<p>Drame au sein de la communaut\u00e9 \u00e9vang\u00e9liste is\u00e9roise.<\/p>\n<p>Une quadrag\u00e9naire a \u00e9t\u00e9 reconnue coupable de viols et d\u2019agressions sexuelles sur un mineur de 14 ans et condamn\u00e9e \u00e0 huit ans de r\u00e9clusion, assortis de six ans de suivi sociojudiciaire par la cour criminelle de l\u2019Is\u00e8re.<\/p>\n<p>La victime faisait partie de la famille qui avait accueilli la femme cinq ans plus t\u00f4t, qui travaillait \u00e0 temps partiel pour l\u2019\u00e9glise \u00e9vang\u00e9liste locale.<\/p>\n<p>Au fil des ann\u00e9es, un des fr\u00e8res de l\u2019adolescent a d\u00e9couvert des \u00e9changes de messages r\u00e9v\u00e9lant des relations sexuelles nocturnes entre la p\u00e9docriminelle et sa victime.<\/p>\n<p>L\u2019avocat g\u00e9n\u00e9ral a d\u00e9nonc\u00e9 une exploitation de l\u2019adolescent \u00e0 des fins de plaisir personnel et avait requis neuf ans de prison et cinq ans de suivi sociojudiciaire. La cour a finalement prononc\u00e9 huit ans de r\u00e9clusion criminelle, accompagn\u00e9s d\u2019une interdiction d\u00e9finitive de contact avec des mineurs, d\u2019un mandat de d\u00e9p\u00f4t et du suivi sociojudiciaire.<\/p>\n<p>La p\u00e9docriminelle avait d\u00e9j\u00e0 \u00e9t\u00e9 plac\u00e9e sous bracelet \u00e9lectronique apr\u00e8s 52 jours de d\u00e9tention provisoire en 2021 et a \u00e9t\u00e9 de nouveau incarc\u00e9r\u00e9e.<\/p>\n","protected":false},"excerpt":{"rendered":"La cour criminelle de l\u2019Is\u00e8re a condamn\u00e9 ce vendredi une femme \u00e0 8 ans de prison pour avoir&hellip;\n","protected":false},"author":2,"featured_media":611832,"comment_status":"","ping_status":"","sticky":false,"template":"","format":"standard","meta":{"footnotes":""},"categories":[9566],"tags":[1111,11,2813,2430,1109,251,1112,2811,1777,674,118,1011,27,21780,2731,14004,1922,1110,1114,108,12,316,25,2812,517,800],"class_list":{"0":"post-613423","1":"post","2":"type-post","3":"status-publish","4":"format-standard","5":"has-post-thumbnail","7":"category-grenoble","8":"tag-actu","9":"tag-actualites","10":"tag-article","11":"tag-auvergne-rhone-alpes","12":"tag-breves","13":"tag-culture","14":"tag-depeches","15":"tag-economique","16":"tag-eu","17":"tag-europe","18":"tag-faits-divers","19":"tag-fr","20":"tag-france","21":"tag-gf38","22":"tag-grenoble","23":"tag-grenoblemag","24":"tag-info","25":"tag-informations","26":"tag-infos","27":"tag-isere","28":"tag-news","29":"tag-politique","30":"tag-republique-francaise","31":"tag-sociale","32":"tag-sport","33":"tag-transports"},"share_on_mastodon":{"url":"https:\/\/pubeurope.com\/@fr\/115756664410019193","error":""},"_links":{"self":[{"href":"https:\/\/www.europesays.com\/fr\/wp-json\/wp\/v2\/posts\/613423","targetHints":{"allow":["GET"]}}],"collection":[{"href":"https:\/\/www.europesays.com\/fr\/wp-json\/wp\/v2\/posts"}],"about":[{"href":"https:\/\/www.europesays.com\/fr\/wp-json\/wp\/v2\/types\/post"}],"author":[{"embeddable":true,"href":"https:\/\/www.europesays.com\/fr\/wp-json\/wp\/v2\/users\/2"}],"replies":[{"embeddable":true,"href":"https:\/\/www.europesays.com\/fr\/wp-json\/wp\/v2\/comments?post=613423"}],"version-history":[{"count":0,"href":"https:\/\/www.europesays.com\/fr\/wp-json\/wp\/v2\/posts\/613423\/revisions"}],"wp:featuredmedia":[{"embeddable":true,"href":"https:\/\/www.europesays.com\/fr\/wp-json\/wp\/v2\/media\/611832"}],"wp:attachment":[{"href":"https:\/\/www.europesays.com\/fr\/wp-json\/wp\/v2\/media?parent=613423"}],"wp:term":[{"taxonomy":"category","embeddable":true,"href":"https:\/\/www.europesays.com\/fr\/wp-json\/wp\/v2\/categories?post=613423"},{"taxonomy":"post_tag","embeddable":true,"href":"https:\/\/www.europesays.com\/fr\/wp-json\/wp\/v2\/tags?post=613423"}],"curies":[{"name":"wp","href":"https:\/\/api.w.org\/{rel}","templated":true}]}}