{"id":613425,"date":"2025-12-21T08:42:18","date_gmt":"2025-12-21T08:42:18","guid":{"rendered":"https:\/\/www.europesays.com\/fr\/613425\/"},"modified":"2025-12-21T08:42:18","modified_gmt":"2025-12-21T08:42:18","slug":"pas-de-pot-pour-la-poule","status":"publish","type":"post","link":"https:\/\/www.europesays.com\/fr\/613425\/","title":{"rendered":"Pas de pot pour la poule\u2009!"},"content":{"rendered":"<p style=\"text-align: justify;\"><strong>Rennes, 21 d\u00e9cembre, 9 h 40.<\/strong> Hier soir, 20 d\u00e9cembre, la foule \u00e9tait nombreuse pour assister aux traditionnelles illuminations propos\u00e9es par la Ville de Rennes et la compagnie Spectaculaires. \u00c0 18 h 30, le public se pressait devant l\u2019h\u00f4tel de ville pour d\u00e9couvrir cette nouvelle \u00e9dition. Mais beaucoup se sont vite questionn\u00e9s ! \u00ab\u2009Tiens, la fa\u00e7ade droite n\u2019est pas illumin\u00e9e\u2026 C\u2019est peut-\u00eatre fait expr\u00e8s\u2009? Une r\u00e9duction de budget\u2009?\u2009\u00bb s\u2019\u00e9tonnait une passante. \u00ab\u2009La maire doit travailler au lancement de sa campagne municipale. Les organisateurs veulent peut-\u00eatre \u00e9viter de la d\u00e9ranger\u2009\u00bb, ironisait un autre.<\/p>\n<p><img fetchpriority=\"high\" decoding=\"async\" class=\"wp-image-108968 size-medium\" src=\"data:image\/svg+xml,%3Csvg%20xmlns=\" http:=\"\" alt=\"\" width=\"600\" height=\"346\" data-wp-pid=\"108968\" data-lazy- data-lazy- data-lazy-src=\"https:\/\/www.europesays.com\/fr\/wp-content\/uploads\/2025\/12\/IMG_4912-600x346.jpg\"\/>Sans doute une panne de projecteurs,\u00a0\u00bb confiait un passant.<\/p>\n<p style=\"text-align: justify;\">\u00c0 21 heures, le spectacle \u00e9tait tout bonnement annul\u00e9 (notre photo). Interrog\u00e9e par nos soins via ses diff\u00e9rents canaux de communication, la compagnie n\u2019avait pas encore r\u00e9pondu \u00e0 nos sollicitations, ce matin, \u00e0 9 h. Nul doute qu\u2019elle fera tout pour relancer sa cr\u00e9ation d\u00e8s ce soir. Plus qu\u2019un simple \u00e9v\u00e9nement visuel, il s\u2019agit d\u2019un rituel collectif, souvent v\u00e9cu en famille, et transmis de g\u00e9n\u00e9ration en g\u00e9n\u00e9ration. \u00ab\u2009J\u2019ai pris conscience de cette dimension affective en \u00e9changeant avec un jeune adulte me racontant avoir grandi avec ces projections\u2009\u00bb, indiquait Beno\u00eet Qu\u00e9ro, pr\u00e9sident de la soci\u00e9t\u00e9 Spectaculaires \u00e0 l\u2019origine du show, dans nos colonnes..<\/p>\n<p style=\"text-align: justify;\">Pour l\u2019\u00e9dition\u00a02025, la narration s\u2019articule autour d\u2019un personnage inattendu\u00a0: la poule Coucou. Jadis famili\u00e8re des campagnes rennaises avant de dispara\u00eetre presque totalement, elle fait son grand retour sous la forme d\u2019une h\u00e9ro\u00efne po\u00e9tique. Dans l\u2019histoire imagin\u00e9e par Spectaculaires, l\u2019animal quitte l\u2019\u00e9comus\u00e9e de la Bintinais, attir\u00e9 par l\u2019\u00e9clat et la beaut\u00e9 des illuminations. \u00ab\u2009Avec malice, la petite poule d\u00e9cide de faire le mur pour partir \u00e0 la d\u00e9couverte de la ville. Elle traverse tour \u00e0 tour l\u2019univers d\u2019Odorico, le jardin du Thabor, les mus\u00e9es rennais ou encore l\u2019Op\u00e9ra\u2009\u00bb, raconte Beno\u00eet Qu\u00e9ro.<\/p>\n<p><img loading=\"lazy\" decoding=\"async\" class=\"wp-image-108969 size-medium\" src=\"data:image\/svg+xml,%3Csvg%20xmlns=\" http:=\"\" alt=\"\" width=\"600\" height=\"400\" data-wp-pid=\"108969\" data-lazy- data-lazy- data-lazy-src=\"https:\/\/www.europesays.com\/fr\/wp-content\/uploads\/2025\/12\/IMG_4926-600x400.jpg\"\/>Un joyeuses f\u00eates amput\u00e9 !<\/p>\n<p style=\"text-align: justify;\">\u00c0 travers ce voyage anim\u00e9, le spectacle met en lumi\u00e8re le patrimoine local et invite le public \u00e0 red\u00e9couvrir Rennes sous un angle onirique, port\u00e9 par une bande-son m\u00ealant musique et chants. \u00ab\u2009Cette \u00e9dition s\u2019inscrit dans une collaboration de longue date entre la municipalit\u00e9 et Spectaculaires, dont l\u2019ambition reste inchang\u00e9e depuis vingt ans. Nous voulons permettre \u00e0 chacun d\u2019oublier la grisaille, le temps d\u2019une projection, gr\u00e2ce \u00e0 la po\u00e9sie visuelle\u2009\u00bb, se f\u00e9licite le pr\u00e9sident de la compagnie.<\/p>\n<p style=\"text-align: justify;\">Fond\u00e9e \u00e0 Rennes, la soci\u00e9t\u00e9 Spectaculaires \u2014 Allumeurs d\u2019Images d\u00e9ploie aujourd\u2019hui son savoir-faire bien au-del\u00e0 des illuminations de l\u2019H\u00f4tel de Ville. L\u2019entreprise con\u00e7oit des spectacles monumentaux, des parcours nocturnes immersifs et des mises en lumi\u00e8re \u00e9v\u00e9nementielles sur des sites patrimoniaux, en France comme \u00e0 l\u2019international. Tous les soirs, place de la Mairie, \u00e0 partir de 18\u00a0h (en continu toutes les 20\u00a0minutes) jusqu\u2019\u00e0 21\u00a0h\u00a040. Dur\u00e9e\u00a0: 12\u00a0minutes. Extinction des feux le 4\u00a0janvier.<\/p>\n","protected":false},"excerpt":{"rendered":"Rennes, 21 d\u00e9cembre, 9 h 40. Hier soir, 20 d\u00e9cembre, la foule \u00e9tait nombreuse pour assister aux traditionnelles&hellip;\n","protected":false},"author":2,"featured_media":613426,"comment_status":"","ping_status":"","sticky":false,"template":"","format":"standard","meta":{"footnotes":""},"categories":[2821],"tags":[1111,11,829,1777,674,1011,27,12,584,25],"class_list":{"0":"post-613425","1":"post","2":"type-post","3":"status-publish","4":"format-standard","5":"has-post-thumbnail","7":"category-rennes","8":"tag-actu","9":"tag-actualites","10":"tag-bretagne","11":"tag-eu","12":"tag-europe","13":"tag-fr","14":"tag-france","15":"tag-news","16":"tag-rennes","17":"tag-republique-francaise"},"share_on_mastodon":{"url":"https:\/\/pubeurope.com\/@fr\/115756672285867261","error":""},"_links":{"self":[{"href":"https:\/\/www.europesays.com\/fr\/wp-json\/wp\/v2\/posts\/613425","targetHints":{"allow":["GET"]}}],"collection":[{"href":"https:\/\/www.europesays.com\/fr\/wp-json\/wp\/v2\/posts"}],"about":[{"href":"https:\/\/www.europesays.com\/fr\/wp-json\/wp\/v2\/types\/post"}],"author":[{"embeddable":true,"href":"https:\/\/www.europesays.com\/fr\/wp-json\/wp\/v2\/users\/2"}],"replies":[{"embeddable":true,"href":"https:\/\/www.europesays.com\/fr\/wp-json\/wp\/v2\/comments?post=613425"}],"version-history":[{"count":0,"href":"https:\/\/www.europesays.com\/fr\/wp-json\/wp\/v2\/posts\/613425\/revisions"}],"wp:featuredmedia":[{"embeddable":true,"href":"https:\/\/www.europesays.com\/fr\/wp-json\/wp\/v2\/media\/613426"}],"wp:attachment":[{"href":"https:\/\/www.europesays.com\/fr\/wp-json\/wp\/v2\/media?parent=613425"}],"wp:term":[{"taxonomy":"category","embeddable":true,"href":"https:\/\/www.europesays.com\/fr\/wp-json\/wp\/v2\/categories?post=613425"},{"taxonomy":"post_tag","embeddable":true,"href":"https:\/\/www.europesays.com\/fr\/wp-json\/wp\/v2\/tags?post=613425"}],"curies":[{"name":"wp","href":"https:\/\/api.w.org\/{rel}","templated":true}]}}