{"id":613433,"date":"2025-12-21T08:46:21","date_gmt":"2025-12-21T08:46:21","guid":{"rendered":"https:\/\/www.europesays.com\/fr\/613433\/"},"modified":"2025-12-21T08:46:21","modified_gmt":"2025-12-21T08:46:21","slug":"logc-nice-active-une-piste-defensive-en-bundesliga","status":"publish","type":"post","link":"https:\/\/www.europesays.com\/fr\/613433\/","title":{"rendered":"L&rsquo;OGC Nice active une piste d\u00e9fensive en Bundesliga"},"content":{"rendered":"<p><strong>Les dirigeants de l\u2019OGC Nice auraient activ\u00e9 une piste en Bundesliga pour d\u00e9nicher un nouveau d\u00e9fenseur.<\/strong><\/p>\n<p>Le mercato hivernal de l\u2019<strong><a href=\"https:\/\/www.les-transferts.com\/club\/nice\/\" target=\"_blank\" rel=\"noopener\">OGC Nice<\/a><\/strong> devrait \u00eatre important. Les Aiglons souhaiteraient apporter quelques retouches afin de remontrer au classement en Ligue 1. Ils aimeraient renforcer leur secteur d\u00e9fensif. Pour cela, une piste serait \u00e0 l\u2019\u00e9tude du c\u00f4t\u00e9 de l\u2019Allemagne.<\/p>\n<p>Selon les informations de L\u2019Equipe, ils se seraient positionn\u00e9s sur <strong><a href=\"https:\/\/www.les-transferts.com\/joueur\/aurele-amenda\/\" target=\"_blank\" rel=\"noopener\">Aur\u00e8le Amenda<\/a><\/strong>. D\u00e9fenseur central de 22 ans, ce dernier \u00e9volue sous le maillot de l\u2019<strong><a href=\"https:\/\/www.les-transferts.com\/club\/eintracht-francfort\/\" target=\"_blank\" rel=\"noopener\">Eintracht Francfort<\/a><\/strong>. Le contrat de l\u2019international suisse (4 s\u00e9lections) se termine en juin 2029.<\/p>\n<p>Arriv\u00e9 en 2024 en provenance des <strong>Young Boys <\/strong>pour 9,5 millions d\u2019euros, le natif de Biel peine \u00e0 avoir du temps de jeu. Cette saison, il a fait onze apparitions pour seulement 376 minutes de jeu. Aujourd\u2019hui, le site transfermarkt valorise le joueur \u00e0 six millions d\u2019euros.<\/p>\n<p>Diego Maradona, Pablo Aimar, Javier Pastore, Lionel Messi, Juan Roman Riquelme, que des num\u00e9ros 10 dans ma team.<\/p>\n","protected":false},"excerpt":{"rendered":"Les dirigeants de l\u2019OGC Nice auraient activ\u00e9 une piste en Bundesliga pour d\u00e9nicher un nouveau d\u00e9fenseur. Le mercato&hellip;\n","protected":false},"author":2,"featured_media":613434,"comment_status":"","ping_status":"","sticky":false,"template":"","format":"standard","meta":{"footnotes":""},"categories":[2819],"tags":[1111,11,1777,674,1011,27,12,2401,882,25],"class_list":{"0":"post-613433","1":"post","2":"type-post","3":"status-publish","4":"format-standard","5":"has-post-thumbnail","7":"category-nice","8":"tag-actu","9":"tag-actualites","10":"tag-eu","11":"tag-europe","12":"tag-fr","13":"tag-france","14":"tag-news","15":"tag-nice","16":"tag-provence-alpes-cote-dazur","17":"tag-republique-francaise"},"share_on_mastodon":{"url":"https:\/\/pubeurope.com\/@fr\/115756687926574365","error":""},"_links":{"self":[{"href":"https:\/\/www.europesays.com\/fr\/wp-json\/wp\/v2\/posts\/613433","targetHints":{"allow":["GET"]}}],"collection":[{"href":"https:\/\/www.europesays.com\/fr\/wp-json\/wp\/v2\/posts"}],"about":[{"href":"https:\/\/www.europesays.com\/fr\/wp-json\/wp\/v2\/types\/post"}],"author":[{"embeddable":true,"href":"https:\/\/www.europesays.com\/fr\/wp-json\/wp\/v2\/users\/2"}],"replies":[{"embeddable":true,"href":"https:\/\/www.europesays.com\/fr\/wp-json\/wp\/v2\/comments?post=613433"}],"version-history":[{"count":0,"href":"https:\/\/www.europesays.com\/fr\/wp-json\/wp\/v2\/posts\/613433\/revisions"}],"wp:featuredmedia":[{"embeddable":true,"href":"https:\/\/www.europesays.com\/fr\/wp-json\/wp\/v2\/media\/613434"}],"wp:attachment":[{"href":"https:\/\/www.europesays.com\/fr\/wp-json\/wp\/v2\/media?parent=613433"}],"wp:term":[{"taxonomy":"category","embeddable":true,"href":"https:\/\/www.europesays.com\/fr\/wp-json\/wp\/v2\/categories?post=613433"},{"taxonomy":"post_tag","embeddable":true,"href":"https:\/\/www.europesays.com\/fr\/wp-json\/wp\/v2\/tags?post=613433"}],"curies":[{"name":"wp","href":"https:\/\/api.w.org\/{rel}","templated":true}]}}