{"id":613480,"date":"2025-12-21T09:18:20","date_gmt":"2025-12-21T09:18:20","guid":{"rendered":"https:\/\/www.europesays.com\/fr\/613480\/"},"modified":"2025-12-21T09:18:20","modified_gmt":"2025-12-21T09:18:20","slug":"un-vol-air-france-paris-ajaccio-deroute-vers-lyon-apres-un-probleme-technique","status":"publish","type":"post","link":"https:\/\/www.europesays.com\/fr\/613480\/","title":{"rendered":"un vol Air France Paris-Ajaccio d\u00e9rout\u00e9 vers Lyon apr\u00e8s un \u00ab probl\u00e8me technique \u00bb"},"content":{"rendered":"<p>AA \/ Istanbul \/ Adama Bamba<\/p>\n<p>Un vol de la compagnie Air France reliant l\u2019a\u00e9roport de Paris-Orly \u00e0 Ajaccio a \u00e9t\u00e9 d\u00e9rout\u00e9 samedi vers Lyon, apr\u00e8s un peu plus de 35 minutes de vol, en raison d\u2019un \u00ab probl\u00e8me technique \u00bb affectant l\u2019Airbus A320, selon des informations rapport\u00e9es par le m\u00e9dia fran\u00e7ais BFMTV.<\/p>\n<p>La compagnie a\u00e9rienne a confirm\u00e9 que l\u2019\u00e9quipage du vol AF7562 avait d\u00e9cid\u00e9 de se d\u00e9router par mesure de pr\u00e9caution, conform\u00e9ment aux proc\u00e9dures du constructeur et aux consignes internes d\u2019Air France. Aucun d\u00e9tail suppl\u00e9mentaire n\u2019a toutefois \u00e9t\u00e9 communiqu\u00e9 sur la nature exacte de l\u2019incident.<\/p>\n<p>Selon des t\u00e9moignages recueillis par le quotidien Corse-Matin et la radio RTL, des passagers ont \u00e9voqu\u00e9 un d\u00e9part de feu au niveau d\u2019une aile de l\u2019appareil, accompagn\u00e9 d\u2019une perte rapide de vitesse, provoquant un moment de panique \u00e0 bord.<\/p>\n<p>\u00ab D\u2019un coup, l\u2019avion a chut\u00e9. Les boutons s\u2019allumaient, tout clignotait \u00bb, a racont\u00e9 une passag\u00e8re \u00e0 RTL, d\u00e9crivant une sc\u00e8ne de grande inqui\u00e9tude parmi les voyageurs, certains craignant un crash imminent.<\/p>\n<p>S\u2019exprimant sur BFMTV, le r\u00e9dacteur en chef de Corse-Matin, Henri Mariani, a fait \u00e9tat d\u2019\u00ab une sc\u00e8ne assez angoissante \u00bb, marqu\u00e9e par \u00ab beaucoup de cris \u00bb, \u00ab pas mal de panique \u00bb et un personnel de bord visiblement sous tension, tout en pr\u00e9cisant qu\u2019aucun bless\u00e9 n\u2019\u00e9tait \u00e0 d\u00e9plorer.<\/p>\n<p>Air France a indiqu\u00e9 que l\u2019avion s\u2019\u00e9tait pos\u00e9 \u00ab normalement \u00bb \u00e0 Lyon \u00e0 18h25. Les passagers ont ensuite \u00e9t\u00e9 pris en charge et ont embarqu\u00e9 \u00e0 bord d\u2019un nouvel appareil \u00e0 21h45 \u00e0 destination de Bastia, avant d\u2019\u00eatre transf\u00e9r\u00e9s par bus vers Ajaccio. \u00ab Air France regrette les d\u00e9sagr\u00e9ments li\u00e9s \u00e0 cette situation et rappelle que la s\u00e9curit\u00e9 de ses clients et de ses \u00e9quipages est son imp\u00e9ratif absolu \u00bb, a soulign\u00e9 la compagnie.<\/p>\n","protected":false},"excerpt":{"rendered":"AA \/ Istanbul \/ Adama Bamba Un vol de la compagnie Air France reliant l\u2019a\u00e9roport de Paris-Orly \u00e0&hellip;\n","protected":false},"author":2,"featured_media":613481,"comment_status":"","ping_status":"","sticky":false,"template":"","format":"standard","meta":{"footnotes":""},"categories":[4],"tags":[11,1816,5622,1785,1011,27,2428,12,25],"class_list":{"0":"post-613480","1":"post","2":"type-post","3":"status-publish","4":"format-standard","5":"has-post-thumbnail","7":"category-france","8":"tag-actualites","9":"tag-air-france","10":"tag-ajaccio","11":"tag-anadolu-ajansi","12":"tag-fr","13":"tag-france","14":"tag-lyon","15":"tag-news","16":"tag-republique-francaise"},"share_on_mastodon":{"url":"https:\/\/pubeurope.com\/@fr\/115756813714131971","error":""},"_links":{"self":[{"href":"https:\/\/www.europesays.com\/fr\/wp-json\/wp\/v2\/posts\/613480","targetHints":{"allow":["GET"]}}],"collection":[{"href":"https:\/\/www.europesays.com\/fr\/wp-json\/wp\/v2\/posts"}],"about":[{"href":"https:\/\/www.europesays.com\/fr\/wp-json\/wp\/v2\/types\/post"}],"author":[{"embeddable":true,"href":"https:\/\/www.europesays.com\/fr\/wp-json\/wp\/v2\/users\/2"}],"replies":[{"embeddable":true,"href":"https:\/\/www.europesays.com\/fr\/wp-json\/wp\/v2\/comments?post=613480"}],"version-history":[{"count":0,"href":"https:\/\/www.europesays.com\/fr\/wp-json\/wp\/v2\/posts\/613480\/revisions"}],"wp:featuredmedia":[{"embeddable":true,"href":"https:\/\/www.europesays.com\/fr\/wp-json\/wp\/v2\/media\/613481"}],"wp:attachment":[{"href":"https:\/\/www.europesays.com\/fr\/wp-json\/wp\/v2\/media?parent=613480"}],"wp:term":[{"taxonomy":"category","embeddable":true,"href":"https:\/\/www.europesays.com\/fr\/wp-json\/wp\/v2\/categories?post=613480"},{"taxonomy":"post_tag","embeddable":true,"href":"https:\/\/www.europesays.com\/fr\/wp-json\/wp\/v2\/tags?post=613480"}],"curies":[{"name":"wp","href":"https:\/\/api.w.org\/{rel}","templated":true}]}}