{"id":613518,"date":"2025-12-21T09:46:12","date_gmt":"2025-12-21T09:46:12","guid":{"rendered":"https:\/\/www.europesays.com\/fr\/613518\/"},"modified":"2025-12-21T09:46:12","modified_gmt":"2025-12-21T09:46:12","slug":"la-tournee-2026-de-la-star-ac-sarretera-au-nancy-open-air","status":"publish","type":"post","link":"https:\/\/www.europesays.com\/fr\/613518\/","title":{"rendered":"La tourn\u00e9e 2026 de la Star Ac s\u2019arr\u00eatera au Nancy Open Air"},"content":{"rendered":"\n<p>Une id\u00e9e de cadeau de \u00ab\u00a0presque\u00a0\u00bb derni\u00e8re minute est arriv\u00e9e ce vendredi 19 d\u00e9cembre. Et comme souvent ces derniers jours, cette bonne nouvelle nous vient du <strong>Nancy Open Air<\/strong>.\u00a0<\/p>\n<p>Apr\u00e8s GIMS, <strong>Katy Perry<\/strong>, le Heavy Week End, <strong>Orelsan<\/strong>, Neil Young, le Roi Soleil, <strong>Tayc<\/strong>, Jok&rsquo;air, Bekaar et Dakeez.\u00a0<\/p>\n<p>La tourn\u00e9e 2026 de la <strong>Star Academy<\/strong> s&rsquo;arr\u00eatera au Nancy Open Air le dimanche<strong> 5 juillet<\/strong> 2026.<\/p>\n<p>La billetterie est d\u00e9j\u00e0 ouverte, achetez vos places en cliquant juste <a href=\"https:\/\/label-ln.trium.fr\/fr\/t\/-\/event\/65268\" rel=\"noopener\" target=\"_blank\">ici<\/a>.\u00a0<\/p>\n<p>\u00a0<\/p>\n","protected":false},"excerpt":{"rendered":"Une id\u00e9e de cadeau de \u00ab\u00a0presque\u00a0\u00bb derni\u00e8re minute est arriv\u00e9e ce vendredi 19 d\u00e9cembre. Et comme souvent ces&hellip;\n","protected":false},"author":2,"featured_media":613519,"comment_status":"","ping_status":"","sticky":false,"template":"","format":"standard","meta":{"footnotes":""},"categories":[9635],"tags":[1111,11,72436,72437,1777,674,1011,27,775,1114,776,6212,3457,5599,1702,12,1825,25,72435],"class_list":{"0":"post-613518","1":"post","2":"type-post","3":"status-publish","4":"format-standard","5":"has-post-thumbnail","7":"category-nancy","8":"tag-actu","9":"tag-actualites","10":"tag-bon-plans-metz","11":"tag-bon-plans-nancy","12":"tag-eu","13":"tag-europe","14":"tag-fr","15":"tag-france","16":"tag-grand-est","17":"tag-infos","18":"tag-lorraine","19":"tag-metz","20":"tag-meurthe-et-moselle","21":"tag-moselle","22":"tag-nancy","23":"tag-news","24":"tag-radio","25":"tag-republique-francaise","26":"tag-sorties-en-lorraine"},"share_on_mastodon":{"url":"https:\/\/pubeurope.com\/@fr\/115756924089565863","error":""},"_links":{"self":[{"href":"https:\/\/www.europesays.com\/fr\/wp-json\/wp\/v2\/posts\/613518","targetHints":{"allow":["GET"]}}],"collection":[{"href":"https:\/\/www.europesays.com\/fr\/wp-json\/wp\/v2\/posts"}],"about":[{"href":"https:\/\/www.europesays.com\/fr\/wp-json\/wp\/v2\/types\/post"}],"author":[{"embeddable":true,"href":"https:\/\/www.europesays.com\/fr\/wp-json\/wp\/v2\/users\/2"}],"replies":[{"embeddable":true,"href":"https:\/\/www.europesays.com\/fr\/wp-json\/wp\/v2\/comments?post=613518"}],"version-history":[{"count":0,"href":"https:\/\/www.europesays.com\/fr\/wp-json\/wp\/v2\/posts\/613518\/revisions"}],"wp:featuredmedia":[{"embeddable":true,"href":"https:\/\/www.europesays.com\/fr\/wp-json\/wp\/v2\/media\/613519"}],"wp:attachment":[{"href":"https:\/\/www.europesays.com\/fr\/wp-json\/wp\/v2\/media?parent=613518"}],"wp:term":[{"taxonomy":"category","embeddable":true,"href":"https:\/\/www.europesays.com\/fr\/wp-json\/wp\/v2\/categories?post=613518"},{"taxonomy":"post_tag","embeddable":true,"href":"https:\/\/www.europesays.com\/fr\/wp-json\/wp\/v2\/tags?post=613518"}],"curies":[{"name":"wp","href":"https:\/\/api.w.org\/{rel}","templated":true}]}}