{"id":613532,"date":"2025-12-21T09:54:14","date_gmt":"2025-12-21T09:54:14","guid":{"rendered":"https:\/\/www.europesays.com\/fr\/613532\/"},"modified":"2025-12-21T09:54:14","modified_gmt":"2025-12-21T09:54:14","slug":"hennebont-en-tete-rouen-et-roanne-en-embuscade-le-championnat-pro-sintensifie","status":"publish","type":"post","link":"https:\/\/www.europesays.com\/fr\/613532\/","title":{"rendered":"Hennebont en t\u00eate, Rouen et Roanne en embuscade : le championnat Pro s\u2019intensifie"},"content":{"rendered":"<p><strong>La sixi\u00e8me journ\u00e9e du championnat Pro a encore une fois offert un spectacle de haut niveau, avec des matchs disput\u00e9s simultan\u00e9ment \u00e0 travers toute la France. Entre duels acharn\u00e9s, retours attendus et jeunes talents r\u00e9v\u00e9l\u00e9s, le suspense \u00e9tait au rendez-vous.<\/strong><\/p>\n<p><strong>Thorign\u00e9-Fouillard 3-1 Alliance N\u00eemes\/Montpellier<\/strong><br \/>&#13;<br \/>\nNotre d\u00e9brief commence en Bretagne, \u00e0 Thorign\u00e9, avec la r\u00e9ception des champions de France en titre, l\u2019Alliance N\u00eemes\/Montpellier. Cette rencontre a notamment \u00e9t\u00e9 marqu\u00e9e par le retour \u00e0 la comp\u00e9tition d\u2019Est\u00e9ban Dorr, \u00e9loign\u00e9 des aires de jeu depuis sa blessure survenue apr\u00e8s sa m\u00e9daille en double aux Championnats du monde.<br \/>&#13;<br \/>\nDans une salle comble, Jules Rolland (n\u00b025) a livr\u00e9 une prestation de tr\u00e8s haut niveau en s\u2019imposant \u00e0 deux reprises, notamment face \u00e0 l\u2019Indien Manav Thakkar (n\u00b011). Le score a \u00e9t\u00e9 compl\u00e9t\u00e9 par la victoire de Noshad Alamiyan, vainqueur \u00e0 la belle contre Antoine Hachard.<\/p>\n<p>\u00c0 l\u2019issue de cette rencontre, Thorign\u00e9 remonte \u00e0 la 6\u1d49 place du classement, tandis que l\u2019Alliance N\u00eemes\/Montpellier quitte le podium et recule \u00e0 la 5\u1d49 position.<\/p>\n<p><img decoding=\"async\" alt=\"\" src=\"https:\/\/www.europesays.com\/fr\/wp-content\/uploads\/2025\/12\/DSC_0387.JPG\" style=\"height:49%; width:49%\"\/>\u00a0<img decoding=\"async\" alt=\"\" src=\"https:\/\/www.europesays.com\/fr\/wp-content\/uploads\/2025\/12\/DSC_0487.JPG\" style=\"height:49%; width:49%\"\/><\/p>\n<p style=\"text-align:center\">@TTFT<\/p>\n<p><strong>AS Pontoise-Cergy 0-3 Hennebont GV<\/strong><br \/>&#13;<br \/>\nLe leader actuel du championnat se d\u00e9pla\u00e7ait en \u00cele-de-France pour affronter une \u00e9quipe de Pontoise-Cergy en difficult\u00e9 au classement. Les Bretons ont fait le pari de la jeunesse en alignant pour la premi\u00e8re fois le pongiste chinois Wen Ruibo (18 ans, n\u00b013).\u00a0Un choix payant, avec trois performances individuelles marquantes. Wen Ruibo s\u2019est impos\u00e9 face \u00e0 Quadri Aruna (n\u00b05). De son c\u00f4t\u00e9, Vladimir Sidorenko (n\u00b021), pour sa septi\u00e8me victoire cons\u00e9cutive, a battu Lim Jonghoon (n\u00b014) \u00e0 la belle, prenant ainsi la t\u00eate du classement des meilleurs scoreurs du championnat. Le score a \u00e9t\u00e9 compl\u00e9t\u00e9 par la victoire de Lev Katsman (n\u00b031) face \u00e0 Alexandre Cassin (n\u00b027).<br \/>&#13;<br \/>\nAu classement, Pontoise-Cergy plonge et s\u2019installe dans la zone rouge avec 10 points, tandis que les Bretons d\u2019Hennebont s\u2019envolent en t\u00eate avec six points d\u2019avance sur leur poursuivant direct.<\/p>\n<p><strong>Les Loups d\u2019Angers 2-3 Caen TTC<\/strong><br \/>&#13;<br \/>\nLes Angevins recevaient la lanterne rouge normande pour un match pi\u00e9geux. Malgr\u00e9 une entame id\u00e9ale, marqu\u00e9e par la victoire de Jo\u00e3o Geraldo face \u00e0 Andrea Landrieu, la rencontre a rapidement bascul\u00e9. Le jeune Japonais Yu Kayama (23 ans, n\u00b072) s\u2019est illustr\u00e9 en signant deux performances de haut niveau contre Bastien Rembert (n\u00b049) et Jo\u00e3o Geraldo (n\u00b020).\u00a0Pour la deuxi\u00e8me fois de la saison, Angers a toutefois pu s\u2019appuyer sur sa formation pour recoller au score, gr\u00e2ce \u00e0 l\u2019exceptionnelle performance de Nathan Pilard (17 ans, n\u00b0181) face au double champion de France St\u00e9phane Ouaiche (n\u00b054).<br \/>&#13;<br \/>\nAu terme d\u2019une soir\u00e9e intense, Andrea Landrieu offre \u00e0 Caen une troisi\u00e8me victoire pr\u00e9cieuse, permettant \u00e0 l\u2019\u00e9quipe de grimper \u00e0 la 7\u1d49 place du classement, juste devant leurs adversaires du soir, d\u00e9sormais proches de la zone rouge.<\/p>\n<p><img decoding=\"async\" alt=\"\" src=\"https:\/\/www.europesays.com\/fr\/wp-content\/uploads\/2025\/12\/14927.jpg\" style=\"height:49%; width:49%\"\/>\u00a0<img decoding=\"async\" alt=\"\" src=\"https:\/\/www.europesays.com\/fr\/wp-content\/uploads\/2025\/12\/14930.jpg\" style=\"height:49%; width:49%\"\/><\/p>\n<p style=\"text-align: center;\">@Loups d&rsquo;Angers<\/p>\n<p><strong>SPO Rouen 3-2 Bruille CTT<\/strong><br \/>&#13;<br \/>\nDans une salle sous tension, ce choc de haut de tableau, marqu\u00e9 par l\u2019opposition de co\u00e9quipiers en \u00e9quipe de France, a tenu toutes ses promesses. Port\u00e9e par un Flavien Coton une nouvelle fois immense, l\u2019\u00e9quipe de Bruille a constamment pouss\u00e9 son adversaire dans ses retranchements. Mais au terme d\u2019une rencontre longue de 3 h 30, c\u2019est le collectif normand du SPO Rouen qui a fini par l\u2019emporter.<br \/>&#13;<br \/>\nD\u2019entr\u00e9e, Thibault Poret lan\u00e7ait id\u00e9alement les Rouennais en dominant Gyuhyeon Park \u00e0 la belle. Bruille r\u00e9agissait aussit\u00f4t gr\u00e2ce \u00e0 Flavien Coton, imp\u00e9rial face \u00e0 Lilian Bardet, confirmant son statut de leader. Le tournant est intervenu lors du troisi\u00e8me simple, lorsque Alvaro Robles sortait victorieux d\u2019un v\u00e9ritable combat face \u00e0 Florent Lambiet.<br \/>&#13;<br \/>\nMais Bruille n\u2019abdiquait jamais. Une nouvelle fois d\u00e9cisif, Flavien Coton (n\u00b013) signait une belle performance en renversant la rencontre face \u00e0 Thibault Poret (n\u00b08), relan\u00e7ant totalement le suspense et for\u00e7ant un dernier match d\u00e9cisif. Sous pression, Lilian Bardet r\u00e9pondait pr\u00e9sent, offrant la victoire aux Normands et une place m\u00e9rit\u00e9e sur le podium aux c\u00f4t\u00e9s d\u2019Hennebont et de leurs adversaires du soir, Bruille.<\/p>\n<p><img decoding=\"async\" alt=\"\" src=\"https:\/\/www.europesays.com\/fr\/wp-content\/uploads\/2025\/12\/582106109_18402754684124828_418008937100519438_n.jpg\" style=\"height:49%; width:49%\"\/>\u00a0<img decoding=\"async\" alt=\"\" src=\"https:\/\/www.europesays.com\/fr\/wp-content\/uploads\/2025\/12\/587796671_18402754669124828_3307344958905081063_n.jpg\" style=\"height:49%; width:49%\"\/><\/p>\n<p style=\"text-align:center\">@SPO ROUEN\u00a0<\/p>\n<p><strong>La Romagne SS 1-3 Roanne LNTT<\/strong><br \/>&#13;<br \/>\nRoanne devait encha\u00eener une deuxi\u00e8me victoire cons\u00e9cutive face \u00e0 un adversaire \u00e0 sa port\u00e9e, et la mission a \u00e9t\u00e9 parfaitement remplie. Pour l\u2019occasion, la pr\u00e9sence de leur leader Xu Yingbin (24 ans, international chinois), align\u00e9 pour la premi\u00e8re fois de la saison, a grandement facilit\u00e9 la t\u00e2che des Roannais, auteurs de deux victoires.\u00a0Le succ\u00e8s a \u00e9t\u00e9 compl\u00e9t\u00e9 par la victoire d\u2019Elias Ranefur (n\u00b035) face \u00e0 Nima Alamian (n\u00b040), une performance qui confirme un d\u00e9but de saison prometteur. Seul Chen Tiunyuan a sauv\u00e9 l\u2019honneur pour les visiteurs en dominant Florian Bourrassaud, offrant un point qui pourrait s\u2019av\u00e9rer pr\u00e9cieux dans la course au maintien.<br \/>&#13;<br \/>\nC\u00f4t\u00e9 Roanne, cette victoire nourrit clairement les ambitions de podium, un objectif d\u00e9sormais \u00e0 port\u00e9e de main.<\/p>\n<p><strong>Bilan de la journ\u00e9e<\/strong><br \/>&#13;<br \/>\n<strong>Hennebont consolide sa place de leader, tandis que Rouen, Bruille et Roanne s\u2019affirment comme de s\u00e9rieux pr\u00e9tendants au podium. De leur c\u00f4t\u00e9, des \u00e9quipes comme Pontoise-Cergy doivent redoubler d\u2019efforts pour se maintenir hors de la zone rouge. Entre duels serr\u00e9s, retours attendus et jeunes talents r\u00e9v\u00e9l\u00e9s, cette journ\u00e9e a offert un spectacle riche en suspense, redistribuant les cartes dans toutes les zones du classement, du sommet \u00e0 la lutte pour le maintien.<\/strong><\/p>\n<p>\u00a0<\/p>\n<p><strong><img decoding=\"async\" alt=\"\" src=\"https:\/\/www.europesays.com\/fr\/wp-content\/uploads\/2025\/12\/Sans photo (11)(1).jpg\" style=\"height:49%; width:49%\"\/>\u00a0<img decoding=\"async\" alt=\"\" src=\"https:\/\/www.europesays.com\/fr\/wp-content\/uploads\/2025\/12\/Sans photo (10).jpg\" style=\"height:49%; width:49%\"\/><\/strong><\/p>\n","protected":false},"excerpt":{"rendered":"La sixi\u00e8me journ\u00e9e du championnat Pro a encore une fois offert un spectacle de haut niveau, avec des&hellip;\n","protected":false},"author":2,"featured_media":613533,"comment_status":"","ping_status":"","sticky":false,"template":"","format":"standard","meta":{"footnotes":""},"categories":[9587],"tags":[1111,11,1777,674,1011,27,12,5161,25,9590],"class_list":{"0":"post-613532","1":"post","2":"type-post","3":"status-publish","4":"format-standard","5":"has-post-thumbnail","7":"category-rouen","8":"tag-actu","9":"tag-actualites","10":"tag-eu","11":"tag-europe","12":"tag-fr","13":"tag-france","14":"tag-news","15":"tag-normandie","16":"tag-republique-francaise","17":"tag-rouen"},"share_on_mastodon":{"url":"https:\/\/pubeurope.com\/@fr\/115756956439148839","error":""},"_links":{"self":[{"href":"https:\/\/www.europesays.com\/fr\/wp-json\/wp\/v2\/posts\/613532","targetHints":{"allow":["GET"]}}],"collection":[{"href":"https:\/\/www.europesays.com\/fr\/wp-json\/wp\/v2\/posts"}],"about":[{"href":"https:\/\/www.europesays.com\/fr\/wp-json\/wp\/v2\/types\/post"}],"author":[{"embeddable":true,"href":"https:\/\/www.europesays.com\/fr\/wp-json\/wp\/v2\/users\/2"}],"replies":[{"embeddable":true,"href":"https:\/\/www.europesays.com\/fr\/wp-json\/wp\/v2\/comments?post=613532"}],"version-history":[{"count":0,"href":"https:\/\/www.europesays.com\/fr\/wp-json\/wp\/v2\/posts\/613532\/revisions"}],"wp:featuredmedia":[{"embeddable":true,"href":"https:\/\/www.europesays.com\/fr\/wp-json\/wp\/v2\/media\/613533"}],"wp:attachment":[{"href":"https:\/\/www.europesays.com\/fr\/wp-json\/wp\/v2\/media?parent=613532"}],"wp:term":[{"taxonomy":"category","embeddable":true,"href":"https:\/\/www.europesays.com\/fr\/wp-json\/wp\/v2\/categories?post=613532"},{"taxonomy":"post_tag","embeddable":true,"href":"https:\/\/www.europesays.com\/fr\/wp-json\/wp\/v2\/tags?post=613532"}],"curies":[{"name":"wp","href":"https:\/\/api.w.org\/{rel}","templated":true}]}}