{"id":613536,"date":"2025-12-21T09:58:10","date_gmt":"2025-12-21T09:58:10","guid":{"rendered":"https:\/\/www.europesays.com\/fr\/613536\/"},"modified":"2025-12-21T09:58:10","modified_gmt":"2025-12-21T09:58:10","slug":"un-opticien-a-ouvert-dans-une-zone-dactivites","status":"publish","type":"post","link":"https:\/\/www.europesays.com\/fr\/613536\/","title":{"rendered":"un opticien a ouvert dans une zone d&rsquo;activit\u00e9s"},"content":{"rendered":"<p>                    Par<br \/>\n        <strong><br \/>\n            <a href=\"https:\/\/actu.fr\/auteur\/redaction-jv\" title=\"Consulter tous les articles de R\u00e9daction Vitr\u00e9\" target=\"_blank\" rel=\"noopener\">R\u00e9daction Vitr\u00e9<\/a><br \/>\n                    <\/strong><\/p>\n<p>        Publi\u00e9 le<\/p>\n<p>            21 d\u00e9c. 2025 \u00e0 6h36        <\/p>\n<p>Depuis le 25 novembre 2025, dans la zone d\u2019activit\u00e9s du Ch\u00eane Joli \u00e0 <b>Noyal-sur-Vilaine <\/b>(Ille-et-Vilaine), <b>un magasin d\u2019optique, sous l\u2019enseigne Optic 2000<\/b>, a ouvert.\u00a0<\/p>\n<p class=\" wall-content\">\u00c9tienne Griveau est propri\u00e9taire, avec ceux ind\u00e9pendants, de Vitr\u00e9 et Ch\u00e2teaubourg qui lui sont propres. Seul celui de Noyal est sous l\u2019enseigne Optic 2000.<\/p>\n<p class=\" wall-content\">Norbert Travers, son collaborateur depuis 5 ans \u00e0 Ch\u00e2teaubourg, dirigera l\u2019\u00e9tablissement.<\/p>\n<p>Opticien depuis 15\u00a0ans<\/p>\n<p class=\" wall-content\"><b>\u00c9tienne Griveau est opticien depuis 15\u00a0ans<\/b>. Il a achet\u00e9 le terrain au laboratoire d\u2019analyses m\u00e9dicales situ\u00e9 \u00e0 c\u00f4t\u00e9, pour faire une cellule commerciale.<\/p>\n<p class=\" wall-content\">Il propose \u00ab autre chose qu\u2019un ind\u00e9pendant, car partenaire avec toutes les mutuelles. Nous pratiquons le tiers payant, pas d\u2019avance de frais chez nous. Le but n\u2019est pas de concurrencer un ind\u00e9pendant, mais de r\u00e9cup\u00e9rer une client\u00e8le allant \u00e0 Rennes ou aux alentours, parce qu\u2019il y a beaucoup d\u2019\u00e9vasion, en plus en limitant les co\u00fbts de transports. \u00bb<\/p>\n<p>Vid\u00e9os : en ce moment sur Actu<\/p>\n<p class=\" wall-content\">Poss\u00e9dant un Dipl\u00f4me universitaire d\u2019optom\u00e9trie (contr\u00f4les visuels) et en contactologie, Optic 2000 Noyal avec \u00c9tienne Griveau est sp\u00e9cialis\u00e9 en examen de vue et en pose et suivi de lentilles.<\/p>\n<p class=\" wall-content\"><b>Le magasin comprend 140\u00a0m2, avec 110\u00a0m2 de vente<\/b>, un atelier de r\u00e9paration et montage de lunettes (taille des verres sur place).<\/p>\n<p>Votre r\u00e9gion, votre actu !<\/p>\n<p>Recevez chaque jour les infos qui comptent pour vous.<\/p>\n<p>\t<a href=\"https:\/\/actu.fr\/newsletter\" class=\"ac-btn ac-btn--corner ac-btn--medium ac-btn--blue800\" target=\"_blank\" rel=\"noopener\">S&rsquo;incrire<\/a><br \/>\nPratique : horaires d\u2019ouverture, lundi apr\u00e8s-midi de 14 h \u00e0 19 h, du mardi au vendredi de 9 h \u00e0 13 h et 14 h \u00e0 19 h, le samedi de 9 h \u00e0 13 h et de 14 h \u00e0 18h. 02 23 07 23 44. Mail : optic2000.noyalsur <a href=\"https:\/\/actu.fr\/cdn-cgi\/l\/email-protection\" class=\"__cf_email__\" data-cfemail=\"d4a2bdb8b5bdbab194b3b9b5bdb8fab7bbb9\" target=\"_blank\" rel=\"noopener\">[email\u00a0protected]<\/a><\/p>\n<p class=\" wall-content\">Personnalisez votre actualit\u00e9 en ajoutant vos villes et m\u00e9dias en favori avec <a href=\"https:\/\/moncompte.actu.fr\" title=\"D\u00e9couvez Mon Actu\" rel=\"nofollow noopener\" data-trk=\"{&quot;cta&quot;:{&quot;action&quot;:&quot;https:\\\/\\\/moncompte.actu.fr&quot;,&quot;category&quot;:&quot;mon compte&quot;,&quot;from&quot;:&quot;article footer&quot;,&quot;name&quot;:&quot;Mon actu&quot;,&quot;type&quot;:&quot;cta&quot;}}\" target=\"_blank\">Mon Actu<\/a>.<\/p>\n","protected":false},"excerpt":{"rendered":"Par R\u00e9daction Vitr\u00e9 Publi\u00e9 le 21 d\u00e9c. 2025 \u00e0 6h36 Depuis le 25 novembre 2025, dans la zone&hellip;\n","protected":false},"author":2,"featured_media":613537,"comment_status":"","ping_status":"","sticky":false,"template":"","format":"standard","meta":{"footnotes":""},"categories":[2821],"tags":[1111,11,829,33,1777,674,1011,27,12,584,25],"class_list":{"0":"post-613536","1":"post","2":"type-post","3":"status-publish","4":"format-standard","5":"has-post-thumbnail","7":"category-rennes","8":"tag-actu","9":"tag-actualites","10":"tag-bretagne","11":"tag-economie","12":"tag-eu","13":"tag-europe","14":"tag-fr","15":"tag-france","16":"tag-news","17":"tag-rennes","18":"tag-republique-francaise"},"share_on_mastodon":{"url":"https:\/\/pubeurope.com\/@fr\/115756971287769326","error":""},"_links":{"self":[{"href":"https:\/\/www.europesays.com\/fr\/wp-json\/wp\/v2\/posts\/613536","targetHints":{"allow":["GET"]}}],"collection":[{"href":"https:\/\/www.europesays.com\/fr\/wp-json\/wp\/v2\/posts"}],"about":[{"href":"https:\/\/www.europesays.com\/fr\/wp-json\/wp\/v2\/types\/post"}],"author":[{"embeddable":true,"href":"https:\/\/www.europesays.com\/fr\/wp-json\/wp\/v2\/users\/2"}],"replies":[{"embeddable":true,"href":"https:\/\/www.europesays.com\/fr\/wp-json\/wp\/v2\/comments?post=613536"}],"version-history":[{"count":0,"href":"https:\/\/www.europesays.com\/fr\/wp-json\/wp\/v2\/posts\/613536\/revisions"}],"wp:featuredmedia":[{"embeddable":true,"href":"https:\/\/www.europesays.com\/fr\/wp-json\/wp\/v2\/media\/613537"}],"wp:attachment":[{"href":"https:\/\/www.europesays.com\/fr\/wp-json\/wp\/v2\/media?parent=613536"}],"wp:term":[{"taxonomy":"category","embeddable":true,"href":"https:\/\/www.europesays.com\/fr\/wp-json\/wp\/v2\/categories?post=613536"},{"taxonomy":"post_tag","embeddable":true,"href":"https:\/\/www.europesays.com\/fr\/wp-json\/wp\/v2\/tags?post=613536"}],"curies":[{"name":"wp","href":"https:\/\/api.w.org\/{rel}","templated":true}]}}