{"id":613538,"date":"2025-12-21T09:59:18","date_gmt":"2025-12-21T09:59:18","guid":{"rendered":"https:\/\/www.europesays.com\/fr\/613538\/"},"modified":"2025-12-21T09:59:18","modified_gmt":"2025-12-21T09:59:18","slug":"trambus-t1-rennes-metropole-valide-lavant-projet","status":"publish","type":"post","link":"https:\/\/www.europesays.com\/fr\/613538\/","title":{"rendered":"Trambus T1 : Rennes M\u00e9tropole valide l&rsquo;avant-projet"},"content":{"rendered":"<p>\n            Publi\u00e9 le 21-12-2025 \u00e0 10:49        <\/p>\n<p>            <img decoding=\"async\" class=\"page_photo\" src=\"https:\/\/www.rennes-scope.com\/photos\/trambus-t1-rennes-metropole-valide-le-projet-entre-saint-gregoire-et-rennes.webp\" alt=\"Trambus T1 : Rennes M\u00e9tropole valide le projet entre Saint-Gregoire et Rennes\" loading=\"lazy\"\/><\/p>\n<p>        Cr\u00e9dit : <a href=\"https:\/\/commons.wikimedia.org\/wiki\/User:Yubrae\" target=\"_blank\" rel=\"noopener\">Yubrae<\/a> publi\u00e9e sur <a href=\"https:\/\/commons.wikimedia.org\/wiki\/File:ECitaro_articul%C3%A9_2.0.jpg\" target=\"_blank\" rel=\"noopener\">Wikimedia Commons<\/a> sous licence <a href=\"https:\/\/creativecommons.org\/licenses\/by-sa\/4.0\/\" target=\"_blank\" rel=\"noopener\">CC BY-SA 4.0<\/a>.<\/p>\n<p>Des bus articul\u00e9s \u00e9lectriques circuleront sur les quatre nouvelles lignes de trambus de Rennes.<\/p>\n<p>\n                                Rennes M\u00e9tropole a valid\u00e9 l&rsquo;avant-projet de la ligne Trambus T1 entre Saint-Gr\u00e9goire et le centre-ville. D\u00e9couvrez le trac\u00e9, les stations cl\u00e9s, les gains de temps pour les usagers et l&rsquo;impact sur la mobilit\u00e9 et l&rsquo;espace public.            <\/p>\n<p>Le projet de Trambus franchit une nouvelle \u00e9tape d\u00e9cisive. R\u00e9unis en <b>conseil communautaire ce 18 d\u00e9cembre<\/b>, les \u00e9lus de <b>Rennes M\u00e9tropole<\/b> ont adopt\u00e9 l&rsquo;avant-projet des sections nord-ouest de la future <b>ligne T1<\/b>, reliant Saint-Gr\u00e9goire \u00e0 Rennes. Une d\u00e9cision structurante pour les d\u00e9placements du quotidien, qui pr\u00e9cise d\u00e9sormais le calendrier avec un d\u00e9marrage des travaux pr\u00e9vu fin 2026 et une mise en service annonc\u00e9e en 2029.<\/p>\n<p>        Une \u00e9tape politique cl\u00e9 pour le projet<\/p>\n<p>Le vote de cet avant-projet concerne le tron\u00e7on nord-ouest de la ligne T1, depuis le giratoire de La Plesse \u00e0 Saint-Gr\u00e9goire jusqu&rsquo;\u00e0 l&rsquo;avenue Tillon \u00e0 Rennes. Le montant global de l&rsquo;investissement s&rsquo;\u00e9l\u00e8ve \u00e0 <b>43,9 millions d&rsquo;euros hors taxes<\/b>, hors mat\u00e9riel roulant, comprenant les travaux de voirie, les stations et le terminus. Cette validation marque le passage du projet \u00e0 une phase plus op\u00e9rationnelle.<\/p>\n<p>Longue de <b>13 kilom\u00e8tres<\/b> et dot\u00e9e de <b>31 stations<\/b>, la ligne T1 desservira Saint-Gr\u00e9goire, la zone d&rsquo;activit\u00e9s Nord, Beauregard et Villejean avant de rejoindre le centre-ville, puis Baud-Chardonnet, Beaulieu, les Longs-Champs et Atalante ViaSilva. Elle traversera des secteurs o\u00f9 vivent <b>65 000 habitants<\/b> et o\u00f9 travaillent <b>47 000 actifs<\/b>.&#13;<br \/>\n&#13;\n<\/p>\n<p>Pens\u00e9e pour devenir l&rsquo;axe de Trambus le plus fr\u00e9quent\u00e9 du r\u00e9seau, la ligne T1 devrait accueillir <b>34 000 voyageurs par jour<\/b>, soit une hausse de <b>30 %<\/b> par rapport \u00e0 la fr\u00e9quentation actuelle de la ligne Chronostar C4.<\/p>\n<p>Des gains concrets pour les usagers<\/p>\n<p>Pour les habitants, le principal changement se jouera sur la r\u00e9gularit\u00e9 et le temps de trajet. Le Trambus circulera en grande partie sur des <b>voies d\u00e9di\u00e9es<\/b> et b\u00e9n\u00e9ficiera de la <b>priorit\u00e9 aux feux<\/b>, avec une fr\u00e9quence renforc\u00e9e : un passage <b>toutes les 4 minutes en heure de pointe<\/b>. Le trajet entre Saint-Gr\u00e9goire et la place de la R\u00e9publique est estim\u00e9 \u00e0 <b>23 minutes<\/b>, avec une amplitude horaire \u00e9tendue de <b>5h25 \u00e0 0h35<\/b> en semaine.<\/p>\n<p>Un projet qui transforme aussi l&rsquo;espace public<img decoding=\"async\" src=\"https:\/\/www.rennes-scope.com\/photos\/un-projet-qui-transforme-aussi-lespace-public.webp\" alt=\"Un projet qui transforme aussi l'espace public\" class=\"page_image_corps\"\/><\/p>\n<p>Illustration : \u00a9 Rennes M\u00e9tropole<\/p>\n<p>Future avenue de Cucill\u00e9 dans le quartier de Beauregard \u00e0 Rennes apr\u00e8s les am\u00e9nagements du Trambus<\/p>\n<p>Au-del\u00e0 de l&rsquo;offre de transport, la ligne T1 s&rsquo;accompagnera d&rsquo;une requalification des espaces publics. Les am\u00e9nagements int\u00e9greront les mobilit\u00e9s douces, avec des cheminements pi\u00e9tons s\u00e9curis\u00e9s et des pistes cyclables continues. Le projet pr\u00e9voit \u00e9galement la plantation de <b>pr\u00e8s de 300 arbres<\/b>, la d\u00e9simperm\u00e9abilisation des sols et des dispositifs favorisant l&rsquo;infiltration des eaux pluviales, afin d&rsquo;am\u00e9liorer le confort thermique et le cadre de vie.<\/p>\n<p>Un d\u00e9ploiement d\u00e9j\u00e0 visible \u00e0 Rennes<\/p>\n<p>L&rsquo;adoption de l&rsquo;avant-projet de la T1 intervient alors que le Trambus entre d\u00e9j\u00e0 dans une phase tr\u00e8s concr\u00e8te sur d&rsquo;autres secteurs de la m\u00e9tropole. <a href=\"https:\/\/www.rennes-scope.com\/article\/710-travaux-a-rennes-la-rue-de-lorient-va-etre-entierement-reamenagee-jusquen-2027\" target=\"_blank\" rel=\"noopener\">Les travaux de la ligne T2 du Trambus doivent ainsi d\u00e9buter d\u00e8s le mois de janvier sur la rue de Lorient<\/a>, marquant le lancement op\u00e9rationnel du nouveau r\u00e9seau \u00e0 haut niveau de service \u00e0 Rennes. Une premi\u00e8re \u00e9tape visible pour les habitants, avant l&rsquo;arriv\u00e9e progressive des autres lignes pr\u00e9vues dans les prochaines ann\u00e9es.<\/p>\n<p>                A lire aussi<\/p>\n<p>        <a href=\"https:\/\/www.rennes-scope.com\/articles-tag.php?nom=trambus\" target=\"_blank\" rel=\"noopener\"><\/p>\n<p>trambus<\/p>\n<p><\/a><a href=\"https:\/\/www.rennes-scope.com\/articles-tag.php?nom=saint-gr%C3%A9goire\" target=\"_blank\" rel=\"noopener\"><\/p>\n<p>saint-gr\u00e9goire<\/p>\n<p><\/a><a href=\"https:\/\/www.rennes-scope.com\/articles-tag.php?nom=travaux\" target=\"_blank\" rel=\"noopener\"><\/p>\n<p>travaux<\/p>\n<p><\/a><\/p>\n","protected":false},"excerpt":{"rendered":"Publi\u00e9 le 21-12-2025 \u00e0 10:49 Cr\u00e9dit : Yubrae publi\u00e9e sur Wikimedia Commons sous licence CC BY-SA 4.0. Des&hellip;\n","protected":false},"author":2,"featured_media":613539,"comment_status":"","ping_status":"","sticky":false,"template":"","format":"standard","meta":{"footnotes":""},"categories":[2821],"tags":[1111,11,829,1777,674,1011,27,12,584,25],"class_list":{"0":"post-613538","1":"post","2":"type-post","3":"status-publish","4":"format-standard","5":"has-post-thumbnail","7":"category-rennes","8":"tag-actu","9":"tag-actualites","10":"tag-bretagne","11":"tag-eu","12":"tag-europe","13":"tag-fr","14":"tag-france","15":"tag-news","16":"tag-rennes","17":"tag-republique-francaise"},"share_on_mastodon":{"url":"https:\/\/pubeurope.com\/@fr\/115756976548075518","error":""},"_links":{"self":[{"href":"https:\/\/www.europesays.com\/fr\/wp-json\/wp\/v2\/posts\/613538","targetHints":{"allow":["GET"]}}],"collection":[{"href":"https:\/\/www.europesays.com\/fr\/wp-json\/wp\/v2\/posts"}],"about":[{"href":"https:\/\/www.europesays.com\/fr\/wp-json\/wp\/v2\/types\/post"}],"author":[{"embeddable":true,"href":"https:\/\/www.europesays.com\/fr\/wp-json\/wp\/v2\/users\/2"}],"replies":[{"embeddable":true,"href":"https:\/\/www.europesays.com\/fr\/wp-json\/wp\/v2\/comments?post=613538"}],"version-history":[{"count":0,"href":"https:\/\/www.europesays.com\/fr\/wp-json\/wp\/v2\/posts\/613538\/revisions"}],"wp:featuredmedia":[{"embeddable":true,"href":"https:\/\/www.europesays.com\/fr\/wp-json\/wp\/v2\/media\/613539"}],"wp:attachment":[{"href":"https:\/\/www.europesays.com\/fr\/wp-json\/wp\/v2\/media?parent=613538"}],"wp:term":[{"taxonomy":"category","embeddable":true,"href":"https:\/\/www.europesays.com\/fr\/wp-json\/wp\/v2\/categories?post=613538"},{"taxonomy":"post_tag","embeddable":true,"href":"https:\/\/www.europesays.com\/fr\/wp-json\/wp\/v2\/tags?post=613538"}],"curies":[{"name":"wp","href":"https:\/\/api.w.org\/{rel}","templated":true}]}}