{"id":613540,"date":"2025-12-21T10:00:18","date_gmt":"2025-12-21T10:00:18","guid":{"rendered":"https:\/\/www.europesays.com\/fr\/613540\/"},"modified":"2025-12-21T10:00:18","modified_gmt":"2025-12-21T10:00:18","slug":"a-strasbourg-le-parcours-des-colistiers-de-jeanne-barseghian","status":"publish","type":"post","link":"https:\/\/www.europesays.com\/fr\/613540\/","title":{"rendered":"\u00e0 Strasbourg, le parcours des colistiers de Jeanne Barseghian"},"content":{"rendered":"<p>Renouveler le personnel politique en ouvrant les listes \u00e0 des colistiers issus de la soci\u00e9t\u00e9 civile\u00a0: c\u2019\u00e9tait l\u2019un des sujets porteurs des municipales de 2020 \u00e0 Strasbourg. Le centriste Alain Fontanel en avait fait un argument de campagne et affirmait que 80\u00a0% de ses colistiers \u00e9taient non encart\u00e9s. Avant de les sacrifier pour <a href=\"https:\/\/www.lalsace.fr\/politique\/2020\/06\/02\/a-strasbourg-fusion-surprise-des-listes-de-fontanel-(larem)-et-vetter-(lr)\" target=\"_blank\" rel=\"noopener\"> fusionner avec la liste de droite de Jean-Philippe Vetter.<\/a><\/p>\n<p>La liste \u00e9cologiste et citoyenne de Jeanne Barseghian (\u00c9cologistes, Labo citoyen, PCF, G\u00e9n\u00e9ration\u00b7s notamment) qui a gagn\u00e9, faisait aussi la part belle aux non encart\u00e9s. 43\u00a0% des <a href=\"https:\/\/www.lalsace.fr\/politique\/2020\/07\/01\/la-galaxie-barseghian-ces-nouveaux-elus-qui-comptent-autour-de-la-future-maire-de-strasbourg\" target=\"_blank\" rel=\"noopener\"> colistiers<\/a> \u00e9taient carr\u00e9ment novices en politique selon une \u00e9tude men\u00e9e par les sociologues de l\u2019Universit\u00e9 de Strasbourg S\u00e9bastien Michon et Marie Acabo (pr\u00e9sente sur la liste en 61e place). Ils ont observ\u00e9 la campagne puis la municipalit\u00e9 sous ce prisme et viennent de publier leur travail r\u00e9alis\u00e9 \u00e0 partir d\u2019entretiens (*).<\/p>\n<p>  Effet de cour et acculturation<\/p>\n<p>Et le bilan est plut\u00f4t contrast\u00e9. D\u2019abord, les \u00ab\u00a0citoyens\u00a0\u00bb n\u2019incarnent pas forc\u00e9ment un renouvellement des profils socio-\u00e9conomiques des \u00e9lus locaux. Et les partis sont rest\u00e9s omnipr\u00e9sents, pendant la campagne et apr\u00e8s l\u2019\u00e9lection, \u00ab\u00a0lors de la distribution des positions les plus prestigieuses (adjoints, vice-pr\u00e9sident de l\u2019agglom\u00e9ration) et des charges les plus r\u00e9mun\u00e9ratrices. La division du travail ex\u00e9cutif montre que le capital politique demeure central dans la s\u00e9lection des candidats puis dans la r\u00e9partition des postes\u00a0\u00bb, indique l\u2019\u00e9tude.<\/p>\n<p>Par ailleurs, \u00ab\u00a0l\u2019analyse des premi\u00e8res ann\u00e9es de prise de r\u00f4le de ces n\u00e9o\u00e9lus rend ainsi compte d\u2019une absence de vision globale fond\u00e9e sur des r\u00e9f\u00e9rences communes et port\u00e9e par un collectif unifi\u00e9\u00a0\u00bb. Dans un univers nouveau, face \u00e0 une administration complexe, certains se trouvent dans une forme de d\u00e9pendance vis-\u00e0-vis de la maire et de son entourage, dont le cabinet, avec des \u00ab\u00a0effets de cour\u00a0\u00bb, dit encore l\u2019\u00e9tude. Et puis, au fil des ans, \u00ab\u00a0loin d\u2019agir comme des chiens dans un jeu de quilles, les novices s\u2019acculturent, deviennent progressivement des professionnels de la politique \u00e0 temps partiel ou \u00e0 temps complet, s\u2019attachent \u00e0 la politique et travaillent \u00e0 s\u2019y maintenir\u00a0\u00bb. D\u2019ailleurs ces \u00e9lus \u00ab\u00a0tendent \u00e0 s\u2019inscrire dans la dur\u00e9e et ne pr\u00f4nent donc plus le renouvellement, mais la poursuite de leur action\u00a0\u00bb. \u00ab\u00a0Finalement, r\u00e9sume S\u00e9bastien Michon, ceux qui tirent leur \u00e9pingle du jeu sont ceux qui ont r\u00e9ussi \u00e0 s\u2019adapter au jeu politique, tout en restant solides \u00bb.<\/p>\n<p>L\u2019actualit\u00e9 vient apporter de l\u2019eau au moulin de l\u2019\u00e9tude. La majorit\u00e9 sortante pr\u00e9pare en effet pour mars prochain une liste avec davantage de places r\u00e9serv\u00e9es aux militants encart\u00e9s par rapport \u00e0 celle de 2020. Il s\u2019agit de r\u00e9unir des profils exp\u00e9riment\u00e9s, mais elle le fait aussi sous la pression de n\u00e9gociations avec les partis alli\u00e9s.<\/p>\n<p>Toutefois, pour le premier adjoint Syamak Agha Babaei, ancien du PS et fondateur du Labo citoyen, cette \u00e9tude m\u00e9conna\u00eet les r\u00e9alisations et le fait que \u00ab\u00a0la majeure partie des postes \u00e0 responsabilit\u00e9 est occup\u00e9e par des citoyens non encart\u00e9s. Les partis ont tr\u00e8s peu d\u2019influence, d\u2019ailleurs c\u2019est bien pour cela qu\u2019ils revendiquent une place plus importante sur la liste pour 2026\u00a0\u00bb. La composition de la liste n\u2019est pas encore connue.<\/p>\n<p class=\"note\">(*) Devenir des professionnel\u00b7les de la politique. Une liste \u00e9cologiste et citoyenne \u00e0 la t\u00eate d\u2019une ville. \u00c9ditions du Croquant.<\/p>\n","protected":false},"excerpt":{"rendered":"Renouveler le personnel politique en ouvrant les listes \u00e0 des colistiers issus de la soci\u00e9t\u00e9 civile\u00a0: c\u2019\u00e9tait l\u2019un&hellip;\n","protected":false},"author":2,"featured_media":613541,"comment_status":"","ping_status":"","sticky":false,"template":"","format":"standard","meta":{"footnotes":""},"categories":[2820],"tags":[1111,11,2389,2649,15107,4188,1777,674,107,1011,27,775,3539,12,3541,316,25,640],"class_list":{"0":"post-613540","1":"post","2":"type-post","3":"status-publish","4":"format-standard","5":"has-post-thumbnail","7":"category-strasbourg","8":"tag-actu","9":"tag-actualites","10":"tag-alsace","11":"tag-bas-rhin","12":"tag-chuchotements","13":"tag-elections-municipales","14":"tag-eu","15":"tag-europe","16":"tag-fil-info","17":"tag-fr","18":"tag-france","19":"tag-grand-est","20":"tag-les-ecologistes","21":"tag-news","22":"tag-parti-socialiste","23":"tag-politique","24":"tag-republique-francaise","25":"tag-strasbourg"},"share_on_mastodon":{"url":"https:\/\/pubeurope.com\/@fr\/115756978838043339","error":""},"_links":{"self":[{"href":"https:\/\/www.europesays.com\/fr\/wp-json\/wp\/v2\/posts\/613540","targetHints":{"allow":["GET"]}}],"collection":[{"href":"https:\/\/www.europesays.com\/fr\/wp-json\/wp\/v2\/posts"}],"about":[{"href":"https:\/\/www.europesays.com\/fr\/wp-json\/wp\/v2\/types\/post"}],"author":[{"embeddable":true,"href":"https:\/\/www.europesays.com\/fr\/wp-json\/wp\/v2\/users\/2"}],"replies":[{"embeddable":true,"href":"https:\/\/www.europesays.com\/fr\/wp-json\/wp\/v2\/comments?post=613540"}],"version-history":[{"count":0,"href":"https:\/\/www.europesays.com\/fr\/wp-json\/wp\/v2\/posts\/613540\/revisions"}],"wp:featuredmedia":[{"embeddable":true,"href":"https:\/\/www.europesays.com\/fr\/wp-json\/wp\/v2\/media\/613541"}],"wp:attachment":[{"href":"https:\/\/www.europesays.com\/fr\/wp-json\/wp\/v2\/media?parent=613540"}],"wp:term":[{"taxonomy":"category","embeddable":true,"href":"https:\/\/www.europesays.com\/fr\/wp-json\/wp\/v2\/categories?post=613540"},{"taxonomy":"post_tag","embeddable":true,"href":"https:\/\/www.europesays.com\/fr\/wp-json\/wp\/v2\/tags?post=613540"}],"curies":[{"name":"wp","href":"https:\/\/api.w.org\/{rel}","templated":true}]}}