{"id":613542,"date":"2025-12-21T10:02:19","date_gmt":"2025-12-21T10:02:19","guid":{"rendered":"https:\/\/www.europesays.com\/fr\/613542\/"},"modified":"2025-12-21T10:02:19","modified_gmt":"2025-12-21T10:02:19","slug":"suivez-le-match-en-direct-14h45","status":"publish","type":"post","link":"https:\/\/www.europesays.com\/fr\/613542\/","title":{"rendered":"suivez le match en direct (14h45)"},"content":{"rendered":"<p>Une qualification puis les vacances\u00a0? Les Strasbourgeois disputent leur dernier match de 2025, ce dimanche en 32es de finale de la Coupe de France. Contre Dunkerque, qui \u00e9volue en Ligue 2, ils n&rsquo;ont pas le droit \u00e0 l&rsquo;erreur. Suivez la rencontre en direct et en int\u00e9gralit\u00e9. Coup d&rsquo;envoi \u00e0 14h45.<\/p>\n<p>&#13;<br \/>\n              Fran\u00e7ois Bertrand &#8211; &#13;<br \/>\n        &#13;<br \/>\n          Aujourd&rsquo;hui \u00e0 10:45&#13;<br \/>\n    &#13;<br \/>\n        &#8211; Temps de lecture : &#13;<br \/>\n  &#13;\n<\/p>\n<p>                        &#13;<br \/>\n    &#13;<br \/>\n    &#13;<br \/>\n    <a href=\"https:\/\/cdn-s-www.dna.fr\/images\/D88B9F75-63BB-4DC5-BAD5-EDBD68890898\/NW_raw\/julio-enciso-et-le-racing-ont-aussi-des-ambitions-dans-cette-coupe-de-france-photo-jean-marc-loos-1766078546.jpg\" title=\"Julio Enciso\u00a0et le Racing ont aussi des ambitions dans cette Coupe de France.\u00a0Photo Jean-Marc Loos\" class=\"chocolat-image GA-tracking\" data-ga_type=\"click\" data-ga_category=\"D\u00e9tail\" data-ga_action=\"zoomer\" data-ga_label=\"aggrandir image\" target=\"_blank\" rel=\"noopener\">&#13;<br \/>\n        <img src=\"https:\/\/www.europesays.com\/fr\/wp-content\/uploads\/2025\/12\/julio-enciso-et-le-racing-ont-aussi-des-ambitions-dans-cette-coupe-de-france-photo-jean-marc-loos-17.jpeg\"   alt=\"Julio Enciso\u00a0et le Racing ont aussi des ambitions dans cette Coupe de France.\u00a0Photo Jean-Marc Loos\" fetchpriority=\"high\" decoding=\"async\" data-mobile=\"NW_detail_M|1766078546\" data-base=\"NW_detail|1766078546\"\/>&#13;<br \/>\n    <\/a>&#13;<\/p>\n<p>Julio Enciso\u00a0et le Racing ont aussi des ambitions dans cette Coupe de France.\u00a0Photo Jean-Marc Loos<\/p>\n","protected":false},"excerpt":{"rendered":"Une qualification puis les vacances\u00a0? Les Strasbourgeois disputent leur dernier match de 2025, ce dimanche en 32es de&hellip;\n","protected":false},"author":2,"featured_media":613543,"comment_status":"","ping_status":"","sticky":false,"template":"","format":"standard","meta":{"footnotes":""},"categories":[2820],"tags":[328,1111,11,2389,2649,15922,3545,2880,1777,674,63,1011,27,329,775,3544,12,41281,25,517,640],"class_list":{"0":"post-613542","1":"post","2":"type-post","3":"status-publish","4":"format-standard","5":"has-post-thumbnail","7":"category-strasbourg","8":"tag-a-la-une","9":"tag-actu","10":"tag-actualites","11":"tag-alsace","12":"tag-bas-rhin","13":"tag-coupe-de-france-de-football","14":"tag-direct-sport","15":"tag-edition-strasbourg","16":"tag-eu","17":"tag-europe","18":"tag-football","19":"tag-fr","20":"tag-france","21":"tag-france-monde","22":"tag-grand-est","23":"tag-matchs-en-direct","24":"tag-news","25":"tag-racing-club-strasbourg-masculin","26":"tag-republique-francaise","27":"tag-sport","28":"tag-strasbourg"},"share_on_mastodon":{"url":"https:\/\/pubeurope.com\/@fr\/115756987657639863","error":""},"_links":{"self":[{"href":"https:\/\/www.europesays.com\/fr\/wp-json\/wp\/v2\/posts\/613542","targetHints":{"allow":["GET"]}}],"collection":[{"href":"https:\/\/www.europesays.com\/fr\/wp-json\/wp\/v2\/posts"}],"about":[{"href":"https:\/\/www.europesays.com\/fr\/wp-json\/wp\/v2\/types\/post"}],"author":[{"embeddable":true,"href":"https:\/\/www.europesays.com\/fr\/wp-json\/wp\/v2\/users\/2"}],"replies":[{"embeddable":true,"href":"https:\/\/www.europesays.com\/fr\/wp-json\/wp\/v2\/comments?post=613542"}],"version-history":[{"count":0,"href":"https:\/\/www.europesays.com\/fr\/wp-json\/wp\/v2\/posts\/613542\/revisions"}],"wp:featuredmedia":[{"embeddable":true,"href":"https:\/\/www.europesays.com\/fr\/wp-json\/wp\/v2\/media\/613543"}],"wp:attachment":[{"href":"https:\/\/www.europesays.com\/fr\/wp-json\/wp\/v2\/media?parent=613542"}],"wp:term":[{"taxonomy":"category","embeddable":true,"href":"https:\/\/www.europesays.com\/fr\/wp-json\/wp\/v2\/categories?post=613542"},{"taxonomy":"post_tag","embeddable":true,"href":"https:\/\/www.europesays.com\/fr\/wp-json\/wp\/v2\/tags?post=613542"}],"curies":[{"name":"wp","href":"https:\/\/api.w.org\/{rel}","templated":true}]}}