{"id":613544,"date":"2025-12-21T10:03:13","date_gmt":"2025-12-21T10:03:13","guid":{"rendered":"https:\/\/www.europesays.com\/fr\/613544\/"},"modified":"2025-12-21T10:03:13","modified_gmt":"2025-12-21T10:03:13","slug":"ce-quil-faut-savoir-de-la-79e-edition-du-bain-de-noel-de-nice","status":"publish","type":"post","link":"https:\/\/www.europesays.com\/fr\/613544\/","title":{"rendered":"ce qu&rsquo;il faut savoir de la 79e \u00e9dition du Bain de No\u00ebl de Nice"},"content":{"rendered":"<p>Ce dimanche 21 d\u00e9cembre, les volontaires sont invit\u00e9s \u00e0 participer \u00e0 une baignade dans l&rsquo;eau fra\u00eeche, en fin de matin\u00e9e. Des d\u00e9fil\u00e9s et animations se d\u00e9rouleront sur le sable.<\/p>\n<p>Durant <a href=\"https:\/\/www.bfmtv.com\/people\/noel-2025-5-idees-cadeaux-culturels-de-derniere-minute_AN-202512210021.html\" title=\"No\u00ebl 2025: 5 id\u00e9es cadeaux culturels de derni\u00e8re minute\" class=\"internal_link\" target=\"_blank\" rel=\"noopener\">les f\u00eates de fin d&rsquo;ann\u00e9e<\/a>, les traditions sont nombreuses. \u00c0 Nice, l&rsquo;une d&rsquo;entre elles est particuli\u00e8rement attendue: le Bain de No\u00ebl. Ce dimanche 21 d\u00e9cembre, les habitants pourront se jeter \u00e0 corps perdu dans une Mer M\u00e9diterran\u00e9e particuli\u00e8rement fra\u00eeche lors de la 79e \u00e9dition de l&rsquo;\u00e9v\u00e9nement.<\/p>\n<p>Une matin\u00e9e en f\u00eate<\/p>\n<p>Organis\u00e9e par la FSGT de la Ville de Nice, la journ\u00e9e sera rythm\u00e9e par divers \u00e9v\u00e9nements avant que les volontaires courageux ne se jettent \u00e0 l&rsquo;eau. \u00c0 10h 30, sur la plage de Ruhl, un d\u00e9fil\u00e9 des pointus sera r\u00e9alis\u00e9 avec les Bateliers de la Mouette.<\/p>\n<p>Quinze minutes plus tard, ils seront suivis par le d\u00e9fil\u00e9 des kayaks du Club de la Mer. Au m\u00eame moment, des pom-pom girls de la Floriane Dance Compagnie feront le show sur le sable.<\/p>\n<p>Une course de natation est ensuite attendue pour 11h15, avant que le grand bain populaire ne soit officiellement lanc\u00e9 \u00e0 11h45.<\/p>\n<p>Les bains de la r\u00e9gion ni\u00e7oise<\/p>\n<p>Dans la r\u00e9gion ni\u00e7oise, d&rsquo;autres communes se lanceront dans des festivit\u00e9s similaires. Un bain se tiendra \u00e0 Beaulieu-sur-Mer, sur la plage des fourmis, et \u00e0 Villefranche-sur-Mer, sur la plage des Marini\u00e8res, d\u00e8s 11 heures.<\/p>\n<p>Quelle que soit la localisation, les baigneurs affronteront une mer qui revendique une eau \u00e0 pr\u00e8s de 16\u00b0C. Un moment de fra\u00eecheur, qui rappelle que l&rsquo;eau est toujours reine dans la r\u00e9gion, y compris durant l&rsquo;hiver, avant d&rsquo;attaquer les festivit\u00e9s.<\/p>\n","protected":false},"excerpt":{"rendered":"Ce dimanche 21 d\u00e9cembre, les volontaires sont invit\u00e9s \u00e0 participer \u00e0 une baignade dans l&rsquo;eau fra\u00eeche, en fin&hellip;\n","protected":false},"author":2,"featured_media":613545,"comment_status":"","ping_status":"","sticky":false,"template":"","format":"standard","meta":{"footnotes":""},"categories":[2819],"tags":[1111,11,1777,674,1011,27,12,2401,882,25],"class_list":{"0":"post-613544","1":"post","2":"type-post","3":"status-publish","4":"format-standard","5":"has-post-thumbnail","7":"category-nice","8":"tag-actu","9":"tag-actualites","10":"tag-eu","11":"tag-europe","12":"tag-fr","13":"tag-france","14":"tag-news","15":"tag-nice","16":"tag-provence-alpes-cote-dazur","17":"tag-republique-francaise"},"share_on_mastodon":{"url":"https:\/\/pubeurope.com\/@fr\/115756990817068811","error":""},"_links":{"self":[{"href":"https:\/\/www.europesays.com\/fr\/wp-json\/wp\/v2\/posts\/613544","targetHints":{"allow":["GET"]}}],"collection":[{"href":"https:\/\/www.europesays.com\/fr\/wp-json\/wp\/v2\/posts"}],"about":[{"href":"https:\/\/www.europesays.com\/fr\/wp-json\/wp\/v2\/types\/post"}],"author":[{"embeddable":true,"href":"https:\/\/www.europesays.com\/fr\/wp-json\/wp\/v2\/users\/2"}],"replies":[{"embeddable":true,"href":"https:\/\/www.europesays.com\/fr\/wp-json\/wp\/v2\/comments?post=613544"}],"version-history":[{"count":0,"href":"https:\/\/www.europesays.com\/fr\/wp-json\/wp\/v2\/posts\/613544\/revisions"}],"wp:featuredmedia":[{"embeddable":true,"href":"https:\/\/www.europesays.com\/fr\/wp-json\/wp\/v2\/media\/613545"}],"wp:attachment":[{"href":"https:\/\/www.europesays.com\/fr\/wp-json\/wp\/v2\/media?parent=613544"}],"wp:term":[{"taxonomy":"category","embeddable":true,"href":"https:\/\/www.europesays.com\/fr\/wp-json\/wp\/v2\/categories?post=613544"},{"taxonomy":"post_tag","embeddable":true,"href":"https:\/\/www.europesays.com\/fr\/wp-json\/wp\/v2\/tags?post=613544"}],"curies":[{"name":"wp","href":"https:\/\/api.w.org\/{rel}","templated":true}]}}