{"id":613546,"date":"2025-12-21T10:04:15","date_gmt":"2025-12-21T10:04:15","guid":{"rendered":"https:\/\/www.europesays.com\/fr\/613546\/"},"modified":"2025-12-21T10:04:15","modified_gmt":"2025-12-21T10:04:15","slug":"un-homme-fait-une-chute-dans-un-commissariat-de-nice-ou-il-etait-en-garde-a-vue-une-enquete-ouverte","status":"publish","type":"post","link":"https:\/\/www.europesays.com\/fr\/613546\/","title":{"rendered":"Un homme fait une chute dans un commissariat de Nice o\u00f9 il \u00e9tait en garde \u00e0 vue, une enqu\u00eate ouverte"},"content":{"rendered":"<p>Le parquet de Nice a ouvert ce samedi 20 d\u00e9cembre une enqu\u00eate pour comprendre les circonstances de la chute d&rsquo;un Antibois, dont le pronostic vital est engag\u00e9. Il souffre de plusieurs fractures au dos, aux cervicales et au cr\u00e2ne.<\/p>\n<p>Un homme plac\u00e9 en garde \u00e0 vue au commissariat Auvare, \u00e0 Nice, pour <a href=\"https:\/\/www.bfmtv.com\/politique\/gouvernement\/apres-l-incendie-criminel-d-un-college-a-dijon-le-gouvernement-determine-a-lutter-contre-le-trafic-de-stupefiant_AV-202512150536.html\" title=\"Apr\u00e8s l&#039;incendie criminel d&#039;un coll\u00e8ge \u00e0 Dijon, le gouvernement &quot;d\u00e9termin\u00e9 \u00e0 lutter contre le trafic de stup\u00e9fiant&quot;\" class=\"internal_link\" target=\"_blank\" rel=\"noopener\">trafic de stup\u00e9fiants<\/a>, a fait une grave chute, son pronostic vital est engag\u00e9, rapporte <a href=\"https:\/\/www.nicematin.com\/faits-divers\/une-enquete-ouverte-apres-la-chute-d-un-homme-qui-etait-place-en-garde-a-vue-a-la-caserne-auvare-a-nice-10661702\" target=\"_blank\" class=\"external_link\" rel=\"noopener\">Nice-Matin<\/a> samedi 20 d\u00e9cembre.<\/p>\n<p>Une enqu\u00eate a \u00e9t\u00e9 ouverte samedi par le parquet de Nice \u00ab\u00a0pour recherche des causes des blessures de la personne plac\u00e9e en garde \u00e0 vue\u00a0\u00bb. Elle a \u00e9t\u00e9 confi\u00e9e \u00e0 la cellule d\u00e9ontologie de la Direction interminist\u00e9rielle de la police nationale des Alpes-Maritimes, a pr\u00e9cis\u00e9 le procureur de la R\u00e9publique adjoint de Nice, Maud Marty, \u00e0 nos confr\u00e8res.<\/p>\n<p>Plusieurs fractures<\/p>\n<p>Selon <a href=\"https:\/\/france3-regions.franceinfo.fr\/provence-alpes-cote-d-azur\/alpes-maritimes\/nice\/un-homme-en-garde-a-vue-fait-une-grave-chute-au-commissariat-de-nice-son-pronostic-vital-est-engage-3270053.html\" target=\"_blank\" class=\"external_link\" rel=\"noopener\">France 3<\/a>, le commissariat avait plac\u00e9 cet individu en garde \u00e0 vue le 15 d\u00e9cembre dernier \u00e0 la suite de son interpellation \u00e0 son domicile d&rsquo;Antibes.<\/p>\n<p>Toujours inconscient, il souffre de plusieurs fractures au cr\u00e2ne, au dos et aux cervicales et a \u00e9t\u00e9 pris en charge \u00e0 l&rsquo;h\u00f4pital Pasteur 2. Il se trouve au service de r\u00e9animation depuis le 17 d\u00e9cembre et doit \u00eatre op\u00e9r\u00e9, toujours selon France 3.<\/p>\n<p>La famille aurait \u00e9t\u00e9 inform\u00e9e tardivement des faits. D&rsquo;apr\u00e8s Nice-Matin, elle a d\u00e9clar\u00e9 que l&rsquo;\u00e9tat de leur proche est stable. Elle aurait \u00e9galement appris que la chute, estim\u00e9e \u00e0 six m\u00e8tres, se serait d\u00e9roul\u00e9e dans les escaliers.<\/p>\n","protected":false},"excerpt":{"rendered":"Le parquet de Nice a ouvert ce samedi 20 d\u00e9cembre une enqu\u00eate pour comprendre les circonstances de la&hellip;\n","protected":false},"author":2,"featured_media":613547,"comment_status":"","ping_status":"","sticky":false,"template":"","format":"standard","meta":{"footnotes":""},"categories":[2819],"tags":[1111,11,1777,674,1011,27,12,2401,882,25],"class_list":{"0":"post-613546","1":"post","2":"type-post","3":"status-publish","4":"format-standard","5":"has-post-thumbnail","7":"category-nice","8":"tag-actu","9":"tag-actualites","10":"tag-eu","11":"tag-europe","12":"tag-fr","13":"tag-france","14":"tag-news","15":"tag-nice","16":"tag-provence-alpes-cote-dazur","17":"tag-republique-francaise"},"share_on_mastodon":{"url":"https:\/\/pubeurope.com\/@fr\/115756994820994043","error":""},"_links":{"self":[{"href":"https:\/\/www.europesays.com\/fr\/wp-json\/wp\/v2\/posts\/613546","targetHints":{"allow":["GET"]}}],"collection":[{"href":"https:\/\/www.europesays.com\/fr\/wp-json\/wp\/v2\/posts"}],"about":[{"href":"https:\/\/www.europesays.com\/fr\/wp-json\/wp\/v2\/types\/post"}],"author":[{"embeddable":true,"href":"https:\/\/www.europesays.com\/fr\/wp-json\/wp\/v2\/users\/2"}],"replies":[{"embeddable":true,"href":"https:\/\/www.europesays.com\/fr\/wp-json\/wp\/v2\/comments?post=613546"}],"version-history":[{"count":0,"href":"https:\/\/www.europesays.com\/fr\/wp-json\/wp\/v2\/posts\/613546\/revisions"}],"wp:featuredmedia":[{"embeddable":true,"href":"https:\/\/www.europesays.com\/fr\/wp-json\/wp\/v2\/media\/613547"}],"wp:attachment":[{"href":"https:\/\/www.europesays.com\/fr\/wp-json\/wp\/v2\/media?parent=613546"}],"wp:term":[{"taxonomy":"category","embeddable":true,"href":"https:\/\/www.europesays.com\/fr\/wp-json\/wp\/v2\/categories?post=613546"},{"taxonomy":"post_tag","embeddable":true,"href":"https:\/\/www.europesays.com\/fr\/wp-json\/wp\/v2\/tags?post=613546"}],"curies":[{"name":"wp","href":"https:\/\/api.w.org\/{rel}","templated":true}]}}