{"id":613565,"date":"2025-12-21T10:17:15","date_gmt":"2025-12-21T10:17:15","guid":{"rendered":"https:\/\/www.europesays.com\/fr\/613565\/"},"modified":"2025-12-21T10:17:15","modified_gmt":"2025-12-21T10:17:15","slug":"un-jeune-homme-tue-par-balles-un-autre-blesse","status":"publish","type":"post","link":"https:\/\/www.europesays.com\/fr\/613565\/","title":{"rendered":"un jeune homme tu\u00e9 par balles, un autre bless\u00e9"},"content":{"rendered":"<p>                    Par<br \/>\n        <strong><br \/>\n            <a href=\"https:\/\/actu.fr\/auteur\/fabien-binacchi\" title=\"Consulter tous les articles de Fabien Binacchi\" target=\"_blank\" rel=\"noopener\">Fabien Binacchi<\/a><br \/>\n                    <\/strong><\/p>\n<p>        Publi\u00e9 le<\/p>\n<p>            21 d\u00e9c. 2025 \u00e0 10h53        <\/p>\n<p>Une nouvelle fusillade mortelle \u00e0 <a href=\"https:\/\/actu.fr\/marseille\/\" target=\"_blank\" rel=\"noopener\">Marseille.<\/a> Un jeune homme de 22\u00a0ans a \u00e9t\u00e9 tu\u00e9 par balle ce samedi 20\u00a0d\u00e9cembre 2025 <strong>dans les quartiers nord de la ville,<\/strong> a-t-on appris aupr\u00e8s des marins-pompiers et de la pr\u00e9fecture de police d\u00e9l\u00e9gu\u00e9e des <a href=\"https:\/\/actu.fr\/provence-alpes-cote-d-azur\/bouches-du-rhone_13\" target=\"_blank\" rel=\"noopener\">Bouches-du-Rh\u00f4ne.<\/a><\/p>\n<p class=\" wall-content\">Une autre personne a \u00e9t\u00e9 bless\u00e9e et s\u2019est pr\u00e9sent\u00e9e d\u2019elle-m\u00eame \u00e0 l\u2019h\u00f4pital.<\/p>\n<p>Des individus encapuchonn\u00e9s et circulant en voiture<\/p>\n<p class=\" wall-content\">En arr\u00eat cardiorespiratoire \u00e0 l\u2019arriv\u00e9e des secours, la victime, atteinte \u00e0 l\u2019abdomen et au thorax, a \u00e9t\u00e9 <strong>d\u00e9clar\u00e9e d\u00e9c\u00e9d\u00e9e par le m\u00e9decin<\/strong> de l\u2019ambulance de r\u00e9animation.<\/p>\n<p class=\" wall-content\">Les faits se sont produits vers 21\u2009h sur le boulevard Jourdan, au c\u0153ur du quartier du Mail, dans le 14e arrondissement de la ville. Le jeune homme a \u00e9t\u00e9 tu\u00e9 par des individus circulant en voiture. Selon <a href=\"https:\/\/www.laprovence.com\/article\/faits-divers-justice\/1108875031668815\/un-homme-abattu-a-la-kalachnikov-dans-le-14e-arrondissement-de-marseille-un-autre-blesse\" target=\"_blank\" rel=\"noopener\">La Provence,<\/a> il aurait \u00e9t\u00e9 atteint par des tirs de kalachnikov. D\u2019apr\u00e8s les premiers t\u00e9moignages, trois personnes encapuchonn\u00e9es ont \u00e9t\u00e9 aper\u00e7ues sur place.<\/p>\n<p>    <a href=\"https:\/\/www.google.com\/maps\/embed?pb=!1m18!1m12!1m3!1d2720.6888508475545!2d5.392257011495672!3d43.33376207099857!2m3!1f0!2f0!3f0!3m2!1i1024!2i768!4f13.1!3m3!1m2!1s0x12c9bf8a141f4689%3A0x4c679645db007f54!2sBd%20Jourdan%2C%2013014%20Marseille!5e1!3m2!1sfr!2sfr!4v1766310182901!5m2!1sfr!2sfr\" title=\"Ouvrie le lien\" target=\"_blank\" rel=\"noopener\">Cliquez ici pour visualiser le contenu<\/a><\/p>\n<p>La victime d\u00e9j\u00e0 connue de la police<\/p>\n<p class=\" wall-content\">Vers 22h30, un autre homme, bless\u00e9 au pied \u00e9galement par arme \u00e0 feu, s\u2019est pr\u00e9sent\u00e9 dans les services d\u2019urgences d\u2019un h\u00f4pital de la ville. Il a lui aussi \u00e9t\u00e9 victime d\u2019une fusillade dans le 14e, selon ses dires, sans apporter plus de pr\u00e9cisions.<\/p>\n<p class=\" wall-content\">La police judiciaire (PJ) de Marseille a \u00e9t\u00e9 saisie, a-t-on appris de la pr\u00e9fecture de police d\u00e9l\u00e9gu\u00e9e des Bouches-du-Rh\u00f4ne. <strong>La victime d\u00e9c\u00e9d\u00e9e<\/strong> \u00e9tait connue des forces de l\u2019ordre.<\/p>\n<p>Votre r\u00e9gion, votre actu !<\/p>\n<p>Recevez chaque jour les infos qui comptent pour vous.<\/p>\n<p>\t<a href=\"https:\/\/actu.fr\/newsletter\" class=\"ac-btn ac-btn--corner ac-btn--medium ac-btn--blue800\" target=\"_blank\" rel=\"noopener\">S&rsquo;incrire<\/a><br \/>\nLe 18e narchomicide de l\u2019ann\u00e9e\u2009?<\/p>\n<p class=\" wall-content\">Selon un d\u00e9compte de l\u2019AFP, et en ne tenant pas compte de ce nouvel homicide, 17\u00a0personnes ont perdu la vie dans <strong>des assassinats li\u00e9s au trafic de drogue<\/strong> depuis le d\u00e9but de l\u2019ann\u00e9e dans le d\u00e9partement des Bouches-du-Rh\u00f4ne.<\/p>\n<p class=\" wall-content\">Le 13\u00a0novembre, la mort de <strong>Mehdi Kessaci, 20\u00a0ans,<\/strong> petit fr\u00e8re du militant \u00e9cologiste et anti-narcotrafic Amine Kessaci, <a href=\"https:\/\/actu.fr\/provence-alpes-cote-d-azur\/marseille_13055\/meurtre-de-mehdi-kessaci-a-marseille-un-hommage-sous-haute-securite-des-milliers-de-personnes_63474714.html\" target=\"_blank\" rel=\"noopener\">a boulevers\u00e9 Marseille.<\/a><\/p>\n<p class=\" wall-content\"><strong>Avec AFP<\/strong><\/p>\n<p class=\" wall-content\">Personnalisez votre actualit\u00e9 en ajoutant vos villes et m\u00e9dias en favori avec <a href=\"https:\/\/moncompte.actu.fr\" title=\"D\u00e9couvez Mon Actu\" rel=\"nofollow noopener\" data-trk=\"{&quot;cta&quot;:{&quot;action&quot;:&quot;https:\\\/\\\/moncompte.actu.fr&quot;,&quot;category&quot;:&quot;mon compte&quot;,&quot;from&quot;:&quot;article footer&quot;,&quot;name&quot;:&quot;Mon actu&quot;,&quot;type&quot;:&quot;cta&quot;}}\" target=\"_blank\">Mon Actu<\/a>.<\/p>\n","protected":false},"excerpt":{"rendered":"Par Fabien Binacchi Publi\u00e9 le 21 d\u00e9c. 2025 \u00e0 10h53 Une nouvelle fusillade mortelle \u00e0 Marseille. Un jeune&hellip;\n","protected":false},"author":2,"featured_media":613566,"comment_status":"","ping_status":"","sticky":false,"template":"","format":"standard","meta":{"footnotes":""},"categories":[2814],"tags":[1111,11,1777,674,118,1011,27,17289,884,777,12,1072,882,25],"class_list":{"0":"post-613565","1":"post","2":"type-post","3":"status-publish","4":"format-standard","5":"has-post-thumbnail","7":"category-marseille","8":"tag-actu","9":"tag-actualites","10":"tag-eu","11":"tag-europe","12":"tag-faits-divers","13":"tag-fr","14":"tag-france","15":"tag-marin-pompier","16":"tag-marseille","17":"tag-meurtre","18":"tag-news","19":"tag-police","20":"tag-provence-alpes-cote-dazur","21":"tag-republique-francaise"},"share_on_mastodon":{"url":"https:\/\/pubeurope.com\/@fr\/115757045758984249","error":""},"_links":{"self":[{"href":"https:\/\/www.europesays.com\/fr\/wp-json\/wp\/v2\/posts\/613565","targetHints":{"allow":["GET"]}}],"collection":[{"href":"https:\/\/www.europesays.com\/fr\/wp-json\/wp\/v2\/posts"}],"about":[{"href":"https:\/\/www.europesays.com\/fr\/wp-json\/wp\/v2\/types\/post"}],"author":[{"embeddable":true,"href":"https:\/\/www.europesays.com\/fr\/wp-json\/wp\/v2\/users\/2"}],"replies":[{"embeddable":true,"href":"https:\/\/www.europesays.com\/fr\/wp-json\/wp\/v2\/comments?post=613565"}],"version-history":[{"count":0,"href":"https:\/\/www.europesays.com\/fr\/wp-json\/wp\/v2\/posts\/613565\/revisions"}],"wp:featuredmedia":[{"embeddable":true,"href":"https:\/\/www.europesays.com\/fr\/wp-json\/wp\/v2\/media\/613566"}],"wp:attachment":[{"href":"https:\/\/www.europesays.com\/fr\/wp-json\/wp\/v2\/media?parent=613565"}],"wp:term":[{"taxonomy":"category","embeddable":true,"href":"https:\/\/www.europesays.com\/fr\/wp-json\/wp\/v2\/categories?post=613565"},{"taxonomy":"post_tag","embeddable":true,"href":"https:\/\/www.europesays.com\/fr\/wp-json\/wp\/v2\/tags?post=613565"}],"curies":[{"name":"wp","href":"https:\/\/api.w.org\/{rel}","templated":true}]}}