{"id":613577,"date":"2025-12-21T10:24:15","date_gmt":"2025-12-21T10:24:15","guid":{"rendered":"https:\/\/www.europesays.com\/fr\/613577\/"},"modified":"2025-12-21T10:24:15","modified_gmt":"2025-12-21T10:24:15","slug":"les-annonces-dappartements-les-plus-cliquees-en-2025-ne-sont-pas-celles-que-lon-croit","status":"publish","type":"post","link":"https:\/\/www.europesays.com\/fr\/613577\/","title":{"rendered":"les annonces d&rsquo;appartements les plus cliqu\u00e9es en 2025 ne sont pas celles que l\u2019on croit"},"content":{"rendered":"<p>                    Par<br \/>\n        <strong><br \/>\n            <a href=\"https:\/\/actu.fr\/auteur\/thomas-martin\" title=\"Consulter tous les articles de Thomas Martin\" target=\"_blank\" rel=\"noopener\">Thomas Martin<\/a><br \/>\n                    <\/strong><\/p>\n<p>        Publi\u00e9 le<\/p>\n<p>            21 d\u00e9c. 2025 \u00e0 8h48        <\/p>\n<p>A Paris, le march\u00e9 de l\u2019<a href=\"https:\/\/actu.fr\/tag\/immobilier\" target=\"_blank\" rel=\"noopener\">immobilier<\/a> se redresse tr\u00e8s sagement avec une l\u00e9g\u00e8re reprise des volumes de ventes et des prix qui atteignent 9 700 \u20ac le m\u00b2 au 3e trimestre 2025 selon les derniers chiffres des notaires du <a href=\"https:\/\/actu.fr\/tag\/grand-paris\" target=\"_blank\" rel=\"noopener\">Grand Paris<\/a>. Apr\u00e8s une longue stagnation suivie d\u2019une hausse estivale, le prix au m\u00b2 devrait peu \u00e9voluer dans la capitale et rester inf\u00e9rieur \u00e0 9 700 \u20ac au m\u00b2 dans les prochains mois. Pour autant, les Parisiens continuent \u00e0 r\u00eaver. C\u2019est ce que r\u00e9v\u00e8le la r\u00e9trospective annuelle de <a href=\"https:\/\/aviv-brand.seloger.com\/api\/attachment\/download\/eyJibG9ja19yZWZlcmVuY2UiOm51bGwsImlkIjo1MjB9:se-loger-group:AFU3-N-FyhDEnW0nhFfecPFOPQQs83IY1q3FK-w5gKs\" target=\"_blank\" rel=\"noopener\">SeLoger<\/a>, bas\u00e9e sur des millions de clics analys\u00e9s entre janvier et novembre.\u00a0<\/p>\n<p>Paris, capitale des clics immobiliers<\/p>\n<p class=\" wall-content\">Parmi toutes les villes fran\u00e7aises de plus de 20 000 habitants, Paris est celle qui concentre le plus de clics pour les appartements \u00e0 vendre. Un r\u00e9sultat attendu au vu de son parc immobilier, mais r\u00e9v\u00e9lateur d\u2019un int\u00e9r\u00eat toujours aussi fort, m\u00eame dans un contexte de march\u00e9 tendu.<\/p>\n<p class=\" wall-content\">Alors que, partout en France, les annonces les plus consult\u00e9es sont celles affichant des prix nettement inf\u00e9rieurs au march\u00e9, Paris fait figure d\u2019exception.<br \/>L\u2019appartement le plus cliqu\u00e9 dans la capitale en 2025 est un bien haut-de-gamme de 160 m\u00b2, enti\u00e8rement r\u00e9nov\u00e9, affich\u00e9 \u00e0 3,995 millions d\u2019euros, rue Danielle Casanova dans le 1er arrondissement de la capitale, \u00e0 deux pas de la place Vend\u00f4me.\u00a0<\/p>\n<p class=\" wall-content\">Un bien situ\u00e9 au 2\u00e8me \u00e9tage d\u2019un immeuble du XVIIIe si\u00e8cle, enti\u00e8rement r\u00e9nov\u00e9 en 2023, dot\u00e9 d\u2019une hauteur sous plafond de 3 m\u00e8tres, d\u2019une vaste r\u00e9ception lumineuse de 84 m2, cuisine am\u00e9ricaine \u00e9quip\u00e9e, bureau et de deux suites parentales avec dressings et salles de bains.\u00a0<\/p>\n<p class=\" wall-content\">Malgr\u00e9 le prix inaccessible pour la plupart des acheteurs, forc\u00e9 de constater que cette annonce fascine, incarnant en quelque sorte le fantasme immobilier parisien : volumes rares, emplacement prestigieux, r\u00e9novation haut de gamme.<\/p>\n<p class=\" wall-content\"><a href=\"https:\/\/www.instagram.com\/reel\/DOgd4MqCP6L\/embed\" title=\"Ouvrir le lien sur Instagram\" target=\"_blank\" rel=\"noopener\">Visualiser le contenu sur Instagram<\/a><\/p>\n<p>Les biens les plus chers \u00e0 Paris<\/p>\n<p class=\" wall-content\">Cette attraction pour les biens hors norme se confirme avec les annonces les plus ch\u00e8res rep\u00e9r\u00e9es \u00e0 Paris en 2025, pass\u00e9es par SeLoger.<\/p>\n<p class=\" wall-content\">Entre un h\u00f4tel particulier \u00e0 15 millions d\u2019euros pr\u00e8s de la Madeleine et une propri\u00e9t\u00e9 de pr\u00e8s de 18 millions dans le quartier Vaneau-Babylone, on voit que Paris reste un terrain de jeu pour l\u2019immobilier ultra-premium.\u00a0<\/p>\n<p class=\" wall-content\">Personnalisez votre actualit\u00e9 en ajoutant vos villes et m\u00e9dias en favori avec <a href=\"https:\/\/moncompte.actu.fr\" title=\"D\u00e9couvez Mon Actu\" rel=\"nofollow noopener\" data-trk=\"{&quot;cta&quot;:{&quot;action&quot;:&quot;https:\\\/\\\/moncompte.actu.fr&quot;,&quot;category&quot;:&quot;mon compte&quot;,&quot;from&quot;:&quot;article footer&quot;,&quot;name&quot;:&quot;Mon actu&quot;,&quot;type&quot;:&quot;cta&quot;}}\" target=\"_blank\">Mon Actu<\/a>.<\/p>\n<p>                    <script async src=\"\/\/www.instagram.com\/embed.js\"><\/script><\/p>\n","protected":false},"excerpt":{"rendered":"Par Thomas Martin Publi\u00e9 le 21 d\u00e9c. 2025 \u00e0 8h48 A Paris, le march\u00e9 de l\u2019immobilier se redresse&hellip;\n","protected":false},"author":2,"featured_media":613578,"comment_status":"","ping_status":"","sticky":false,"template":"","format":"standard","meta":{"footnotes":""},"categories":[1888],"tags":[11,33,1777,674,1011,27,1116,12,626,25],"class_list":{"0":"post-613577","1":"post","2":"type-post","3":"status-publish","4":"format-standard","5":"has-post-thumbnail","7":"category-paris","8":"tag-actualites","9":"tag-economie","10":"tag-eu","11":"tag-europe","12":"tag-fr","13":"tag-france","14":"tag-immobilier","15":"tag-news","16":"tag-paris","17":"tag-republique-francaise"},"share_on_mastodon":{"url":"https:\/\/pubeurope.com\/@fr\/115757073401838714","error":""},"_links":{"self":[{"href":"https:\/\/www.europesays.com\/fr\/wp-json\/wp\/v2\/posts\/613577","targetHints":{"allow":["GET"]}}],"collection":[{"href":"https:\/\/www.europesays.com\/fr\/wp-json\/wp\/v2\/posts"}],"about":[{"href":"https:\/\/www.europesays.com\/fr\/wp-json\/wp\/v2\/types\/post"}],"author":[{"embeddable":true,"href":"https:\/\/www.europesays.com\/fr\/wp-json\/wp\/v2\/users\/2"}],"replies":[{"embeddable":true,"href":"https:\/\/www.europesays.com\/fr\/wp-json\/wp\/v2\/comments?post=613577"}],"version-history":[{"count":0,"href":"https:\/\/www.europesays.com\/fr\/wp-json\/wp\/v2\/posts\/613577\/revisions"}],"wp:featuredmedia":[{"embeddable":true,"href":"https:\/\/www.europesays.com\/fr\/wp-json\/wp\/v2\/media\/613578"}],"wp:attachment":[{"href":"https:\/\/www.europesays.com\/fr\/wp-json\/wp\/v2\/media?parent=613577"}],"wp:term":[{"taxonomy":"category","embeddable":true,"href":"https:\/\/www.europesays.com\/fr\/wp-json\/wp\/v2\/categories?post=613577"},{"taxonomy":"post_tag","embeddable":true,"href":"https:\/\/www.europesays.com\/fr\/wp-json\/wp\/v2\/tags?post=613577"}],"curies":[{"name":"wp","href":"https:\/\/api.w.org\/{rel}","templated":true}]}}