{"id":613589,"date":"2025-12-21T10:34:13","date_gmt":"2025-12-21T10:34:13","guid":{"rendered":"https:\/\/www.europesays.com\/fr\/613589\/"},"modified":"2025-12-21T10:34:13","modified_gmt":"2025-12-21T10:34:13","slug":"cette-guerre-psychologique-que-vladimir-poutine-mene-contre-leurope","status":"publish","type":"post","link":"https:\/\/www.europesays.com\/fr\/613589\/","title":{"rendered":"Cette guerre psychologique que Vladimir Poutine m\u00e8ne contre l\u2019Europe"},"content":{"rendered":"<p><strong>Docteur \u00e8s-\u00e9tudes slaves des Langues Orientales, H\u00e9l\u00e8ne Blanc<\/strong>\u00a0est russologue. \u00a0Auteur d&rsquo;une vingtaine d&rsquo;ouvrages sur l&rsquo;Union sovi\u00e9tique et la Russie contemporaine, dont certains cosign\u00e9s avec la politologue moldave Renata Lesnik, \u00a0ses derniers opus \u00a0s&rsquo;intitulent :<\/p>\n<p>Les Pr\u00e9dateurs du Kremlin, 1917-2009,\u00a0Le Seuil, 2009<\/p>\n<p>Russia Blues, Ginkgo \u00e9diteur, 2012<\/p>\n<p>Bons baisers de Moscou, Ginkgo \u00e9diteur, 2022, avec Claude Andr\u00e9<\/p>\n<p>En 2015, elle a dirig\u00e9 l&rsquo;ouvrage collectif :\u00a0\u00bbGoodbye, Poutine\u00a0\u00bb, chez Ginkgo \u00e9diteur, qui comporte trois parties : l&rsquo;UE &#8211; la Russie &#8211; l&rsquo;Ukraine. Et permet de mieux comprendre le dessous des cartes.<\/p>\n","protected":false},"excerpt":{"rendered":"Docteur \u00e8s-\u00e9tudes slaves des Langues Orientales, H\u00e9l\u00e8ne Blanc\u00a0est russologue. \u00a0Auteur d&rsquo;une vingtaine d&rsquo;ouvrages sur l&rsquo;Union sovi\u00e9tique et la&hellip;\n","protected":false},"author":2,"featured_media":613590,"comment_status":"","ping_status":"","sticky":false,"template":"","format":"standard","meta":{"footnotes":""},"categories":[1586],"tags":[11,672,8254,75,73,1777,674,1011,27,131,4998,12,136,25,132,135],"class_list":{"0":"post-613589","1":"post","2":"type-post","3":"status-publish","4":"format-standard","5":"has-post-thumbnail","7":"category-europe","8":"tag-actualites","9":"tag-allemagne","10":"tag-discours","11":"tag-donald-trump","12":"tag-etats-unis","13":"tag-eu","14":"tag-europe","15":"tag-fr","16":"tag-france","17":"tag-guerre-en-ukraine","18":"tag-kremlin","19":"tag-news","20":"tag-otan","21":"tag-republique-francaise","22":"tag-russie","23":"tag-vladimir-poutine"},"share_on_mastodon":{"url":"https:\/\/pubeurope.com\/@fr\/115757112673460924","error":""},"_links":{"self":[{"href":"https:\/\/www.europesays.com\/fr\/wp-json\/wp\/v2\/posts\/613589","targetHints":{"allow":["GET"]}}],"collection":[{"href":"https:\/\/www.europesays.com\/fr\/wp-json\/wp\/v2\/posts"}],"about":[{"href":"https:\/\/www.europesays.com\/fr\/wp-json\/wp\/v2\/types\/post"}],"author":[{"embeddable":true,"href":"https:\/\/www.europesays.com\/fr\/wp-json\/wp\/v2\/users\/2"}],"replies":[{"embeddable":true,"href":"https:\/\/www.europesays.com\/fr\/wp-json\/wp\/v2\/comments?post=613589"}],"version-history":[{"count":0,"href":"https:\/\/www.europesays.com\/fr\/wp-json\/wp\/v2\/posts\/613589\/revisions"}],"wp:featuredmedia":[{"embeddable":true,"href":"https:\/\/www.europesays.com\/fr\/wp-json\/wp\/v2\/media\/613590"}],"wp:attachment":[{"href":"https:\/\/www.europesays.com\/fr\/wp-json\/wp\/v2\/media?parent=613589"}],"wp:term":[{"taxonomy":"category","embeddable":true,"href":"https:\/\/www.europesays.com\/fr\/wp-json\/wp\/v2\/categories?post=613589"},{"taxonomy":"post_tag","embeddable":true,"href":"https:\/\/www.europesays.com\/fr\/wp-json\/wp\/v2\/tags?post=613589"}],"curies":[{"name":"wp","href":"https:\/\/api.w.org\/{rel}","templated":true}]}}