{"id":613655,"date":"2025-12-21T11:25:19","date_gmt":"2025-12-21T11:25:19","guid":{"rendered":"https:\/\/www.europesays.com\/fr\/613655\/"},"modified":"2025-12-21T11:25:19","modified_gmt":"2025-12-21T11:25:19","slug":"nice-accepte-sa-defaite-contre-lasse","status":"publish","type":"post","link":"https:\/\/www.europesays.com\/fr\/613655\/","title":{"rendered":"Nice accepte sa d\u00e9faite contre l&rsquo;ASSE"},"content":{"rendered":"<p><b>Battu lors de ses 9 derniers matchs toutes comp\u00e9titions confondues, Nice a l&rsquo;occasion de se relancer dimanche en affrontant l&rsquo;AS Saint-Etienne (L2) en coupe. Une rencontre \u00e0 la port\u00e9e des Aiglons&#8230;sauf pour le pr\u00e9sident Jean-Pierre Riv\u00e8re.<\/b><\/p>\n<p>Jouer un match de <a href=\"https:\/\/www.foot01.com\/coupe-de-france\" title=\"Coupe de France\" target=\"_blank\" rel=\"noopener\">coupe de France<\/a> avant la tr\u00eave, c&rsquo;est une id\u00e9e mod\u00e9r\u00e9ment appr\u00e9ci\u00e9e par les clubs. Elle a n\u00e9anmoins un avantage, celle de finir sur une note positive avant deux semaines d&rsquo;arr\u00eat. L&rsquo;<a href=\"https:\/\/www.foot01.com\/nice\" target=\"_self\" rel=\"noopener\">OGC Nice<\/a> serait inspir\u00e9 de sauter sur l&rsquo;occasion. Les Aiglons connaissent une grave crise sportive apr\u00e8s 9 d\u00e9faites de rang toutes comp\u00e9titions confondues. 13e de Ligue 1, le club azur\u00e9en a vu son pr\u00e9sident Fabrice Bocquet jeter l&rsquo;\u00e9ponge dans la semaine. Il a \u00e9t\u00e9 remplac\u00e9 par son pr\u00e9d\u00e9cesseur au poste Jean-Pierre Riv\u00e8re, revenu au club avec Maurice Cohen pour une mission commando.Nice accepte d\u00e9j\u00e0 la d\u00e9faite en coupeLes deux anciens pr\u00e9sidents du Gym reviennent sauver leur club de c\u0153ur. S&rsquo;ils affichent un bon bilan sportif lors de leurs mandats pass\u00e9s, ils ont pourtant affich\u00e9 un discours d\u00e9faitiste d\u00e8s leur arriv\u00e9e. Alors que Nice accueille <a href=\"https:\/\/www.foot01.com\/st-etienne\" target=\"_self\" rel=\"noopener\">Saint-Etienne<\/a> ce dimanche en 32e de finale de la Coupe de France, Jean-Pierre Riv\u00e8re ne demandait m\u00eame pas un succ\u00e8s \u00e0 ses joueurs. Une d\u00e9faite \u00e0 domicile contre le deuxi\u00e8me de Ligue 2 ne le g\u00eane absolument pas.\u00ab On ne va pas gagner peut-\u00eatre dimanche. Mais ce n\u2019est pas<br \/>\ngrave. L\u2019objectif\u2026 bien s\u00fbr qu\u2019on a tous envie de gagner<br \/>\ndimanche. Mais l\u2019objectif, c\u2019est le maintien \u00bb, a t-il l\u00e2ch\u00e9 en conf\u00e9rence de presse. Des paroles qui ont choqu\u00e9 certains supporters ni\u00e7ois et mis en lumi\u00e8re la grande crise de confiance qui frappe l&rsquo;OGCN en interne. Cela peut aussi galvaniser l&rsquo;<a href=\"https:\/\/www.foot01.com\/st-etienne\" title=\"ASSE\" target=\"_blank\" rel=\"noopener\">ASSE<\/a> m\u00eame si son entra\u00eeneur Eirik Horneland est aussi dans la temp\u00eate. Un revers dimanche pourrait sceller l&rsquo;avenir du Norv\u00e9gien sur le banc des Verts.<img decoding=\"async\" class=\"w-6 h-6\" src=\"https:\/\/www.europesays.com\/fr\/wp-content\/uploads\/2025\/12\/307.png\" alt=\"\"\/>Coupe de France21 d\u00e9cembre 2025 \u00e0 14:45<\/p>\n","protected":false},"excerpt":{"rendered":"Battu lors de ses 9 derniers matchs toutes comp\u00e9titions confondues, Nice a l&rsquo;occasion de se relancer dimanche en&hellip;\n","protected":false},"author":2,"featured_media":613656,"comment_status":"","ping_status":"","sticky":false,"template":"","format":"standard","meta":{"footnotes":""},"categories":[2819],"tags":[1111,11,461,83,1777,674,1011,27,12,2401,2268,882,25],"class_list":{"0":"post-613655","1":"post","2":"type-post","3":"status-publish","4":"format-standard","5":"has-post-thumbnail","7":"category-nice","8":"tag-actu","9":"tag-actualites","10":"tag-asse","11":"tag-coupe-de-france","12":"tag-eu","13":"tag-europe","14":"tag-fr","15":"tag-france","16":"tag-news","17":"tag-nice","18":"tag-ogc-nice","19":"tag-provence-alpes-cote-dazur","20":"tag-republique-francaise"},"share_on_mastodon":{"url":"https:\/\/pubeurope.com\/@fr\/115757314020948370","error":""},"_links":{"self":[{"href":"https:\/\/www.europesays.com\/fr\/wp-json\/wp\/v2\/posts\/613655","targetHints":{"allow":["GET"]}}],"collection":[{"href":"https:\/\/www.europesays.com\/fr\/wp-json\/wp\/v2\/posts"}],"about":[{"href":"https:\/\/www.europesays.com\/fr\/wp-json\/wp\/v2\/types\/post"}],"author":[{"embeddable":true,"href":"https:\/\/www.europesays.com\/fr\/wp-json\/wp\/v2\/users\/2"}],"replies":[{"embeddable":true,"href":"https:\/\/www.europesays.com\/fr\/wp-json\/wp\/v2\/comments?post=613655"}],"version-history":[{"count":0,"href":"https:\/\/www.europesays.com\/fr\/wp-json\/wp\/v2\/posts\/613655\/revisions"}],"wp:featuredmedia":[{"embeddable":true,"href":"https:\/\/www.europesays.com\/fr\/wp-json\/wp\/v2\/media\/613656"}],"wp:attachment":[{"href":"https:\/\/www.europesays.com\/fr\/wp-json\/wp\/v2\/media?parent=613655"}],"wp:term":[{"taxonomy":"category","embeddable":true,"href":"https:\/\/www.europesays.com\/fr\/wp-json\/wp\/v2\/categories?post=613655"},{"taxonomy":"post_tag","embeddable":true,"href":"https:\/\/www.europesays.com\/fr\/wp-json\/wp\/v2\/tags?post=613655"}],"curies":[{"name":"wp","href":"https:\/\/api.w.org\/{rel}","templated":true}]}}