{"id":613714,"date":"2025-12-21T12:08:14","date_gmt":"2025-12-21T12:08:14","guid":{"rendered":"https:\/\/www.europesays.com\/fr\/613714\/"},"modified":"2025-12-21T12:08:14","modified_gmt":"2025-12-21T12:08:14","slug":"louane-et-sa-surprise-en-musique-ratee-pour-sa-fille-maman-trop-decue","status":"publish","type":"post","link":"https:\/\/www.europesays.com\/fr\/613714\/","title":{"rendered":"Louane et sa surprise en musique rat\u00e9e pour sa fille : \u00ab\u00a0Maman trop d\u00e9\u00e7ue\u00a0\u00bb"},"content":{"rendered":"<p>Par <a class=\"author_recette\" id=\"author_name\" href=\"https:\/\/www.nextplz.fr\/auteur\/camille-mutin\" target=\"_blank\" rel=\"noopener\">Camille<br \/>\nMutin<\/a> &#8211;<br \/>\nPubli\u00e9 le 21 D\u00e9c 2025 \u00e0<br \/>\n12:30<\/p>\n<p class=\"article-intro excerpt\">Lors d\u2019une interview, Louane a<br \/>\nracont\u00e9 une r\u00e9cente d\u00e9ception : sa fille a \u00e9t\u00e9 d\u00e9\u00e7ue par l\u2019une de<br \/>\nses chansons.<\/p>\n<p><img width=\"750\" height=\"410\" src=\"data:image\/svg+xml,%3Csvg%20xmlns=\" http:=\"\" class=\"img-responsive alignnone size-full pinit-here zoom-it\" alt=\"Louane et sa surprise en musique rat\u00e9e pour sa fille : \" maman=\"\" trop=\"\" d=\"\" fetchpriority=\"high\" data-lazyloading=\"false\" decoding=\"async\" data-lazy-src=\"https:\/\/www.europesays.com\/fr\/wp-content\/uploads\/2025\/12\/design-sans-titre-2-1-750x410.jpg\"\/><\/p>\n<p>\u00a9 Shutterstock<\/p>\n<p>\u00c0 seulement 29 ans, Louane est une artiste reconnue, fianc\u00e9e et<br \/>\nmaman d\u00a0\u00bbune petite fille adorable. La jeune femme revient de loin<br \/>\net a travers\u00e9 des \u00e9preuves extr\u00eamement difficiles en montrant un<br \/>\ncourage exemplaire. Aujourd&rsquo;hui, elle se dit heureuse et \u00e9panouie,<br \/>\nmais continue de travailler sur elle-m\u00eame. <a href=\"https:\/\/www.gala.fr\/l_actu\/news_de_stars\/louane-suivie-depuis-la-naissance-de-sa-fille-jai-recommence-a-aller-en-therapie_519466\" target=\"_blank\" rel=\"noopener\"><br \/>\nComme l&rsquo;indique Gala,<\/a> l&rsquo;interpr\u00e8te de Maman a<br \/>\nconfi\u00e9 : \u00ab\u00a0J\u2019ai recommenc\u00e9 \u00e0 aller en th\u00e9rapie quand elle est<br \/>\nn\u00e9e, parce que je me suis dit : \u00e0 aucun moment, je ne veux que mes<br \/>\nn\u00e9vroses se posent sur elle (\u2026) Donc c&rsquo;est s\u00fbr que tu apprends \u00e0<br \/>\ngrandir quand tu as un enfant. Aujourd&rsquo;hui, ma priorit\u00e9 dans la<br \/>\nvie, m\u00eame si parfois j&rsquo;ai la flemme, je ne vais pas mentir, \u00e7a<br \/>\nreste de faire en sorte qu&rsquo;elle soit toujours bien. Et ce n&rsquo;est pas<br \/>\nfacile.\u00a0\u00bb R\u00e9cemment, Louane a repris une <a href=\"https:\/\/www.nextplz.fr\/people\/522156-louane-rend-hommage-johnny-hallyday-chanson-merveille\" target=\"_blank\" rel=\"noopener\"><br \/>\nc\u00e9l\u00e8bre chanson de Johnny Hallyday<\/a>, et a souhait\u00e9 faire une<br \/>\nsurprise \u00e0 sa fille Esm\u00e9e&#8230; Mais tout ne s&rsquo;est pas pass\u00e9 comme<br \/>\npr\u00e9vu ! On vous explique.<\/p>\n<p>L&rsquo;h\u00e9ritage Johnny Hallyday<\/p>\n<p>Dans Le Double Expresso RTL2, Louane a fait<br \/>\nquelques confidences sur la maternit\u00e9 et sur son quotidien magique<br \/>\navec sa fille. L&rsquo;artiste \u00e9tait faite pour \u00eatre maman, et si elle<br \/>\npr\u00e9serve l&rsquo;identit\u00e9 de sa fille, elle raconte souvent quelques<br \/>\nanecdotes attendrissantes&#8230; Face aux chroniqueurs Gr\u00e9gory<br \/>\nAscher\u00a0et\u00a0Erika Moulet, la m\u00e8re d&rsquo;Esm\u00e9e \u00e9voque sa prise<br \/>\nde la chanson Gabrielle, par Johnny Hallyday : \u00ab\u00a0C&rsquo;est l&rsquo;une des<br \/>\nchansons pr\u00e9f\u00e9r\u00e9es de ma vie. Tr\u00e8s vite j&rsquo;ai voulu lui faire<br \/>\n\u00e9couter des chansons de Johnny parce que c&rsquo;est l&rsquo;h\u00e9ritage de ma<br \/>\nfamille, c&rsquo;est hyper important. Mon p\u00e8re \u00e9tait compl\u00e8tement fan,<br \/>\nmoi j&rsquo;ai d&rsquo;\u00e9normes attaches \u00e0 Johnny Hallyday.\u00a0\u00bb Louane<br \/>\npoursuit en parlant de sa fille : \u00ab\u00a0Elle avait un petit amoureux<br \/>\nqui s&rsquo;appelait Gabriel. Et du coup c&rsquo;est devenu sa chanson<br \/>\npr\u00e9f\u00e9r\u00e9e, et c&rsquo;est rest\u00e9 sa chanson pr\u00e9f\u00e9r\u00e9e m\u00eame si c&rsquo;est pas<br \/>\nrest\u00e9 son amoureux.\u00a0\u00bb L&rsquo;artiste a alors voulu lui faire une<br \/>\nsurprise&#8230; On vous en dit plus.<\/p>\n<blockquote class=\"instagram-media\" data-instgrm-captioned=\"\" data-instgrm-permalink=\"https:\/\/www.instagram.com\/reel\/DScXPUdiA2b\/?utm_source=ig_embed&amp;utm_campaign=loading\" data-instgrm-version=\"14\" style=\"background:#FFF; border:0; border-radius:3px; box-shadow:0 0 1px 0 rgba(0,0,0,0.5),0 1px 10px 0 rgba(0,0,0,0.15); margin: 1px; max-width:540px; min-width:326px; padding:0; width:99.375%; width:-webkit-calc(100% - 2px); width:calc(100% - 2px);\">\n<\/blockquote>\n<p>Louane : \u00ab\u00a0Elle a pas<br \/>\nreconnu la chanson\u00a0\u00bb<\/p>\n<p>Toujours au micro de RTL2, <a href=\"https:\/\/www.instagram.com\/watchoutforthetornado\/?hl=fr\" target=\"_blank\" rel=\"noopener\">Louane<\/a> poursuit : \u00ab\u00a0Du coup je d\u00e9cide de faire<br \/>\ncette reprise-l\u00e0 pour lui faire une surprise&#8230; Je lui ai fait<br \/>\n\u00e9couter quand c&rsquo;est sorti, et elle a pas reconnu la chanson.\u00a0\u00bb<br \/>\nErika Moulet montre sa d\u00e9ception et appuie : \u00ab\u00a0Oh non ! Et maman<br \/>\ntrop d\u00e9\u00e7ue !\u00a0\u00bb La chanteuse rench\u00e9rit : \u00ab\u00a0Je me suis dit :<br \/>\n&lsquo;Super ! Top la surprise !&rsquo; Et en m\u00eame temps, je comprends.\u00a0\u00bb<br \/>\nTout ne s&rsquo;est certes pas d\u00e9roul\u00e9 comme pr\u00e9vu, mais Louane<br \/>\nl&rsquo;affirme, sa fille Esm\u00e9e est tr\u00e8s fi\u00e8re d&rsquo;elle et est d\u00e9j\u00e0 une<br \/>\ngrande fan de musique ! Peut-\u00eatre appr\u00e9ciera t-elle la reprise de<br \/>\nsa maman dans quelques ann\u00e9es&#8230; Affaire \u00e0 suivre.<\/p>\n<p><script async src=\"\/\/www.instagram.com\/embed.js\"><\/script><\/p>\n","protected":false},"excerpt":{"rendered":"Par Camille Mutin &#8211; Publi\u00e9 le 21 D\u00e9c 2025 \u00e0 12:30 Lors d\u2019une interview, Louane a racont\u00e9 une&hellip;\n","protected":false},"author":2,"featured_media":613715,"comment_status":"","ping_status":"","sticky":false,"template":"","format":"standard","meta":{"footnotes":""},"categories":[1359],"tags":[58,59,1011,27,973],"class_list":{"0":"post-613714","1":"post","2":"type-post","3":"status-publish","4":"format-standard","5":"has-post-thumbnail","7":"category-people","8":"tag-divertissement","9":"tag-entertainment","10":"tag-fr","11":"tag-france","12":"tag-people"},"share_on_mastodon":{"url":"https:\/\/pubeurope.com\/@fr\/115757482389221349","error":""},"_links":{"self":[{"href":"https:\/\/www.europesays.com\/fr\/wp-json\/wp\/v2\/posts\/613714","targetHints":{"allow":["GET"]}}],"collection":[{"href":"https:\/\/www.europesays.com\/fr\/wp-json\/wp\/v2\/posts"}],"about":[{"href":"https:\/\/www.europesays.com\/fr\/wp-json\/wp\/v2\/types\/post"}],"author":[{"embeddable":true,"href":"https:\/\/www.europesays.com\/fr\/wp-json\/wp\/v2\/users\/2"}],"replies":[{"embeddable":true,"href":"https:\/\/www.europesays.com\/fr\/wp-json\/wp\/v2\/comments?post=613714"}],"version-history":[{"count":0,"href":"https:\/\/www.europesays.com\/fr\/wp-json\/wp\/v2\/posts\/613714\/revisions"}],"wp:featuredmedia":[{"embeddable":true,"href":"https:\/\/www.europesays.com\/fr\/wp-json\/wp\/v2\/media\/613715"}],"wp:attachment":[{"href":"https:\/\/www.europesays.com\/fr\/wp-json\/wp\/v2\/media?parent=613714"}],"wp:term":[{"taxonomy":"category","embeddable":true,"href":"https:\/\/www.europesays.com\/fr\/wp-json\/wp\/v2\/categories?post=613714"},{"taxonomy":"post_tag","embeddable":true,"href":"https:\/\/www.europesays.com\/fr\/wp-json\/wp\/v2\/tags?post=613714"}],"curies":[{"name":"wp","href":"https:\/\/api.w.org\/{rel}","templated":true}]}}